{"id":4162,"date":"2025-05-09T18:55:27","date_gmt":"2025-05-09T21:55:27","guid":{"rendered":"https:\/\/dogtagclan.com.br\/blog\/?p=4162"},"modified":"2025-05-09T18:55:28","modified_gmt":"2025-05-09T21:55:28","slug":"%f0%9f%87%a7%f0%9f%87%b7-marinha-na-avenida-brasil-honra-historia-e-homenagens-gravadas-no-aco","status":"publish","type":"post","link":"https:\/\/dogtagclan.com.br\/blog\/%f0%9f%87%a7%f0%9f%87%b7-marinha-na-avenida-brasil-honra-historia-e-homenagens-gravadas-no-aco\/","title":{"rendered":"\ud83c\udde7\ud83c\uddf7 Marinha na Avenida Brasil: Honra, Hist\u00f3ria e Homenagens Gravadas no A\u00e7o"},"content":{"rendered":"\n<p><strong>Voc\u00ea viu ou ouviu falar da Marinha na Avenida Brasil?<\/strong><br>A imagem dos fuzileiros, das viaturas militares e do respeito \u00e0 farda impressiona e desperta emo\u00e7\u00e3o \u2014 principalmente em quem j\u00e1 serviu ou admira as For\u00e7as Armadas.<\/p>\n\n\n\n<p>Mas essa presen\u00e7a n\u00e3o \u00e9 apenas visual. Ela carrega <strong>uma hist\u00f3ria de entrega, sacrif\u00edcio e patriotismo<\/strong>, que merece ser lembrada, celebrada e, por que n\u00e3o&#8230; <strong>gravada no a\u00e7o<\/strong>.<\/p>\n\n\n\n<figure class=\"wp-block-image size-large is-resized\"><img decoding=\"async\" width=\"768\" height=\"1024\" src=\"https:\/\/dogtagclan.com.br\/blog\/wp-content\/uploads\/2025\/05\/dog-tag-alto-relevo-aco-1-768x1024.jpg\" alt=\"\" class=\"wp-image-4105\" style=\"width:293px;height:auto\" srcset=\"https:\/\/dogtagclan.com.br\/blog\/wp-content\/uploads\/2025\/05\/dog-tag-alto-relevo-aco-1-768x1024.jpg 768w, https:\/\/dogtagclan.com.br\/blog\/wp-content\/uploads\/2025\/05\/dog-tag-alto-relevo-aco-1-225x300.jpg 225w, https:\/\/dogtagclan.com.br\/blog\/wp-content\/uploads\/2025\/05\/dog-tag-alto-relevo-aco-1-640x853.jpg 640w, https:\/\/dogtagclan.com.br\/blog\/wp-content\/uploads\/2025\/05\/dog-tag-alto-relevo-aco-1-150x200.jpg 150w, https:\/\/dogtagclan.com.br\/blog\/wp-content\/uploads\/2025\/05\/dog-tag-alto-relevo-aco-1.jpg 960w\" sizes=\"(max-width: 768px) 100vw, 768px\" \/><\/figure>\n\n\n\n<hr class=\"wp-block-separator has-alpha-channel-opacity\"\/>\n\n\n\n<h2 class=\"wp-block-heading\" id=\"h-marinha-na-avenida-brasil-mais-do-que-uma-passagem\">\ud83c\udf0a Marinha na Avenida Brasil: Mais do Que Uma Passagem<\/h2>\n\n\n\n<p>A <strong>Avenida Brasil<\/strong>, no Rio de Janeiro, \u00e9 uma das vias mais importantes do pa\u00eds. E quando a Marinha passa por l\u00e1, seja em comboios, desfiles, treinamentos ou movimenta\u00e7\u00f5es especiais, algo muda no ar:<\/p>\n\n\n\n<ul>\n<li>A popula\u00e7\u00e3o para para observar.<\/li>\n\n\n\n<li>Fotos s\u00e3o tiradas.<\/li>\n\n\n\n<li>A nostalgia bate para quem j\u00e1 viveu o quartel.<\/li>\n<\/ul>\n\n\n\n<p>Essa cena representa mais do que um trajeto militar: <strong>representa hist\u00f3ria viva<\/strong>.<\/p>\n\n\n\n<figure class=\"wp-block-image size-full is-resized\"><img decoding=\"async\" width=\"768\" height=\"1024\" src=\"https:\/\/dogtagclan.com.br\/blog\/wp-content\/uploads\/2025\/04\/bdogtag-frase-1.jpg\" alt=\"\" class=\"wp-image-3851\" style=\"width:354px;height:auto\" srcset=\"https:\/\/dogtagclan.com.br\/blog\/wp-content\/uploads\/2025\/04\/bdogtag-frase-1.jpg 768w, https:\/\/dogtagclan.com.br\/blog\/wp-content\/uploads\/2025\/04\/bdogtag-frase-1-225x300.jpg 225w, https:\/\/dogtagclan.com.br\/blog\/wp-content\/uploads\/2025\/04\/bdogtag-frase-1-640x853.jpg 640w, https:\/\/dogtagclan.com.br\/blog\/wp-content\/uploads\/2025\/04\/bdogtag-frase-1-150x200.jpg 150w\" sizes=\"(max-width: 768px) 100vw, 768px\" \/><\/figure>\n\n\n\n<hr class=\"wp-block-separator has-alpha-channel-opacity\"\/>\n\n\n\n<h2 class=\"wp-block-heading\" id=\"h-hist-rias-que-merecem-ser-gravadas\">\ud83e\ude96 Hist\u00f3rias Que Merecem Ser Gravadas<\/h2>\n\n\n\n<p>Muitos brasileiros serviram ou tiveram familiares na Marinha. Outros sonharam com a farda azul. E alguns, mesmo sem ter servido, <strong>respeitam profundamente o trabalho dos militares navais<\/strong>.<\/p>\n\n\n\n<p>\u00c9 por isso que a <strong>DogTagClan<\/strong>, loja online especializada em dog tags personalizadas, oferece:<\/p>\n\n\n\n<p>\u2705 <strong>Dog Tags com bras\u00f5es, frases, datas e nomes da Marinha<\/strong><br>\u2705 <strong>Grava\u00e7\u00e3o frente e verso<\/strong> \u2013 com textos, imagens ou s\u00edmbolos religiosos<br>\u2705 <strong>Grava\u00e7\u00e3o em alto relevo ou ponta de diamante<\/strong><br>\u2705 <strong>Correntes de a\u00e7o inox, resistentes e estilosas<\/strong><br>\u2705 <strong>Envio para todo o Brasil<\/strong><\/p>\n\n\n\n<p>\ud83d\udc49 Acesse agora: <a class=\"\" href=\"https:\/\/www.dogtagclan.com.br\">www.dogtagclan.com.br<\/a><\/p>\n\n\n\n<hr class=\"wp-block-separator has-alpha-channel-opacity\"\/>\n\n\n\n<h2 class=\"wp-block-heading\" id=\"h-homenageie-quem-serviu-ou-a-si-mesmo\">\ud83c\udf96\ufe0f Homenageie Quem Serviu (Ou a Si Mesmo)<\/h2>\n\n\n\n<p>Voc\u00ea pode gravar na sua dog tag:<\/p>\n\n\n\n<ul>\n<li>Nome de guerra + turma + ano de servi\u00e7o<\/li>\n\n\n\n<li>Frase marcante (\u201cServi com honra\u201d \/ \u201cFuzileiro at\u00e9 o fim\u201d)<\/li>\n\n\n\n<li>S\u00edmbolo da Marinha + nome da OM<\/li>\n\n\n\n<li>Uma lembran\u00e7a de um irm\u00e3o de farda que se foi<\/li>\n<\/ul>\n\n\n\n<p>\ud83d\udd29 Cada dog tag \u00e9 feita com cuidado, e cada grava\u00e7\u00e3o carrega <strong>hist\u00f3rias reais que n\u00e3o merecem ser esquecidas<\/strong>.<\/p>\n\n\n\n<figure class=\"wp-block-image size-large is-resized\"><img decoding=\"async\" width=\"768\" height=\"1024\" src=\"https:\/\/dogtagclan.com.br\/blog\/wp-content\/uploads\/2025\/04\/dog-tag-cavaleiro-768x1024.jpg\" alt=\"\" class=\"wp-image-3909\" style=\"width:279px;height:auto\" srcset=\"https:\/\/dogtagclan.com.br\/blog\/wp-content\/uploads\/2025\/04\/dog-tag-cavaleiro-768x1024.jpg 768w, https:\/\/dogtagclan.com.br\/blog\/wp-content\/uploads\/2025\/04\/dog-tag-cavaleiro-225x300.jpg 225w, https:\/\/dogtagclan.com.br\/blog\/wp-content\/uploads\/2025\/04\/dog-tag-cavaleiro-640x853.jpg 640w, https:\/\/dogtagclan.com.br\/blog\/wp-content\/uploads\/2025\/04\/dog-tag-cavaleiro-150x200.jpg 150w, https:\/\/dogtagclan.com.br\/blog\/wp-content\/uploads\/2025\/04\/dog-tag-cavaleiro.jpg 960w\" sizes=\"(max-width: 768px) 100vw, 768px\" \/><\/figure>\n\n\n\n<hr class=\"wp-block-separator has-alpha-channel-opacity\"\/>\n\n\n\n<h2 class=\"wp-block-heading\" id=\"h-a-cena-que-virou-busca-no-google\">\ud83d\udcf7 A Cena Que Virou Busca no Google<\/h2>\n\n\n\n<p>A alta procura por \u201cMarinha na Avenida Brasil\u201d mostra como esse tipo de momento <strong>toca o povo<\/strong>. E tamb\u00e9m revela que h\u00e1 espa\u00e7o para conte\u00fado de valor \u2014 e produtos que conectem <strong>mem\u00f3rias com prop\u00f3sito<\/strong>.<\/p>\n\n\n\n<p>N\u00e3o se trata apenas de uma corrente com placa:<br>\ud83d\udcac <em>\u00c9 sua hist\u00f3ria gravada no a\u00e7o.<\/em><\/p>\n\n\n\n<hr class=\"wp-block-separator has-alpha-channel-opacity\"\/>\n\n\n\n<h2 class=\"wp-block-heading\" id=\"h-perguntas-frequentes-faq\">\u2753 Perguntas Frequentes (FAQ)<\/h2>\n\n\n\n<p><strong>Qual material \u00e9 usado nas dog tags da DogTagClan?<\/strong><br>A\u00e7o inox de alta resist\u00eancia. Temos tamb\u00e9m op\u00e7\u00f5es com borda americana e acabamento premium.<\/p>\n\n\n\n<p><strong>Posso gravar s\u00edmbolos da Marinha?<\/strong><br>Sim. Trabalhamos com imagens personalizadas sob encomenda. Voc\u00ea pode enviar o bras\u00e3o, s\u00edmbolo ou foto.<\/p>\n\n\n\n<p><strong>Entrega em todo o Brasil?<\/strong><br>Sim! De norte a sul, com envio r\u00e1pido e seguro.<\/p>\n\n\n\n<p><strong>Tem op\u00e7\u00e3o de corrente mais longa ou preta?<\/strong><br>Sim. Oferecemos modelos de corrente inox 2.4mm, 70cm, 80cm, preta, dourada e mais.<\/p>\n\n\n\n<hr class=\"wp-block-separator has-alpha-channel-opacity\"\/>\n\n\n\n<h2 class=\"wp-block-heading\" id=\"h-conclus-o-lembran-as-que-honram-a-marinha\">\ud83d\udccc Conclus\u00e3o: Lembran\u00e7as Que Honram a Marinha<\/h2>\n\n\n\n<p>Se a passagem da <strong>Marinha na Avenida Brasil<\/strong> te marcou de alguma forma, guarde isso com carinho.<\/p>\n\n\n\n<p>\ud83d\udc49 Personalize uma dog tag com o que representa essa mem\u00f3ria pra voc\u00ea.<br>\ud83d\udc49 Mostre com orgulho a sua hist\u00f3ria \u2014 no peito, com prop\u00f3sito e estilo.<\/p>\n\n\n\n<p>\ud83d\udd17 Acesse agora: <a class=\"\" href=\"https:\/\/www.dogtagclan.com.br\">www.dogtagclan.com.br<\/a><br>\ud83d\udcf2 Fale com a gente no WhatsApp: <a>Clique aqui<\/a><\/p>\n\n\n\n<hr class=\"wp-block-separator has-alpha-channel-opacity\"\/>\n\n\n\n<h3 class=\"wp-block-heading\" id=\"h-hashtags-sugeridas\">\ud83d\udd16 Hashtags sugeridas:<\/h3>\n","protected":false},"excerpt":{"rendered":"<p>Voc\u00ea viu ou ouviu falar da Marinha na Avenida Brasil?A imagem dos fuzileiros, das viaturas militares e do respeito \u00e0<\/p>\n","protected":false},"author":1,"featured_media":4163,"comment_status":"open","ping_status":"open","sticky":false,"template":"","format":"standard","meta":{"footnotes":""},"categories":[615],"tags":[],"yoast_head":"<!-- This site is optimized with the Yoast SEO Premium plugin v15.5 - https:\/\/yoast.com\/wordpress\/plugins\/seo\/ -->\n<title>\ud83c\udde7\ud83c\uddf7 Marinha na Avenida Brasil: Honra, Hist\u00f3ria e Homenagens Gravadas no A\u00e7o | DogTagClan Blog<\/title>\n<meta name=\"description\" content=\"Voc\u00ea viu ou ouviu falar da Marinha na Avenida Brasil?A imagem dos fuzileiros, das viaturas militares e do respeito \u00e0 farda impressiona e desperta emo\u00e7\u00e3o\" \/>\n<meta name=\"robots\" content=\"index, follow, max-snippet:-1, max-image-preview:large, max-video-preview:-1\" \/>\n<link rel=\"canonical\" href=\"https:\/\/dogtagclan.com.br\/blog\/\ud83c\udde7\ud83c\uddf7-marinha-na-avenida-brasil-honra-historia-e-homenagens-gravadas-no-aco\/\" \/>\n<meta property=\"og:locale\" content=\"pt_BR\" \/>\n<meta property=\"og:type\" content=\"article\" \/>\n<meta property=\"og:title\" content=\"\ud83c\udde7\ud83c\uddf7 Marinha na Avenida Brasil: Honra, Hist\u00f3ria e Homenagens Gravadas no A\u00e7o | DogTagClan Blog\" \/>\n<meta property=\"og:description\" content=\"Voc\u00ea viu ou ouviu falar da Marinha na Avenida Brasil?A imagem dos fuzileiros, das viaturas militares e do respeito \u00e0 farda impressiona e desperta emo\u00e7\u00e3o\" \/>\n<meta property=\"og:url\" content=\"https:\/\/dogtagclan.com.br\/blog\/\ud83c\udde7\ud83c\uddf7-marinha-na-avenida-brasil-honra-historia-e-homenagens-gravadas-no-aco\/\" \/>\n<meta property=\"og:site_name\" content=\"DogTagClan Blog\" \/>\n<meta property=\"article:publisher\" content=\"https:\/\/www.facebook.com\/dogtagclan\" \/>\n<meta property=\"article:author\" content=\"https:\/\/www.facebook.com\/dogtagclan\" \/>\n<meta property=\"article:published_time\" content=\"2025-05-09T21:55:27+00:00\" \/>\n<meta property=\"article:modified_time\" content=\"2025-05-09T21:55:28+00:00\" \/>\n<meta property=\"og:image\" content=\"https:\/\/dogtagclan.com.br\/blog\/wp-content\/uploads\/2025\/05\/dogtaclan-1.png\" \/>\n\t<meta property=\"og:image:width\" content=\"1024\" \/>\n\t<meta property=\"og:image:height\" content=\"1024\" \/>\n<meta name=\"twitter:card\" content=\"summary_large_image\" \/>\n<meta name=\"twitter:creator\" content=\"@https:\/\/x.com\/Dogtagclanclan\" \/>\n<meta name=\"twitter:label1\" content=\"Est. tempo de leitura\">\n\t<meta name=\"twitter:data1\" content=\"2 minutos\">\n<script type=\"application\/ld+json\" class=\"yoast-schema-graph\">{\"@context\":\"https:\/\/schema.org\",\"@graph\":[{\"@type\":\"Organization\",\"@id\":\"https:\/\/dogtagclan.com.br\/blog\/#organization\",\"name\":\"DogTagClan | Dog Tags, Crach\\u00e1s e Acess\\u00f3rios Personalizados\",\"url\":\"https:\/\/dogtagclan.com.br\/blog\/\",\"sameAs\":[\"https:\/\/www.facebook.com\/dogtagclan\"],\"logo\":{\"@type\":\"ImageObject\",\"@id\":\"https:\/\/dogtagclan.com.br\/blog\/#logo\",\"inLanguage\":\"pt-BR\",\"url\":\"https:\/\/dogtagclan.com.br\/blog\/wp-content\/uploads\/2023\/02\/cropped-doftagclan-logo.png\",\"width\":250,\"height\":140,\"caption\":\"DogTagClan | Dog Tags, Crach\\u00e1s e Acess\\u00f3rios Personalizados\"},\"image\":{\"@id\":\"https:\/\/dogtagclan.com.br\/blog\/#logo\"}},{\"@type\":\"WebSite\",\"@id\":\"https:\/\/dogtagclan.com.br\/blog\/#website\",\"url\":\"https:\/\/dogtagclan.com.br\/blog\/\",\"name\":\"DogTagClan Blog\",\"description\":\"A gente faz, do seu Jeito\",\"publisher\":{\"@id\":\"https:\/\/dogtagclan.com.br\/blog\/#organization\"},\"potentialAction\":[{\"@type\":\"SearchAction\",\"target\":\"https:\/\/dogtagclan.com.br\/blog\/?s={search_term_string}\",\"query-input\":\"required name=search_term_string\"}],\"inLanguage\":\"pt-BR\"},{\"@type\":\"ImageObject\",\"@id\":\"https:\/\/dogtagclan.com.br\/blog\/%f0%9f%87%a7%f0%9f%87%b7-marinha-na-avenida-brasil-honra-historia-e-homenagens-gravadas-no-aco\/#primaryimage\",\"inLanguage\":\"pt-BR\",\"url\":\"https:\/\/dogtagclan.com.br\/blog\/wp-content\/uploads\/2025\/05\/dogtaclan-1.png\",\"width\":1024,\"height\":1024,\"caption\":\"Dog tag personalizada como s\\u00edmbolo de honra para quem serviu na Marinha.\"},{\"@type\":\"WebPage\",\"@id\":\"https:\/\/dogtagclan.com.br\/blog\/%f0%9f%87%a7%f0%9f%87%b7-marinha-na-avenida-brasil-honra-historia-e-homenagens-gravadas-no-aco\/#webpage\",\"url\":\"https:\/\/dogtagclan.com.br\/blog\/%f0%9f%87%a7%f0%9f%87%b7-marinha-na-avenida-brasil-honra-historia-e-homenagens-gravadas-no-aco\/\",\"name\":\"\\ud83c\\udde7\\ud83c\\uddf7 Marinha na Avenida Brasil: Honra, Hist\\u00f3ria e Homenagens Gravadas no A\\u00e7o | DogTagClan Blog\",\"isPartOf\":{\"@id\":\"https:\/\/dogtagclan.com.br\/blog\/#website\"},\"primaryImageOfPage\":{\"@id\":\"https:\/\/dogtagclan.com.br\/blog\/%f0%9f%87%a7%f0%9f%87%b7-marinha-na-avenida-brasil-honra-historia-e-homenagens-gravadas-no-aco\/#primaryimage\"},\"datePublished\":\"2025-05-09T21:55:27+00:00\",\"dateModified\":\"2025-05-09T21:55:28+00:00\",\"description\":\"Voc\\u00ea viu ou ouviu falar da Marinha na Avenida Brasil?A imagem dos fuzileiros, das viaturas militares e do respeito \\u00e0 farda impressiona e desperta emo\\u00e7\\u00e3o\",\"inLanguage\":\"pt-BR\",\"potentialAction\":[{\"@type\":\"ReadAction\",\"target\":[\"https:\/\/dogtagclan.com.br\/blog\/%f0%9f%87%a7%f0%9f%87%b7-marinha-na-avenida-brasil-honra-historia-e-homenagens-gravadas-no-aco\/\"]}]},{\"@type\":\"Article\",\"@id\":\"https:\/\/dogtagclan.com.br\/blog\/%f0%9f%87%a7%f0%9f%87%b7-marinha-na-avenida-brasil-honra-historia-e-homenagens-gravadas-no-aco\/#article\",\"isPartOf\":{\"@id\":\"https:\/\/dogtagclan.com.br\/blog\/%f0%9f%87%a7%f0%9f%87%b7-marinha-na-avenida-brasil-honra-historia-e-homenagens-gravadas-no-aco\/#webpage\"},\"author\":{\"@id\":\"https:\/\/dogtagclan.com.br\/blog\/#\/schema\/person\/b7279d930f15e2a85c89cd3b2f1d8df5\"},\"headline\":\"\\ud83c\\udde7\\ud83c\\uddf7 Marinha na Avenida Brasil: Honra, Hist\\u00f3ria e Homenagens Gravadas no A\\u00e7o\",\"datePublished\":\"2025-05-09T21:55:27+00:00\",\"dateModified\":\"2025-05-09T21:55:28+00:00\",\"mainEntityOfPage\":{\"@id\":\"https:\/\/dogtagclan.com.br\/blog\/%f0%9f%87%a7%f0%9f%87%b7-marinha-na-avenida-brasil-honra-historia-e-homenagens-gravadas-no-aco\/#webpage\"},\"commentCount\":0,\"publisher\":{\"@id\":\"https:\/\/dogtagclan.com.br\/blog\/#organization\"},\"image\":{\"@id\":\"https:\/\/dogtagclan.com.br\/blog\/%f0%9f%87%a7%f0%9f%87%b7-marinha-na-avenida-brasil-honra-historia-e-homenagens-gravadas-no-aco\/#primaryimage\"},\"articleSection\":\"Hist\\u00f3ria Militar e Curiosidades\",\"inLanguage\":\"pt-BR\",\"potentialAction\":[{\"@type\":\"CommentAction\",\"name\":\"Comment\",\"target\":[\"https:\/\/dogtagclan.com.br\/blog\/%f0%9f%87%a7%f0%9f%87%b7-marinha-na-avenida-brasil-honra-historia-e-homenagens-gravadas-no-aco\/#respond\"]}]},{\"@type\":\"Person\",\"@id\":\"https:\/\/dogtagclan.com.br\/blog\/#\/schema\/person\/b7279d930f15e2a85c89cd3b2f1d8df5\",\"name\":\"dogtagclan\",\"description\":\"\\\"A DogTagClan \\u00e9 especializada na fabrica\\u00e7\\u00e3o e personaliza\\u00e7\\u00e3o de Dog Tags, crach\\u00e1s e acess\\u00f3rios. Produzimos pe\\u00e7as em a\\u00e7o inoxid\\u00e1vel com grava\\u00e7\\u00f5es de alta precis\\u00e3o para identifica\\u00e7\\u00e3o pessoal e profissional.\\\"\",\"sameAs\":[\"https:\/\/blog.dogtagclan.com.br\",\"https:\/\/www.facebook.com\/dogtagclan\",\"https:\/\/www.instagram.com\/dogtagclan\",\"https:\/\/twitter.com\/https:\/\/x.com\/Dogtagclanclan\",\"https:\/\/www.youtube.com\/dogtagclan\"]}]}<\/script>\n<!-- \/ Yoast SEO Premium plugin. -->","_links":{"self":[{"href":"https:\/\/dogtagclan.com.br\/blog\/wp-json\/wp\/v2\/posts\/4162"}],"collection":[{"href":"https:\/\/dogtagclan.com.br\/blog\/wp-json\/wp\/v2\/posts"}],"about":[{"href":"https:\/\/dogtagclan.com.br\/blog\/wp-json\/wp\/v2\/types\/post"}],"author":[{"embeddable":true,"href":"https:\/\/dogtagclan.com.br\/blog\/wp-json\/wp\/v2\/users\/1"}],"replies":[{"embeddable":true,"href":"https:\/\/dogtagclan.com.br\/blog\/wp-json\/wp\/v2\/comments?post=4162"}],"version-history":[{"count":0,"href":"https:\/\/dogtagclan.com.br\/blog\/wp-json\/wp\/v2\/posts\/4162\/revisions"}],"wp:featuredmedia":[{"embeddable":true,"href":"https:\/\/dogtagclan.com.br\/blog\/wp-json\/wp\/v2\/media\/4163"}],"wp:attachment":[{"href":"https:\/\/dogtagclan.com.br\/blog\/wp-json\/wp\/v2\/media?parent=4162"}],"wp:term":[{"taxonomy":"category","embeddable":true,"href":"https:\/\/dogtagclan.com.br\/blog\/wp-json\/wp\/v2\/categories?post=4162"},{"taxonomy":"post_tag","embeddable":true,"href":"https:\/\/dogtagclan.com.br\/blog\/wp-json\/wp\/v2\/tags?post=4162"}],"curies":[{"name":"wp","href":"https:\/\/api.w.org\/{rel}","templated":true}]}}