{"id":4103,"date":"2025-05-03T11:28:54","date_gmt":"2025-05-03T14:28:54","guid":{"rendered":"https:\/\/dogtagclan.com.br\/blog\/?p=4103"},"modified":"2025-05-03T11:29:52","modified_gmt":"2025-05-03T14:29:52","slug":"dog-tag-se-quer-paz-prepare-se-para-a-guerra-significado-e-personalizacao-em-alto-relevo","status":"publish","type":"post","link":"https:\/\/dogtagclan.com.br\/blog\/dog-tag-se-quer-paz-prepare-se-para-a-guerra-significado-e-personalizacao-em-alto-relevo\/","title":{"rendered":"Dog Tag &#8220;Se Quer Paz, Prepare-se Para a Guerra&#8221; \u2013 Significado e Personaliza\u00e7\u00e3o em Alto-Relevo"},"content":{"rendered":"\n<p><strong>&#8220;Si vis pacem, para bellum.&#8221;<\/strong><br>A frase em latim significa:<br><strong>&#8220;Se quer paz, prepare-se para a guerra.&#8221;<\/strong><\/p>\n\n\n\n<p>Mais do que uma cita\u00e7\u00e3o, \u00e9 uma filosofia de vida para militares, civis com esp\u00edrito guerreiro, esportistas e todos que enfrentam desafios di\u00e1rios.<\/p>\n\n\n\n<p>Na <strong>DogTagClan<\/strong>, voc\u00ea pode gravar essa poderosa mensagem em uma <strong>dog tag personalizada<\/strong>, feita em <strong>a\u00e7o inox de alta resist\u00eancia<\/strong>, com <strong>grava\u00e7\u00e3o em alto-relevo<\/strong> e corrente militar de <strong>bolinha 2.4mm<\/strong>.<\/p>\n\n\n\n<p>Grave sua hist\u00f3ria no a\u00e7o e leve consigo a for\u00e7a que essa frase carrega.<\/p>\n\n\n\n<figure class=\"wp-block-image size-large is-resized\"><img decoding=\"async\" width=\"768\" height=\"1024\" src=\"https:\/\/dogtagclan.com.br\/blog\/wp-content\/uploads\/2025\/05\/dog-tag-alto-relevo-sis-parabelum-768x1024.jpg\" alt=\"\" class=\"wp-image-4104\" style=\"width:287px;height:auto\" srcset=\"https:\/\/dogtagclan.com.br\/blog\/wp-content\/uploads\/2025\/05\/dog-tag-alto-relevo-sis-parabelum-768x1024.jpg 768w, https:\/\/dogtagclan.com.br\/blog\/wp-content\/uploads\/2025\/05\/dog-tag-alto-relevo-sis-parabelum-225x300.jpg 225w, https:\/\/dogtagclan.com.br\/blog\/wp-content\/uploads\/2025\/05\/dog-tag-alto-relevo-sis-parabelum-640x853.jpg 640w, https:\/\/dogtagclan.com.br\/blog\/wp-content\/uploads\/2025\/05\/dog-tag-alto-relevo-sis-parabelum-150x200.jpg 150w, https:\/\/dogtagclan.com.br\/blog\/wp-content\/uploads\/2025\/05\/dog-tag-alto-relevo-sis-parabelum.jpg 960w\" sizes=\"(max-width: 768px) 100vw, 768px\" \/><\/figure>\n\n\n\n<hr class=\"wp-block-separator has-alpha-channel-opacity\"\/>\n\n\n\n<h3 class=\"wp-block-heading\" id=\"h-qual-o-significado-de-se-quer-paz-prepare-se-para-a-guerra\">\ud83d\udd0e Qual \u00e9 o Significado de &#8220;Se Quer Paz, Prepare-se Para a Guerra&#8221;?<\/h3>\n\n\n\n<p>A express\u00e3o tem origem na Roma antiga e \u00e9 um princ\u00edpio estrat\u00e9gico:<\/p>\n\n\n\n<p>\ud83d\udc49 Quem deseja paz precisa estar sempre preparado para se defender.<br>\ud83d\udc49 Ter a capacidade de reagir \u00e9 o que muitas vezes impede que conflitos aconte\u00e7am.<br>\ud83d\udc49 Para muitos, tamb\u00e9m significa estar preparado para os desafios da vida moderna: superar obst\u00e1culos, proteger sua fam\u00edlia e manter sua integridade.<\/p>\n\n\n\n<p>Hoje, a frase \u00e9 s\u00edmbolo de:<\/p>\n\n\n\n<p>\u2705 <strong>For\u00e7a<\/strong><br>\u2705 <strong>Prepara\u00e7\u00e3o<\/strong><br>\u2705 <strong>Disciplina<\/strong><br>\u2705 <strong>Honra<\/strong><\/p>\n\n\n\n<figure class=\"wp-block-image size-large is-resized\"><img decoding=\"async\" width=\"768\" height=\"1024\" src=\"https:\/\/dogtagclan.com.br\/blog\/wp-content\/uploads\/2025\/05\/dog-tag-alto-relevo-aco-1-768x1024.jpg\" alt=\"\" class=\"wp-image-4105\" style=\"width:300px;height:auto\" srcset=\"https:\/\/dogtagclan.com.br\/blog\/wp-content\/uploads\/2025\/05\/dog-tag-alto-relevo-aco-1-768x1024.jpg 768w, https:\/\/dogtagclan.com.br\/blog\/wp-content\/uploads\/2025\/05\/dog-tag-alto-relevo-aco-1-225x300.jpg 225w, https:\/\/dogtagclan.com.br\/blog\/wp-content\/uploads\/2025\/05\/dog-tag-alto-relevo-aco-1-640x853.jpg 640w, https:\/\/dogtagclan.com.br\/blog\/wp-content\/uploads\/2025\/05\/dog-tag-alto-relevo-aco-1-150x200.jpg 150w, https:\/\/dogtagclan.com.br\/blog\/wp-content\/uploads\/2025\/05\/dog-tag-alto-relevo-aco-1.jpg 960w\" sizes=\"(max-width: 768px) 100vw, 768px\" \/><\/figure>\n\n\n\n<hr class=\"wp-block-separator has-alpha-channel-opacity\"\/>\n\n\n\n<h3 class=\"wp-block-heading\" id=\"h-dog-tag-dogtagclan-alto-relevo-e-qualidade-militar\">\ud83d\udd25 Dog Tag DogTagClan \u2013 Alto-Relevo e Qualidade Militar<\/h3>\n\n\n\n<p>Na DogTagClan, criamos dog tags que n\u00e3o s\u00e3o apenas acess\u00f3rios. S\u00e3o <strong>depoimentos de quem voc\u00ea \u00e9<\/strong>.<\/p>\n\n\n\n<p><strong>Caracter\u00edsticas da Dog Tag &#8220;Se Quer Paz, Prepare-se Para a Guerra&#8221;:<\/strong><\/p>\n\n\n\n<ul>\n<li>\ud83e\ude96 <strong>Grava\u00e7\u00e3o em alto-relevo (n\u00e3o apaga, n\u00e3o desbota)<\/strong><\/li>\n\n\n\n<li>\ud83c\udff7\ufe0f Op\u00e7\u00e3o em latim ou portugu\u00eas<\/li>\n\n\n\n<li>\ud83d\udd17 <strong>Corrente de bolinha 2.4mm<\/strong> em a\u00e7o inoxid\u00e1vel (nunca enferruja)<\/li>\n\n\n\n<li>\ud83d\udc8e Personaliza\u00e7\u00e3o com seus dados, s\u00edmbolo, tipo sangu\u00edneo ou frase adicional<\/li>\n\n\n\n<li>\ud83d\udce6 Envio r\u00e1pido para todo o Brasil<\/li>\n\n\n\n<li>\ud83d\udd27 Feita sob medida, do seu jeito<\/li>\n<\/ul>\n\n\n\n<hr class=\"wp-block-separator has-alpha-channel-opacity\"\/>\n\n\n\n<h3 class=\"wp-block-heading\" id=\"h-por-que-escolher-alto-relevo\">\u270d Por Que Escolher Alto-Relevo?<\/h3>\n\n\n\n<p>A <strong>grava\u00e7\u00e3o em alto-relevo<\/strong> \u00e9 a escolha de quem busca:<\/p>\n\n\n\n<p>\u2705 <strong>Durabilidade m\u00e1xima<\/strong><br>\u2705 Visual militar aut\u00eantico<br>\u2705 Resist\u00eancia \u00e0 \u00e1gua, suor e desgaste<br>\u2705 Estilo e legado<\/p>\n\n\n\n<hr class=\"wp-block-separator has-alpha-channel-opacity\"\/>\n\n\n\n<h3 class=\"wp-block-heading\" id=\"h-personalize-sua-dog-tag-como-quiser\">\ud83d\udccd Personalize Sua Dog Tag Como Quiser<\/h3>\n\n\n\n<p>Na DogTagClan, voc\u00ea escolhe:<\/p>\n\n\n\n<ul>\n<li>Frase (portugu\u00eas ou latim)<\/li>\n\n\n\n<li>Dados pessoais ou frase adicional<\/li>\n\n\n\n<li>Tipo de corrente<\/li>\n\n\n\n<li>Inclus\u00e3o de s\u00edmbolos (religiosos, militares ou pessoais)<\/li>\n<\/ul>\n\n\n\n<p><strong>Grave sua hist\u00f3ria no a\u00e7o.<\/strong><\/p>\n\n\n\n<hr class=\"wp-block-separator has-alpha-channel-opacity\"\/>\n\n\n\n<h3 class=\"wp-block-heading\" id=\"h-como-comprar\">\ud83d\uded2 Como Comprar<\/h3>\n\n\n\n<p>Voc\u00ea pode montar sua dog tag personalizada diretamente pelo nosso site ou falar com nossa equipe no WhatsApp.<\/p>\n\n\n\n<p>\ud83d\udc49 <a class=\"\" href=\"https:\/\/www.dogtagclan.com.br\">Monte a sua agora<\/a><br>\ud83d\udc49 <a>Atendimento r\u00e1pido pelo WhatsApp<\/a><\/p>\n\n\n\n<p>Enviamos para <strong>todo o Brasil<\/strong>.<\/p>\n\n\n\n<hr class=\"wp-block-separator has-alpha-channel-opacity\"\/>\n\n\n\n<h3 class=\"wp-block-heading\" id=\"h-faq-perguntas-frequentes\">\u2753 FAQ \u2013 Perguntas Frequentes<\/h3>\n\n\n\n<p><strong>1. A grava\u00e7\u00e3o em alto-relevo apaga?<\/strong><br>N\u00e3o. Ela \u00e9 permanente e resiste a uso intenso.<\/p>\n\n\n\n<p><strong>2. Posso usar minha dog tag no mar ou piscina?<\/strong><br>Sim! O a\u00e7o inox e a grava\u00e7\u00e3o s\u00e3o altamente resistentes.<\/p>\n\n\n\n<p><strong>3. Posso escolher latim ou portugu\u00eas?<\/strong><br>Sim. Voc\u00ea escolhe a frase e at\u00e9 mesmo s\u00edmbolos ou dados extras.<\/p>\n\n\n\n<p><strong>4. A corrente de bolinha enferruja?<\/strong><br>N\u00e3o. Usamos <strong>a\u00e7o inox 2.4mm<\/strong> que nunca enferruja.<\/p>\n\n\n\n<p><strong>5. Voc\u00eas entregam em todo o Brasil?<\/strong><br>Sim. Enviamos para todas as regi\u00f5es com frete r\u00e1pido.<\/p>\n\n\n\n<hr class=\"wp-block-separator has-alpha-channel-opacity\"\/>\n\n\n\n<h3 class=\"wp-block-heading\" id=\"h-conclus-o\">Conclus\u00e3o<\/h3>\n\n\n\n<p><strong>&#8220;Se quer paz, prepare-se para a guerra.&#8221;<\/strong><br>N\u00e3o \u00e9 s\u00f3 uma frase. \u00c9 uma declara\u00e7\u00e3o de for\u00e7a, prepara\u00e7\u00e3o e identidade.<\/p>\n\n\n\n<p>Na <strong>DogTagClan<\/strong>, voc\u00ea grava essa filosofia no a\u00e7o, com qualidade militar, estilo e resist\u00eancia.<\/p>\n\n\n\n<p><strong>Grave sua hist\u00f3ria no a\u00e7o.<\/strong><br>\ud83d\udcf2 <a>Pe\u00e7a j\u00e1 sua Dog Tag personalizada<\/a><\/p>\n\n\n\n<hr class=\"wp-block-separator has-alpha-channel-opacity\"\/>\n\n\n\n<h3 class=\"wp-block-heading\" id=\"h-hashtags-seo\">Hashtags SEO:<\/h3>\n\n\n\n<p>#DogTagMilitar #SeQuerPazPrepareSeParaAGuerra #SiVisPacemParaBellum #DogTagPersonalizada #DogTagAltoRelevo #DogTagClan #GraveSuaHist\u00f3riaNoA\u00e7o #DogTagBrasil<\/p>\n","protected":false},"excerpt":{"rendered":"<p>&#8220;Si vis pacem, para bellum.&#8221;A frase em latim significa:&#8220;Se quer paz, prepare-se para a guerra.&#8221; Mais do que uma cita\u00e7\u00e3o,<\/p>\n","protected":false},"author":1,"featured_media":4106,"comment_status":"open","ping_status":"open","sticky":false,"template":"","format":"standard","meta":{"footnotes":""},"categories":[17,11],"tags":[1120,1045,33,1121,1109,1024,32,35,1122,1118,920,1119],"yoast_head":"<!-- This site is optimized with the Yoast SEO Premium plugin v15.5 - https:\/\/yoast.com\/wordpress\/plugins\/seo\/ -->\n<title>Dog Tag &quot;Se Quer Paz, Prepare-se Para a Guerra&quot; \u2013 Significado e Personaliza\u00e7\u00e3o em Alto-Relevo | DogTagClan Blog<\/title>\n<meta name=\"description\" content=\"Conhe\u00e7a o significado da dog tag &quot;Se quer paz, prepare-se para a guerra&quot;. Grave sua hist\u00f3ria no a\u00e7o com alto-relevo e corrente militar inox. Entrega para todo o Brasil.\" \/>\n<meta name=\"robots\" content=\"index, follow, max-snippet:-1, max-image-preview:large, max-video-preview:-1\" \/>\n<link rel=\"canonical\" href=\"https:\/\/dogtagclan.com.br\/blog\/dog-tag-se-quer-paz-prepare-se-para-a-guerra-significado-e-personalizacao-em-alto-relevo\/\" \/>\n<meta property=\"og:locale\" content=\"pt_BR\" \/>\n<meta property=\"og:type\" content=\"article\" \/>\n<meta property=\"og:title\" content=\"Dog Tag &quot;Se Quer Paz, Prepare-se Para a Guerra&quot; \u2013 Significado e Personaliza\u00e7\u00e3o em Alto-Relevo | DogTagClan Blog\" \/>\n<meta property=\"og:description\" content=\"Conhe\u00e7a o significado da dog tag &quot;Se quer paz, prepare-se para a guerra&quot;. Grave sua hist\u00f3ria no a\u00e7o com alto-relevo e corrente militar inox. Entrega para todo o Brasil.\" \/>\n<meta property=\"og:url\" content=\"https:\/\/dogtagclan.com.br\/blog\/dog-tag-se-quer-paz-prepare-se-para-a-guerra-significado-e-personalizacao-em-alto-relevo\/\" \/>\n<meta property=\"og:site_name\" content=\"DogTagClan Blog\" \/>\n<meta property=\"article:publisher\" content=\"https:\/\/www.facebook.com\/dogtagclan\" \/>\n<meta property=\"article:author\" content=\"https:\/\/www.facebook.com\/dogtagclan\" \/>\n<meta property=\"article:published_time\" content=\"2025-05-03T14:28:54+00:00\" \/>\n<meta property=\"article:modified_time\" content=\"2025-05-03T14:29:52+00:00\" \/>\n<meta property=\"og:image\" content=\"https:\/\/dogtagclan.com.br\/blog\/wp-content\/uploads\/2025\/05\/sis-parabelum.jpg\" \/>\n\t<meta property=\"og:image:width\" content=\"1024\" \/>\n\t<meta property=\"og:image:height\" content=\"1024\" \/>\n<meta name=\"twitter:card\" content=\"summary_large_image\" \/>\n<meta name=\"twitter:creator\" content=\"@https:\/\/x.com\/Dogtagclanclan\" \/>\n<meta name=\"twitter:label1\" content=\"Est. tempo de leitura\">\n\t<meta name=\"twitter:data1\" content=\"2 minutos\">\n<script type=\"application\/ld+json\" class=\"yoast-schema-graph\">{\"@context\":\"https:\/\/schema.org\",\"@graph\":[{\"@type\":\"Organization\",\"@id\":\"https:\/\/dogtagclan.com.br\/blog\/#organization\",\"name\":\"DogTagClan | Dog Tags, Crach\\u00e1s e Acess\\u00f3rios Personalizados\",\"url\":\"https:\/\/dogtagclan.com.br\/blog\/\",\"sameAs\":[\"https:\/\/www.facebook.com\/dogtagclan\"],\"logo\":{\"@type\":\"ImageObject\",\"@id\":\"https:\/\/dogtagclan.com.br\/blog\/#logo\",\"inLanguage\":\"pt-BR\",\"url\":\"https:\/\/dogtagclan.com.br\/blog\/wp-content\/uploads\/2023\/02\/cropped-doftagclan-logo.png\",\"width\":250,\"height\":140,\"caption\":\"DogTagClan | Dog Tags, Crach\\u00e1s e Acess\\u00f3rios Personalizados\"},\"image\":{\"@id\":\"https:\/\/dogtagclan.com.br\/blog\/#logo\"}},{\"@type\":\"WebSite\",\"@id\":\"https:\/\/dogtagclan.com.br\/blog\/#website\",\"url\":\"https:\/\/dogtagclan.com.br\/blog\/\",\"name\":\"DogTagClan Blog\",\"description\":\"A gente faz, do seu Jeito\",\"publisher\":{\"@id\":\"https:\/\/dogtagclan.com.br\/blog\/#organization\"},\"potentialAction\":[{\"@type\":\"SearchAction\",\"target\":\"https:\/\/dogtagclan.com.br\/blog\/?s={search_term_string}\",\"query-input\":\"required name=search_term_string\"}],\"inLanguage\":\"pt-BR\"},{\"@type\":\"ImageObject\",\"@id\":\"https:\/\/dogtagclan.com.br\/blog\/dog-tag-se-quer-paz-prepare-se-para-a-guerra-significado-e-personalizacao-em-alto-relevo\/#primaryimage\",\"inLanguage\":\"pt-BR\",\"url\":\"https:\/\/dogtagclan.com.br\/blog\/wp-content\/uploads\/2025\/05\/sis-parabelum.jpg\",\"width\":1024,\"height\":1024,\"caption\":\"Dog tag gravada com a frase \\\"Si vis pacem, para bellum\\\" \\u2014 Se quer paz, prepare-se para a guerra. Personaliza\\u00e7\\u00e3o com alto relevo, corrente de a\\u00e7o inox.\"},{\"@type\":\"WebPage\",\"@id\":\"https:\/\/dogtagclan.com.br\/blog\/dog-tag-se-quer-paz-prepare-se-para-a-guerra-significado-e-personalizacao-em-alto-relevo\/#webpage\",\"url\":\"https:\/\/dogtagclan.com.br\/blog\/dog-tag-se-quer-paz-prepare-se-para-a-guerra-significado-e-personalizacao-em-alto-relevo\/\",\"name\":\"Dog Tag \\\"Se Quer Paz, Prepare-se Para a Guerra\\\" \\u2013 Significado e Personaliza\\u00e7\\u00e3o em Alto-Relevo | DogTagClan Blog\",\"isPartOf\":{\"@id\":\"https:\/\/dogtagclan.com.br\/blog\/#website\"},\"primaryImageOfPage\":{\"@id\":\"https:\/\/dogtagclan.com.br\/blog\/dog-tag-se-quer-paz-prepare-se-para-a-guerra-significado-e-personalizacao-em-alto-relevo\/#primaryimage\"},\"datePublished\":\"2025-05-03T14:28:54+00:00\",\"dateModified\":\"2025-05-03T14:29:52+00:00\",\"description\":\"Conhe\\u00e7a o significado da dog tag \\\"Se quer paz, prepare-se para a guerra\\\". Grave sua hist\\u00f3ria no a\\u00e7o com alto-relevo e corrente militar inox. Entrega para todo o Brasil.\",\"inLanguage\":\"pt-BR\",\"potentialAction\":[{\"@type\":\"ReadAction\",\"target\":[\"https:\/\/dogtagclan.com.br\/blog\/dog-tag-se-quer-paz-prepare-se-para-a-guerra-significado-e-personalizacao-em-alto-relevo\/\"]}]},{\"@type\":\"Article\",\"@id\":\"https:\/\/dogtagclan.com.br\/blog\/dog-tag-se-quer-paz-prepare-se-para-a-guerra-significado-e-personalizacao-em-alto-relevo\/#article\",\"isPartOf\":{\"@id\":\"https:\/\/dogtagclan.com.br\/blog\/dog-tag-se-quer-paz-prepare-se-para-a-guerra-significado-e-personalizacao-em-alto-relevo\/#webpage\"},\"author\":{\"@id\":\"https:\/\/dogtagclan.com.br\/blog\/#\/schema\/person\/b7279d930f15e2a85c89cd3b2f1d8df5\"},\"headline\":\"Dog Tag &#8220;Se Quer Paz, Prepare-se Para a Guerra&#8221; \\u2013 Significado e Personaliza\\u00e7\\u00e3o em Alto-Relevo\",\"datePublished\":\"2025-05-03T14:28:54+00:00\",\"dateModified\":\"2025-05-03T14:29:52+00:00\",\"mainEntityOfPage\":{\"@id\":\"https:\/\/dogtagclan.com.br\/blog\/dog-tag-se-quer-paz-prepare-se-para-a-guerra-significado-e-personalizacao-em-alto-relevo\/#webpage\"},\"commentCount\":0,\"publisher\":{\"@id\":\"https:\/\/dogtagclan.com.br\/blog\/#organization\"},\"image\":{\"@id\":\"https:\/\/dogtagclan.com.br\/blog\/dog-tag-se-quer-paz-prepare-se-para-a-guerra-significado-e-personalizacao-em-alto-relevo\/#primaryimage\"},\"keywords\":\"corrente militar inox,dog tag a\\u00e7o inox,dog tag alto relevo,dog tag brasil,dog tag clan,dog tag com frase,dog tag militar,dog tag personalizada,dog tag resistente,dog tag se quer paz prepare-se para a guerra,grave sua hist\\u00f3ria no a\\u00e7o,si vis pacem para bellum\",\"articleSection\":\"Dog Tags Personalizadas,Dog tags\",\"inLanguage\":\"pt-BR\",\"potentialAction\":[{\"@type\":\"CommentAction\",\"name\":\"Comment\",\"target\":[\"https:\/\/dogtagclan.com.br\/blog\/dog-tag-se-quer-paz-prepare-se-para-a-guerra-significado-e-personalizacao-em-alto-relevo\/#respond\"]}]},{\"@type\":\"Person\",\"@id\":\"https:\/\/dogtagclan.com.br\/blog\/#\/schema\/person\/b7279d930f15e2a85c89cd3b2f1d8df5\",\"name\":\"dogtagclan\",\"description\":\"\\\"A DogTagClan \\u00e9 especializada na fabrica\\u00e7\\u00e3o e personaliza\\u00e7\\u00e3o de Dog Tags, crach\\u00e1s e acess\\u00f3rios. Produzimos pe\\u00e7as em a\\u00e7o inoxid\\u00e1vel com grava\\u00e7\\u00f5es de alta precis\\u00e3o para identifica\\u00e7\\u00e3o pessoal e profissional.\\\"\",\"sameAs\":[\"https:\/\/blog.dogtagclan.com.br\",\"https:\/\/www.facebook.com\/dogtagclan\",\"https:\/\/www.instagram.com\/dogtagclan\",\"https:\/\/twitter.com\/https:\/\/x.com\/Dogtagclanclan\",\"https:\/\/www.youtube.com\/dogtagclan\"]}]}<\/script>\n<!-- \/ Yoast SEO Premium plugin. -->","_links":{"self":[{"href":"https:\/\/dogtagclan.com.br\/blog\/wp-json\/wp\/v2\/posts\/4103"}],"collection":[{"href":"https:\/\/dogtagclan.com.br\/blog\/wp-json\/wp\/v2\/posts"}],"about":[{"href":"https:\/\/dogtagclan.com.br\/blog\/wp-json\/wp\/v2\/types\/post"}],"author":[{"embeddable":true,"href":"https:\/\/dogtagclan.com.br\/blog\/wp-json\/wp\/v2\/users\/1"}],"replies":[{"embeddable":true,"href":"https:\/\/dogtagclan.com.br\/blog\/wp-json\/wp\/v2\/comments?post=4103"}],"version-history":[{"count":0,"href":"https:\/\/dogtagclan.com.br\/blog\/wp-json\/wp\/v2\/posts\/4103\/revisions"}],"wp:featuredmedia":[{"embeddable":true,"href":"https:\/\/dogtagclan.com.br\/blog\/wp-json\/wp\/v2\/media\/4106"}],"wp:attachment":[{"href":"https:\/\/dogtagclan.com.br\/blog\/wp-json\/wp\/v2\/media?parent=4103"}],"wp:term":[{"taxonomy":"category","embeddable":true,"href":"https:\/\/dogtagclan.com.br\/blog\/wp-json\/wp\/v2\/categories?post=4103"},{"taxonomy":"post_tag","embeddable":true,"href":"https:\/\/dogtagclan.com.br\/blog\/wp-json\/wp\/v2\/tags?post=4103"}],"curies":[{"name":"wp","href":"https:\/\/api.w.org\/{rel}","templated":true}]}}