{"id":4082,"date":"2025-04-29T18:10:04","date_gmt":"2025-04-29T21:10:04","guid":{"rendered":"https:\/\/dogtagclan.com.br\/blog\/?p=4082"},"modified":"2025-04-29T18:13:24","modified_gmt":"2025-04-29T21:13:24","slug":"%f0%9f%9b%a1%ef%b8%8f-dog-tag-com-duas-plaquetas-em-alto-relevo-seguranca-estilo-militar-e-gravacao-duravel-frente-e-verso","status":"publish","type":"post","link":"https:\/\/dogtagclan.com.br\/blog\/%f0%9f%9b%a1%ef%b8%8f-dog-tag-com-duas-plaquetas-em-alto-relevo-seguranca-estilo-militar-e-gravacao-duravel-frente-e-verso\/","title":{"rendered":"\ud83d\udee1\ufe0f Dog Tag com Duas Plaquetas em Alto-Relevo \u2013 Seguran\u00e7a, Estilo Militar e Grava\u00e7\u00e3o Dur\u00e1vel Frente e Verso"},"content":{"rendered":"\n<p>A <strong>dog tag com duas plaquetas<\/strong> \u00e9 mais do que uma pe\u00e7a de metal \u2014 \u00e9 uma forma de gravar sua identidade, proteger quem voc\u00ea ama e expressar com estilo o que voc\u00ea carrega por dentro.<\/p>\n\n\n\n<p>Esse modelo segue o padr\u00e3o militar usado por soldados no mundo todo, com <strong>duas chapas de a\u00e7o inoxid\u00e1vel<\/strong>, corrente de bolinha e grava\u00e7\u00e3o permanente em <strong>alto-relevo<\/strong>.<\/p>\n\n\n\n<p>Se voc\u00ea busca uma dog tag <strong>completa, dur\u00e1vel e personalizada frente e verso<\/strong>, esse \u00e9 o modelo ideal.<\/p>\n\n\n\n<figure class=\"wp-block-image size-full is-resized\"><img decoding=\"async\" width=\"692\" height=\"916\" src=\"https:\/\/dogtagclan.com.br\/blog\/wp-content\/uploads\/2025\/04\/dog-tag-alto-relevo-23-1.jpg\" alt=\"dog tag subir a montanha\" class=\"wp-image-3862\" style=\"width:536px;height:auto\" srcset=\"https:\/\/dogtagclan.com.br\/blog\/wp-content\/uploads\/2025\/04\/dog-tag-alto-relevo-23-1.jpg 692w, https:\/\/dogtagclan.com.br\/blog\/wp-content\/uploads\/2025\/04\/dog-tag-alto-relevo-23-1-227x300.jpg 227w, https:\/\/dogtagclan.com.br\/blog\/wp-content\/uploads\/2025\/04\/dog-tag-alto-relevo-23-1-150x199.jpg 150w\" sizes=\"(max-width: 692px) 100vw, 692px\" \/><\/figure>\n\n\n\n<hr class=\"wp-block-separator has-alpha-channel-opacity\"\/>\n\n\n\n<h3 class=\"wp-block-heading\" id=\"h-especifica-es-t-cnicas-do-modelo\">\ud83d\udccf Especifica\u00e7\u00f5es T\u00e9cnicas do Modelo<\/h3>\n\n\n\n<ul>\n<li><strong>Quantidade de chapas:<\/strong> 2<\/li>\n\n\n\n<li><strong>Tamanho de cada placa:<\/strong> 50 mm x 28 mm x 0,4 mm<\/li>\n\n\n\n<li><strong>Material:<\/strong> A\u00e7o inoxid\u00e1vel<\/li>\n\n\n\n<li><strong>Grava\u00e7\u00e3o:<\/strong> Alto-relevo (letras saltadas, resistentes ao tempo e desgaste)<\/li>\n\n\n\n<li><strong>Corrente:<\/strong> 1 corrente grande + 1 pequena (modelo militar)<\/li>\n\n\n\n<li><strong>Silenciador:<\/strong> Op\u00e7\u00e3o com ou sem borracha<\/li>\n<\/ul>\n\n\n\n<hr class=\"wp-block-separator has-alpha-channel-opacity\"\/>\n\n\n\n<h3 class=\"wp-block-heading\" id=\"h-o-que-pode-ser-gravado\">\ud83d\udd20 O Que Pode Ser Gravado<\/h3>\n\n\n\n<p>Com duas plaquetas, voc\u00ea tem <strong>o dobro de espa\u00e7o<\/strong> para gravar informa\u00e7\u00f5es importantes e ainda criar uma homenagem ou estilo \u00fanico:<\/p>\n\n\n\n<h4 class=\"wp-block-heading\" id=\"h-plaqueta-1-identifica-o\">\ud83e\uddfe Plaqueta 1 (Identifica\u00e7\u00e3o)<\/h4>\n\n\n\n<ul>\n<li>Nome completo<\/li>\n\n\n\n<li>Tipo sangu\u00edneo<\/li>\n\n\n\n<li>Telefone de emerg\u00eancia<\/li>\n\n\n\n<li>Religi\u00e3o ou s\u00edmbolo<\/li>\n<\/ul>\n\n\n\n<h4 class=\"wp-block-heading\" id=\"h-plaqueta-2-homenagem-ou-uso-t-tico\">\ud83d\udee1\ufe0f Plaqueta 2 (Homenagem ou uso t\u00e1tico)<\/h4>\n\n\n\n<ul>\n<li>Frase de f\u00e9 ou impacto<\/li>\n\n\n\n<li>Vers\u00edculo b\u00edblico<\/li>\n\n\n\n<li>Logotipo, bras\u00e3o ou escudo<\/li>\n\n\n\n<li>Data especial ou n\u00famero de matr\u00edcula<\/li>\n<\/ul>\n\n\n\n<hr class=\"wp-block-separator has-alpha-channel-opacity\"\/>\n\n\n\n<h3 class=\"wp-block-heading\" id=\"h-por-que-esse-modelo-o-mais-completo\">\ud83e\ude96 Por Que Esse Modelo \u00c9 o Mais Completo?<\/h3>\n\n\n\n<h4 class=\"wp-block-heading\" id=\"h-seguran-a\">\u2705 <strong>Seguran\u00e7a<\/strong><\/h4>\n\n\n\n<p>Ideal para militares, moto clubes, esportistas ou pessoas com condi\u00e7\u00f5es m\u00e9dicas. Permite gravar informa\u00e7\u00f5es vitais e de contato.<\/p>\n\n\n\n<h4 class=\"wp-block-heading\" id=\"h-estilo-militar-aut-ntico\">\u2705 <strong>Estilo Militar Aut\u00eantico<\/strong><\/h4>\n\n\n\n<p>Segue o padr\u00e3o de uso das For\u00e7as Armadas: uma chapa permanece com o corpo e outra \u00e9 usada para notifica\u00e7\u00e3o em caso de emerg\u00eancia.<\/p>\n\n\n\n<h4 class=\"wp-block-heading\" id=\"h-grava-o-dur-vel\">\u2705 <strong>Grava\u00e7\u00e3o Dur\u00e1vel<\/strong><\/h4>\n\n\n\n<p>O alto-relevo garante que a grava\u00e7\u00e3o <strong>n\u00e3o se apague nunca<\/strong> \u2014 mesmo com \u00e1gua, suor ou impacto.<\/p>\n\n\n\n<h4 class=\"wp-block-heading\" id=\"h-versatilidade\">\u2705 <strong>Versatilidade<\/strong><\/h4>\n\n\n\n<p>Pode ser usada como colar, chaveiro ou presente. Muitos clientes usam uma placa com dados pessoais e a outra com uma homenagem emocional.<\/p>\n\n\n\n<figure class=\"wp-block-image size-full is-resized\"><img decoding=\"async\" width=\"768\" height=\"1024\" src=\"https:\/\/dogtagclan.com.br\/blog\/wp-content\/uploads\/2025\/04\/bdogtag-frase-1.jpg\" alt=\"\" class=\"wp-image-3851\" style=\"width:405px;height:auto\" srcset=\"https:\/\/dogtagclan.com.br\/blog\/wp-content\/uploads\/2025\/04\/bdogtag-frase-1.jpg 768w, https:\/\/dogtagclan.com.br\/blog\/wp-content\/uploads\/2025\/04\/bdogtag-frase-1-225x300.jpg 225w, https:\/\/dogtagclan.com.br\/blog\/wp-content\/uploads\/2025\/04\/bdogtag-frase-1-640x853.jpg 640w, https:\/\/dogtagclan.com.br\/blog\/wp-content\/uploads\/2025\/04\/bdogtag-frase-1-150x200.jpg 150w\" sizes=\"(max-width: 768px) 100vw, 768px\" \/><\/figure>\n\n\n\n<hr class=\"wp-block-separator has-alpha-channel-opacity\"\/>\n\n\n\n<h3 class=\"wp-block-heading\" id=\"h-exemplos-de-grava-o-real\">\ud83c\udf81 Exemplos de Grava\u00e7\u00e3o Real<\/h3>\n\n\n\n<p><strong>Plaqueta 1:<\/strong><br>\ud83d\udcdb JO\u00c3O MARCOS<br>\ud83c\udd70\ufe0f A+ POS<br>\u260e\ufe0f (21) 99999-9999<br>\u271d\ufe0f EVANG\u00c9LICO<\/p>\n\n\n\n<p><strong>Plaqueta 2:<\/strong><br>\ud83d\udd25 &#8220;N\u00c3O TEMEREI O MAL,<br>PORQUE TU EST\u00c1S COMIGO.&#8221;<br>\ud83d\udcc5 13\/04\/2024<\/p>\n\n\n\n<hr class=\"wp-block-separator has-alpha-channel-opacity\"\/>\n\n\n\n<h3 class=\"wp-block-heading\" id=\"h-quem-usa-esse-modelo\">\ud83d\udca1 Quem Usa Esse Modelo?<\/h3>\n\n\n\n<ul>\n<li>Soldados, recrutas e reservistas<\/li>\n\n\n\n<li>Moto clubes (com nome e escudo)<\/li>\n\n\n\n<li>Crist\u00e3os (com vers\u00edculos e promessas)<\/li>\n\n\n\n<li>Casais (com datas e frases)<\/li>\n\n\n\n<li>Pais que desejam proteger seus filhos<\/li>\n\n\n\n<li>Pessoas com TDAH, TEA, epilepsia ou alergias<\/li>\n<\/ul>\n\n\n\n<hr class=\"wp-block-separator has-alpha-channel-opacity\"\/>\n\n\n\n<h3 class=\"wp-block-heading\" id=\"h-como-comprar-com-seguran-a-na-dogtagclan\">\ud83d\udce6 Como Comprar com Seguran\u00e7a na DogTagClan<\/h3>\n\n\n\n<ol>\n<li>Acesse: <a class=\"\" href=\"https:\/\/www.dogtagclan.com.br\">www.dogtagclan.com.br<\/a><\/li>\n\n\n\n<li>Escolha o modelo com <strong>duas plaquetas em alto-relevo<\/strong><\/li>\n\n\n\n<li>Envie os dados que deseja gravar<\/li>\n\n\n\n<li>Finalize seu pedido<\/li>\n\n\n\n<li>Enviamos para todo o Brasil com qualidade garantida<\/li>\n<\/ol>\n\n\n\n<p>\ud83d\udcf2 WhatsApp: <a>Clique aqui<\/a><\/p>\n\n\n\n<figure class=\"wp-block-image size-large is-resized\"><img decoding=\"async\" width=\"768\" height=\"1024\" src=\"https:\/\/dogtagclan.com.br\/blog\/wp-content\/uploads\/2025\/04\/dog-tag-cavaleiro-1-768x1024.jpg\" alt=\"\" class=\"wp-image-3912\" style=\"width:273px;height:auto\" srcset=\"https:\/\/dogtagclan.com.br\/blog\/wp-content\/uploads\/2025\/04\/dog-tag-cavaleiro-1-768x1024.jpg 768w, https:\/\/dogtagclan.com.br\/blog\/wp-content\/uploads\/2025\/04\/dog-tag-cavaleiro-1-225x300.jpg 225w, https:\/\/dogtagclan.com.br\/blog\/wp-content\/uploads\/2025\/04\/dog-tag-cavaleiro-1-640x853.jpg 640w, https:\/\/dogtagclan.com.br\/blog\/wp-content\/uploads\/2025\/04\/dog-tag-cavaleiro-1-150x200.jpg 150w, https:\/\/dogtagclan.com.br\/blog\/wp-content\/uploads\/2025\/04\/dog-tag-cavaleiro-1.jpg 960w\" sizes=\"(max-width: 768px) 100vw, 768px\" \/><\/figure>\n\n\n\n<hr class=\"wp-block-separator has-alpha-channel-opacity\"\/>\n\n\n\n<h3 class=\"wp-block-heading\" id=\"h-faq-perguntas-frequentes\">\u2753 FAQ \u2013 Perguntas Frequentes<\/h3>\n\n\n\n<p><strong>1. As duas placas s\u00e3o iguais?<\/strong><br>Voc\u00ea pode optar por placas com os mesmos dados ou totalmente diferentes.<\/p>\n\n\n\n<p><strong>2. A grava\u00e7\u00e3o sai com o tempo?<\/strong><br>N\u00e3o. O alto-relevo \u00e9 permanente e feito para durar d\u00e9cadas.<\/p>\n\n\n\n<p><strong>3. Posso escolher a cor da corrente?<\/strong><br>Sim! Temos corrente em inox, preta, dourada e modelos econ\u00f4micos.<\/p>\n\n\n\n<p><strong>4. Posso colocar uma imagem ou logotipo?<\/strong><br>Sim! A segunda placa pode receber logo, s\u00edmbolo ou arte personalizada.<\/p>\n\n\n\n<hr class=\"wp-block-separator has-alpha-channel-opacity\"\/>\n\n\n\n<h3 class=\"wp-block-heading\" id=\"h-conclus-o-duas-plaquetas-uma-s-miss-o\">Conclus\u00e3o: Duas Plaquetas. Uma S\u00f3 Miss\u00e3o.<\/h3>\n\n\n\n<p>A <strong>dog tag com duas plaquetas em alto-relevo<\/strong> une o melhor do mundo militar com o que h\u00e1 de mais humano: <strong>prop\u00f3sito, f\u00e9, prote\u00e7\u00e3o e mem\u00f3ria<\/strong>.<\/p>\n\n\n\n<p>Grave sua hist\u00f3ria no a\u00e7o. Fa\u00e7a parte de algo maior.<\/p>\n\n\n\n<hr class=\"wp-block-separator has-alpha-channel-opacity\"\/>\n\n\n\n<p>\ud83d\udcce Links \u00fateis:<\/p>\n\n\n\n<ul>\n<li><a class=\"\" href=\"https:\/\/www.dogtagclan.com.br\">Dog Tags Personalizadas com 2 Plaquetas<\/a><\/li>\n\n\n\n<li><a>Fale com a DogTagClan no WhatsApp<\/a><\/li>\n<\/ul>\n\n\n\n<hr class=\"wp-block-separator has-alpha-channel-opacity\"\/>\n\n\n\n<h3 class=\"wp-block-heading\" id=\"h-\"><\/h3>\n\n\n\n<p>#DogTagComDuasPlaquetas #DogTagAltoRelevo #DogTagMilitar #DogTagPersonalizada #PlaquetaMilitar #DogTagClan #GraveSuaHist\u00f3riaNoA\u00e7o #DogTagCrist\u00e3 #PresenteComProp\u00f3sito #DogTagFrenteEVerso<\/p>\n","protected":false},"excerpt":{"rendered":"<p>A dog tag com duas plaquetas \u00e9 mais do que uma pe\u00e7a de metal \u2014 \u00e9 uma forma de gravar<\/p>\n","protected":false},"author":1,"featured_media":4083,"comment_status":"open","ping_status":"open","sticky":false,"template":"","format":"standard","meta":{"footnotes":""},"categories":[11,17],"tags":[33,1076,913,898,925,1078,35,38,1080,1049,243,1079,1077,893],"yoast_head":"<!-- This site is optimized with the Yoast SEO Premium plugin v15.5 - https:\/\/yoast.com\/wordpress\/plugins\/seo\/ -->\n<title>\ud83d\udee1\ufe0f Dog Tag com Duas Plaquetas em Alto-Relevo \u2013 Seguran\u00e7a, Estilo Militar e Grava\u00e7\u00e3o Dur\u00e1vel Frente e Verso | DogTagClan Blog<\/title>\n<meta name=\"description\" content=\"Descubra por que a dog tag com duas plaquetas em alto-relevo \u00e9 o modelo ideal para quem busca seguran\u00e7a, estilo militar e grava\u00e7\u00e3o personalizada frente e verso.\" \/>\n<meta name=\"robots\" content=\"index, follow, max-snippet:-1, max-image-preview:large, max-video-preview:-1\" \/>\n<link rel=\"canonical\" href=\"https:\/\/dogtagclan.com.br\/blog\/\ud83d\udee1\ufe0f-dog-tag-com-duas-plaquetas-em-alto-relevo-seguranca-estilo-militar-e-gravacao-duravel-frente-e-verso\/\" \/>\n<meta property=\"og:locale\" content=\"pt_BR\" \/>\n<meta property=\"og:type\" content=\"article\" \/>\n<meta property=\"og:title\" content=\"\ud83d\udee1\ufe0f Dog Tag com Duas Plaquetas em Alto-Relevo \u2013 Seguran\u00e7a, Estilo Militar e Grava\u00e7\u00e3o Dur\u00e1vel Frente e Verso | DogTagClan Blog\" \/>\n<meta property=\"og:description\" content=\"Descubra por que a dog tag com duas plaquetas em alto-relevo \u00e9 o modelo ideal para quem busca seguran\u00e7a, estilo militar e grava\u00e7\u00e3o personalizada frente e verso.\" \/>\n<meta property=\"og:url\" content=\"https:\/\/dogtagclan.com.br\/blog\/\ud83d\udee1\ufe0f-dog-tag-com-duas-plaquetas-em-alto-relevo-seguranca-estilo-militar-e-gravacao-duravel-frente-e-verso\/\" \/>\n<meta property=\"og:site_name\" content=\"DogTagClan Blog\" \/>\n<meta property=\"article:publisher\" content=\"https:\/\/www.facebook.com\/dogtagclan\" \/>\n<meta property=\"article:author\" content=\"https:\/\/www.facebook.com\/dogtagclan\" \/>\n<meta property=\"article:published_time\" content=\"2025-04-29T21:10:04+00:00\" \/>\n<meta property=\"article:modified_time\" content=\"2025-04-29T21:13:24+00:00\" \/>\n<meta property=\"og:image\" content=\"https:\/\/dogtagclan.com.br\/blog\/wp-content\/uploads\/2025\/04\/duas-odg-tags.jpg\" \/>\n\t<meta property=\"og:image:width\" content=\"1024\" \/>\n\t<meta property=\"og:image:height\" content=\"1024\" \/>\n<meta name=\"twitter:card\" content=\"summary_large_image\" \/>\n<meta name=\"twitter:creator\" content=\"@https:\/\/x.com\/Dogtagclanclan\" \/>\n<meta name=\"twitter:label1\" content=\"Est. tempo de leitura\">\n\t<meta name=\"twitter:data1\" content=\"2 minutos\">\n<script type=\"application\/ld+json\" class=\"yoast-schema-graph\">{\"@context\":\"https:\/\/schema.org\",\"@graph\":[{\"@type\":\"Organization\",\"@id\":\"https:\/\/dogtagclan.com.br\/blog\/#organization\",\"name\":\"DogTagClan | Dog Tags, Crach\\u00e1s e Acess\\u00f3rios Personalizados\",\"url\":\"https:\/\/dogtagclan.com.br\/blog\/\",\"sameAs\":[\"https:\/\/www.facebook.com\/dogtagclan\"],\"logo\":{\"@type\":\"ImageObject\",\"@id\":\"https:\/\/dogtagclan.com.br\/blog\/#logo\",\"inLanguage\":\"pt-BR\",\"url\":\"https:\/\/dogtagclan.com.br\/blog\/wp-content\/uploads\/2023\/02\/cropped-doftagclan-logo.png\",\"width\":250,\"height\":140,\"caption\":\"DogTagClan | Dog Tags, Crach\\u00e1s e Acess\\u00f3rios Personalizados\"},\"image\":{\"@id\":\"https:\/\/dogtagclan.com.br\/blog\/#logo\"}},{\"@type\":\"WebSite\",\"@id\":\"https:\/\/dogtagclan.com.br\/blog\/#website\",\"url\":\"https:\/\/dogtagclan.com.br\/blog\/\",\"name\":\"DogTagClan Blog\",\"description\":\"A gente faz, do seu Jeito\",\"publisher\":{\"@id\":\"https:\/\/dogtagclan.com.br\/blog\/#organization\"},\"potentialAction\":[{\"@type\":\"SearchAction\",\"target\":\"https:\/\/dogtagclan.com.br\/blog\/?s={search_term_string}\",\"query-input\":\"required name=search_term_string\"}],\"inLanguage\":\"pt-BR\"},{\"@type\":\"ImageObject\",\"@id\":\"https:\/\/dogtagclan.com.br\/blog\/%f0%9f%9b%a1%ef%b8%8f-dog-tag-com-duas-plaquetas-em-alto-relevo-seguranca-estilo-militar-e-gravacao-duravel-frente-e-verso\/#primaryimage\",\"inLanguage\":\"pt-BR\",\"url\":\"https:\/\/dogtagclan.com.br\/blog\/wp-content\/uploads\/2025\/04\/duas-odg-tags.jpg\",\"width\":1024,\"height\":1024,\"caption\":\"Duas dog tags personalizadas em alto-relevo com nome, tipo sangu\\u00edneo e vers\\u00edculo b\\u00edblico. Modelo cl\\u00e1ssico militar da DogTagClan.\"},{\"@type\":\"WebPage\",\"@id\":\"https:\/\/dogtagclan.com.br\/blog\/%f0%9f%9b%a1%ef%b8%8f-dog-tag-com-duas-plaquetas-em-alto-relevo-seguranca-estilo-militar-e-gravacao-duravel-frente-e-verso\/#webpage\",\"url\":\"https:\/\/dogtagclan.com.br\/blog\/%f0%9f%9b%a1%ef%b8%8f-dog-tag-com-duas-plaquetas-em-alto-relevo-seguranca-estilo-militar-e-gravacao-duravel-frente-e-verso\/\",\"name\":\"\\ud83d\\udee1\\ufe0f Dog Tag com Duas Plaquetas em Alto-Relevo \\u2013 Seguran\\u00e7a, Estilo Militar e Grava\\u00e7\\u00e3o Dur\\u00e1vel Frente e Verso | DogTagClan Blog\",\"isPartOf\":{\"@id\":\"https:\/\/dogtagclan.com.br\/blog\/#website\"},\"primaryImageOfPage\":{\"@id\":\"https:\/\/dogtagclan.com.br\/blog\/%f0%9f%9b%a1%ef%b8%8f-dog-tag-com-duas-plaquetas-em-alto-relevo-seguranca-estilo-militar-e-gravacao-duravel-frente-e-verso\/#primaryimage\"},\"datePublished\":\"2025-04-29T21:10:04+00:00\",\"dateModified\":\"2025-04-29T21:13:24+00:00\",\"description\":\"Descubra por que a dog tag com duas plaquetas em alto-relevo \\u00e9 o modelo ideal para quem busca seguran\\u00e7a, estilo militar e grava\\u00e7\\u00e3o personalizada frente e verso.\",\"inLanguage\":\"pt-BR\",\"potentialAction\":[{\"@type\":\"ReadAction\",\"target\":[\"https:\/\/dogtagclan.com.br\/blog\/%f0%9f%9b%a1%ef%b8%8f-dog-tag-com-duas-plaquetas-em-alto-relevo-seguranca-estilo-militar-e-gravacao-duravel-frente-e-verso\/\"]}]},{\"@type\":\"Article\",\"@id\":\"https:\/\/dogtagclan.com.br\/blog\/%f0%9f%9b%a1%ef%b8%8f-dog-tag-com-duas-plaquetas-em-alto-relevo-seguranca-estilo-militar-e-gravacao-duravel-frente-e-verso\/#article\",\"isPartOf\":{\"@id\":\"https:\/\/dogtagclan.com.br\/blog\/%f0%9f%9b%a1%ef%b8%8f-dog-tag-com-duas-plaquetas-em-alto-relevo-seguranca-estilo-militar-e-gravacao-duravel-frente-e-verso\/#webpage\"},\"author\":{\"@id\":\"https:\/\/dogtagclan.com.br\/blog\/#\/schema\/person\/b7279d930f15e2a85c89cd3b2f1d8df5\"},\"headline\":\"\\ud83d\\udee1\\ufe0f Dog Tag com Duas Plaquetas em Alto-Relevo \\u2013 Seguran\\u00e7a, Estilo Militar e Grava\\u00e7\\u00e3o Dur\\u00e1vel Frente e Verso\",\"datePublished\":\"2025-04-29T21:10:04+00:00\",\"dateModified\":\"2025-04-29T21:13:24+00:00\",\"mainEntityOfPage\":{\"@id\":\"https:\/\/dogtagclan.com.br\/blog\/%f0%9f%9b%a1%ef%b8%8f-dog-tag-com-duas-plaquetas-em-alto-relevo-seguranca-estilo-militar-e-gravacao-duravel-frente-e-verso\/#webpage\"},\"commentCount\":0,\"publisher\":{\"@id\":\"https:\/\/dogtagclan.com.br\/blog\/#organization\"},\"image\":{\"@id\":\"https:\/\/dogtagclan.com.br\/blog\/%f0%9f%9b%a1%ef%b8%8f-dog-tag-com-duas-plaquetas-em-alto-relevo-seguranca-estilo-militar-e-gravacao-duravel-frente-e-verso\/#primaryimage\"},\"keywords\":\"dog tag alto relevo,dog tag com duas plaquetas,dog tag com vers\\u00edculo,dog tag crist\\u00e3,dog tag frente e verso,dog tag militar com frase,dog tag personalizada,dogtagclan,grava\\u00e7\\u00e3o dur\\u00e1vel,identifica\\u00e7\\u00e3o com estilo,Identifica\\u00e7\\u00e3o Militar,plaqueta com dados e homenagem,plaqueta militar personalizada,presente com prop\\u00f3sito\",\"articleSection\":\"Dog tags,Dog Tags Personalizadas\",\"inLanguage\":\"pt-BR\",\"potentialAction\":[{\"@type\":\"CommentAction\",\"name\":\"Comment\",\"target\":[\"https:\/\/dogtagclan.com.br\/blog\/%f0%9f%9b%a1%ef%b8%8f-dog-tag-com-duas-plaquetas-em-alto-relevo-seguranca-estilo-militar-e-gravacao-duravel-frente-e-verso\/#respond\"]}]},{\"@type\":\"Person\",\"@id\":\"https:\/\/dogtagclan.com.br\/blog\/#\/schema\/person\/b7279d930f15e2a85c89cd3b2f1d8df5\",\"name\":\"dogtagclan\",\"description\":\"\\\"A DogTagClan \\u00e9 especializada na fabrica\\u00e7\\u00e3o e personaliza\\u00e7\\u00e3o de Dog Tags, crach\\u00e1s e acess\\u00f3rios. Produzimos pe\\u00e7as em a\\u00e7o inoxid\\u00e1vel com grava\\u00e7\\u00f5es de alta precis\\u00e3o para identifica\\u00e7\\u00e3o pessoal e profissional.\\\"\",\"sameAs\":[\"https:\/\/blog.dogtagclan.com.br\",\"https:\/\/www.facebook.com\/dogtagclan\",\"https:\/\/www.instagram.com\/dogtagclan\",\"https:\/\/twitter.com\/https:\/\/x.com\/Dogtagclanclan\",\"https:\/\/www.youtube.com\/dogtagclan\"]}]}<\/script>\n<!-- \/ Yoast SEO Premium plugin. -->","_links":{"self":[{"href":"https:\/\/dogtagclan.com.br\/blog\/wp-json\/wp\/v2\/posts\/4082"}],"collection":[{"href":"https:\/\/dogtagclan.com.br\/blog\/wp-json\/wp\/v2\/posts"}],"about":[{"href":"https:\/\/dogtagclan.com.br\/blog\/wp-json\/wp\/v2\/types\/post"}],"author":[{"embeddable":true,"href":"https:\/\/dogtagclan.com.br\/blog\/wp-json\/wp\/v2\/users\/1"}],"replies":[{"embeddable":true,"href":"https:\/\/dogtagclan.com.br\/blog\/wp-json\/wp\/v2\/comments?post=4082"}],"version-history":[{"count":0,"href":"https:\/\/dogtagclan.com.br\/blog\/wp-json\/wp\/v2\/posts\/4082\/revisions"}],"wp:featuredmedia":[{"embeddable":true,"href":"https:\/\/dogtagclan.com.br\/blog\/wp-json\/wp\/v2\/media\/4083"}],"wp:attachment":[{"href":"https:\/\/dogtagclan.com.br\/blog\/wp-json\/wp\/v2\/media?parent=4082"}],"wp:term":[{"taxonomy":"category","embeddable":true,"href":"https:\/\/dogtagclan.com.br\/blog\/wp-json\/wp\/v2\/categories?post=4082"},{"taxonomy":"post_tag","embeddable":true,"href":"https:\/\/dogtagclan.com.br\/blog\/wp-json\/wp\/v2\/tags?post=4082"}],"curies":[{"name":"wp","href":"https:\/\/api.w.org\/{rel}","templated":true}]}}