{"id":4031,"date":"2025-04-25T17:45:38","date_gmt":"2025-04-25T20:45:38","guid":{"rendered":"https:\/\/dogtagclan.com.br\/blog\/?p=4031"},"modified":"2025-04-25T17:45:38","modified_gmt":"2025-04-25T20:45:38","slug":"dog-tag-combatente-de-montanha-resiliencia-e-coragem-gravadas-no-aco","status":"publish","type":"post","link":"https:\/\/dogtagclan.com.br\/blog\/dog-tag-combatente-de-montanha-resiliencia-e-coragem-gravadas-no-aco\/","title":{"rendered":"Dog Tag Combatente de Montanha \u2013 Resili\u00eancia e Coragem Gravadas no A\u00e7o"},"content":{"rendered":"\n<p>Subir uma montanha n\u00e3o \u00e9 apenas um desafio f\u00edsico. \u00c9 uma prova de supera\u00e7\u00e3o, disciplina, resist\u00eancia e honra. Pensando nisso, a DogTagClan criou a <strong>Dog Tag Combatente de Montanha<\/strong>, um item que vai al\u00e9m da identifica\u00e7\u00e3o: \u00e9 um s\u00edmbolo de tudo o que voc\u00ea enfrentou e conquistou.<\/p>\n\n\n\n<h2 class=\"wp-block-heading\" id=\"h-grave-a-sua-miss-o-no-a-o\">Grave a sua miss\u00e3o no a\u00e7o<\/h2>\n\n\n\n<figure class=\"wp-block-image size-full\"><a href=\"https:\/\/www.dogtagclan.com.br\/produto\/dog-tag-guia-de-cordada\"><img decoding=\"async\" width=\"500\" height=\"500\" src=\"https:\/\/dogtagclan.com.br\/blog\/wp-content\/uploads\/2025\/04\/dog-tag-guia-de-cordada-0.jpg\" alt=\"dog tag montanha\" class=\"wp-image-4032\" srcset=\"https:\/\/dogtagclan.com.br\/blog\/wp-content\/uploads\/2025\/04\/dog-tag-guia-de-cordada-0.jpg 500w, https:\/\/dogtagclan.com.br\/blog\/wp-content\/uploads\/2025\/04\/dog-tag-guia-de-cordada-0-300x300.jpg 300w, https:\/\/dogtagclan.com.br\/blog\/wp-content\/uploads\/2025\/04\/dog-tag-guia-de-cordada-0-150x150.jpg 150w, https:\/\/dogtagclan.com.br\/blog\/wp-content\/uploads\/2025\/04\/dog-tag-guia-de-cordada-0-96x96.jpg 96w\" sizes=\"(max-width: 500px) 100vw, 500px\" \/><\/a><\/figure>\n\n\n\n<p>Cada combatente tem sua hist\u00f3ria. Por isso, essa dog tag \u00e9 <strong>totalmente personaliz\u00e1vel<\/strong>. Voc\u00ea pode:<\/p>\n\n\n\n<ul>\n<li>Inserir <strong>nome, patente ou turma<\/strong>;<\/li>\n\n\n\n<li>Adicionar <strong>imagens<\/strong>, como o bras\u00e3o do curso ou um s\u00edmbolo pessoal;<\/li>\n\n\n\n<li>Gravar <strong>datas, frases motivacionais ou vers\u00edculos<\/strong>;<\/li>\n\n\n\n<li>Escolher <strong>grava\u00e7\u00e3o em alto relevo ou ponta de diamante<\/strong>.<\/li>\n<\/ul>\n\n\n\n<p>Se quiser, pode <strong>enviar uma imagem ou dados personalizados<\/strong>, e nossa equipe vai cuidar de cada detalhe da grava\u00e7\u00e3o com a qualidade que s\u00f3 a DogTagClan oferece.<\/p>\n\n\n\n<h2 class=\"wp-block-heading\" id=\"h-um-presente-de-respeito\">Um presente de respeito<\/h2>\n\n\n\n<p>Quer homenagear um amigo, filho, namorado ou irm\u00e3o que concluiu um curso de montanha? A Dog Tag Combatente de Montanha \u00e9 o presente ideal.<\/p>\n\n\n\n<ul>\n<li>A\u00e7o inox 304 de <strong>alta durabilidade<\/strong> (n\u00e3o enferruja);<\/li>\n\n\n\n<li>Corrente masculina de <strong>70cm ou mais<\/strong>;<\/li>\n\n\n\n<li>Op\u00e7\u00e3o de <strong>dog tag com caixinha para presente<\/strong>;<\/li>\n\n\n\n<li>Entregamos para todo o Brasil.<\/li>\n<\/ul>\n\n\n\n<h2 class=\"wp-block-heading\" id=\"h-para-quem-essa-dog-tag-feita\">Para quem essa dog tag \u00e9 feita?<\/h2>\n\n\n\n<ul>\n<li>Alunos e formados no <strong>curso de combatente de montanha<\/strong>;<\/li>\n\n\n\n<li>Integrantes do <strong>Ex\u00e9rcito Brasileiro<\/strong> ou da reserva;<\/li>\n\n\n\n<li>Militares que passaram pela <strong>prepara\u00e7\u00e3o em ambiente hostil<\/strong>;<\/li>\n\n\n\n<li>Amantes da vida t\u00e1tica e colecionadores de pe\u00e7as exclusivas.<\/li>\n<\/ul>\n\n\n\n<h2 class=\"wp-block-heading\" id=\"h-por-que-escolher-a-dogtagclan\">Por que escolher a DogTagClan?<\/h2>\n\n\n\n<p>Na DogTagClan, cada pe\u00e7a \u00e9 feita com respeito \u00e0 hist\u00f3ria de quem a carrega. Somos especialistas em grava\u00e7\u00f5es personalizadas e temos orgulho em produzir dog tags que resistem ao tempo e carregam valor emocional.<\/p>\n\n\n\n<h2 class=\"wp-block-heading\" id=\"h-encomende-agora-sua-dog-tag-combatente-de-montanha\">Encomende agora sua Dog Tag Combatente de Montanha<\/h2>\n\n\n\n<p>Basta acessar: <a href=\"https:\/\/dogtagclan.com.br\"><strong>dogtagclan.com.br<\/strong><\/a><\/p>\n\n\n\n<p>Ou fale direto com nossa equipe no WhatsApp: <a><strong>https:\/\/wa.me\/554174001990<\/strong><\/a><\/p>\n\n\n\n<p>Grave sua hist\u00f3ria no a\u00e7o. Honre sua miss\u00e3o.<\/p>\n","protected":false},"excerpt":{"rendered":"<p>Subir uma montanha n\u00e3o \u00e9 apenas um desafio f\u00edsico. \u00c9 uma prova de supera\u00e7\u00e3o, disciplina, resist\u00eancia e honra. Pensando nisso,<\/p>\n","protected":false},"author":1,"featured_media":4033,"comment_status":"open","ping_status":"open","sticky":false,"template":"","format":"standard","meta":{"footnotes":""},"categories":[11,17],"tags":[],"yoast_head":"<!-- This site is optimized with the Yoast SEO Premium plugin v15.5 - https:\/\/yoast.com\/wordpress\/plugins\/seo\/ -->\n<title>Dog Tag Combatente de Montanha \u2013 Resili\u00eancia e Coragem Gravadas no A\u00e7o | DogTagClan Blog<\/title>\n<meta name=\"description\" content=\"Subir uma montanha n\u00e3o \u00e9 apenas um desafio f\u00edsico. \u00c9 uma prova de supera\u00e7\u00e3o, disciplina, resist\u00eancia e honra. Pensando nisso, a DogTagClan\" \/>\n<meta name=\"robots\" content=\"index, follow, max-snippet:-1, max-image-preview:large, max-video-preview:-1\" \/>\n<link rel=\"canonical\" href=\"https:\/\/dogtagclan.com.br\/blog\/dog-tag-combatente-de-montanha-resiliencia-e-coragem-gravadas-no-aco\/\" \/>\n<meta property=\"og:locale\" content=\"pt_BR\" \/>\n<meta property=\"og:type\" content=\"article\" \/>\n<meta property=\"og:title\" content=\"Dog Tag Combatente de Montanha \u2013 Resili\u00eancia e Coragem Gravadas no A\u00e7o | DogTagClan Blog\" \/>\n<meta property=\"og:description\" content=\"Subir uma montanha n\u00e3o \u00e9 apenas um desafio f\u00edsico. \u00c9 uma prova de supera\u00e7\u00e3o, disciplina, resist\u00eancia e honra. Pensando nisso, a DogTagClan\" \/>\n<meta property=\"og:url\" content=\"https:\/\/dogtagclan.com.br\/blog\/dog-tag-combatente-de-montanha-resiliencia-e-coragem-gravadas-no-aco\/\" \/>\n<meta property=\"og:site_name\" content=\"DogTagClan Blog\" \/>\n<meta property=\"article:publisher\" content=\"https:\/\/www.facebook.com\/dogtagclan\" \/>\n<meta property=\"article:author\" content=\"https:\/\/www.facebook.com\/dogtagclan\" \/>\n<meta property=\"article:published_time\" content=\"2025-04-25T20:45:38+00:00\" \/>\n<meta property=\"og:image\" content=\"https:\/\/dogtagclan.com.br\/blog\/wp-content\/uploads\/2025\/04\/5b6b2ed0-fa80-46c8-a823-9e7dfb77ec20.png\" \/>\n\t<meta property=\"og:image:width\" content=\"1024\" \/>\n\t<meta property=\"og:image:height\" content=\"1024\" \/>\n<meta name=\"twitter:card\" content=\"summary_large_image\" \/>\n<meta name=\"twitter:creator\" content=\"@https:\/\/x.com\/Dogtagclanclan\" \/>\n<meta name=\"twitter:label1\" content=\"Est. tempo de leitura\">\n\t<meta name=\"twitter:data1\" content=\"1 minuto\">\n<script type=\"application\/ld+json\" class=\"yoast-schema-graph\">{\"@context\":\"https:\/\/schema.org\",\"@graph\":[{\"@type\":\"Organization\",\"@id\":\"https:\/\/dogtagclan.com.br\/blog\/#organization\",\"name\":\"DogTagClan | Dog Tags, Crach\\u00e1s e Acess\\u00f3rios Personalizados\",\"url\":\"https:\/\/dogtagclan.com.br\/blog\/\",\"sameAs\":[\"https:\/\/www.facebook.com\/dogtagclan\"],\"logo\":{\"@type\":\"ImageObject\",\"@id\":\"https:\/\/dogtagclan.com.br\/blog\/#logo\",\"inLanguage\":\"pt-BR\",\"url\":\"https:\/\/dogtagclan.com.br\/blog\/wp-content\/uploads\/2023\/02\/cropped-doftagclan-logo.png\",\"width\":250,\"height\":140,\"caption\":\"DogTagClan | Dog Tags, Crach\\u00e1s e Acess\\u00f3rios Personalizados\"},\"image\":{\"@id\":\"https:\/\/dogtagclan.com.br\/blog\/#logo\"}},{\"@type\":\"WebSite\",\"@id\":\"https:\/\/dogtagclan.com.br\/blog\/#website\",\"url\":\"https:\/\/dogtagclan.com.br\/blog\/\",\"name\":\"DogTagClan Blog\",\"description\":\"A gente faz, do seu Jeito\",\"publisher\":{\"@id\":\"https:\/\/dogtagclan.com.br\/blog\/#organization\"},\"potentialAction\":[{\"@type\":\"SearchAction\",\"target\":\"https:\/\/dogtagclan.com.br\/blog\/?s={search_term_string}\",\"query-input\":\"required name=search_term_string\"}],\"inLanguage\":\"pt-BR\"},{\"@type\":\"ImageObject\",\"@id\":\"https:\/\/dogtagclan.com.br\/blog\/dog-tag-combatente-de-montanha-resiliencia-e-coragem-gravadas-no-aco\/#primaryimage\",\"inLanguage\":\"pt-BR\",\"url\":\"https:\/\/dogtagclan.com.br\/blog\/wp-content\/uploads\/2025\/04\/5b6b2ed0-fa80-46c8-a823-9e7dfb77ec20.png\",\"width\":1024,\"height\":1024,\"caption\":\"Dog Tag personalizada para combatente de montanha \\u2013 grave seu nome, patente ou frase de supera\\u00e7\\u00e3o.\"},{\"@type\":\"WebPage\",\"@id\":\"https:\/\/dogtagclan.com.br\/blog\/dog-tag-combatente-de-montanha-resiliencia-e-coragem-gravadas-no-aco\/#webpage\",\"url\":\"https:\/\/dogtagclan.com.br\/blog\/dog-tag-combatente-de-montanha-resiliencia-e-coragem-gravadas-no-aco\/\",\"name\":\"Dog Tag Combatente de Montanha \\u2013 Resili\\u00eancia e Coragem Gravadas no A\\u00e7o | DogTagClan Blog\",\"isPartOf\":{\"@id\":\"https:\/\/dogtagclan.com.br\/blog\/#website\"},\"primaryImageOfPage\":{\"@id\":\"https:\/\/dogtagclan.com.br\/blog\/dog-tag-combatente-de-montanha-resiliencia-e-coragem-gravadas-no-aco\/#primaryimage\"},\"datePublished\":\"2025-04-25T20:45:38+00:00\",\"dateModified\":\"2025-04-25T20:45:38+00:00\",\"description\":\"Subir uma montanha n\\u00e3o \\u00e9 apenas um desafio f\\u00edsico. \\u00c9 uma prova de supera\\u00e7\\u00e3o, disciplina, resist\\u00eancia e honra. Pensando nisso, a DogTagClan\",\"inLanguage\":\"pt-BR\",\"potentialAction\":[{\"@type\":\"ReadAction\",\"target\":[\"https:\/\/dogtagclan.com.br\/blog\/dog-tag-combatente-de-montanha-resiliencia-e-coragem-gravadas-no-aco\/\"]}]},{\"@type\":\"Article\",\"@id\":\"https:\/\/dogtagclan.com.br\/blog\/dog-tag-combatente-de-montanha-resiliencia-e-coragem-gravadas-no-aco\/#article\",\"isPartOf\":{\"@id\":\"https:\/\/dogtagclan.com.br\/blog\/dog-tag-combatente-de-montanha-resiliencia-e-coragem-gravadas-no-aco\/#webpage\"},\"author\":{\"@id\":\"https:\/\/dogtagclan.com.br\/blog\/#\/schema\/person\/b7279d930f15e2a85c89cd3b2f1d8df5\"},\"headline\":\"Dog Tag Combatente de Montanha \\u2013 Resili\\u00eancia e Coragem Gravadas no A\\u00e7o\",\"datePublished\":\"2025-04-25T20:45:38+00:00\",\"dateModified\":\"2025-04-25T20:45:38+00:00\",\"mainEntityOfPage\":{\"@id\":\"https:\/\/dogtagclan.com.br\/blog\/dog-tag-combatente-de-montanha-resiliencia-e-coragem-gravadas-no-aco\/#webpage\"},\"commentCount\":0,\"publisher\":{\"@id\":\"https:\/\/dogtagclan.com.br\/blog\/#organization\"},\"image\":{\"@id\":\"https:\/\/dogtagclan.com.br\/blog\/dog-tag-combatente-de-montanha-resiliencia-e-coragem-gravadas-no-aco\/#primaryimage\"},\"articleSection\":\"Dog tags,Dog Tags Personalizadas\",\"inLanguage\":\"pt-BR\",\"potentialAction\":[{\"@type\":\"CommentAction\",\"name\":\"Comment\",\"target\":[\"https:\/\/dogtagclan.com.br\/blog\/dog-tag-combatente-de-montanha-resiliencia-e-coragem-gravadas-no-aco\/#respond\"]}]},{\"@type\":\"Person\",\"@id\":\"https:\/\/dogtagclan.com.br\/blog\/#\/schema\/person\/b7279d930f15e2a85c89cd3b2f1d8df5\",\"name\":\"dogtagclan\",\"description\":\"\\\"A DogTagClan \\u00e9 especializada na fabrica\\u00e7\\u00e3o e personaliza\\u00e7\\u00e3o de Dog Tags, crach\\u00e1s e acess\\u00f3rios. Produzimos pe\\u00e7as em a\\u00e7o inoxid\\u00e1vel com grava\\u00e7\\u00f5es de alta precis\\u00e3o para identifica\\u00e7\\u00e3o pessoal e profissional.\\\"\",\"sameAs\":[\"https:\/\/blog.dogtagclan.com.br\",\"https:\/\/www.facebook.com\/dogtagclan\",\"https:\/\/www.instagram.com\/dogtagclan\",\"https:\/\/twitter.com\/https:\/\/x.com\/Dogtagclanclan\",\"https:\/\/www.youtube.com\/dogtagclan\"]}]}<\/script>\n<!-- \/ Yoast SEO Premium plugin. -->","_links":{"self":[{"href":"https:\/\/dogtagclan.com.br\/blog\/wp-json\/wp\/v2\/posts\/4031"}],"collection":[{"href":"https:\/\/dogtagclan.com.br\/blog\/wp-json\/wp\/v2\/posts"}],"about":[{"href":"https:\/\/dogtagclan.com.br\/blog\/wp-json\/wp\/v2\/types\/post"}],"author":[{"embeddable":true,"href":"https:\/\/dogtagclan.com.br\/blog\/wp-json\/wp\/v2\/users\/1"}],"replies":[{"embeddable":true,"href":"https:\/\/dogtagclan.com.br\/blog\/wp-json\/wp\/v2\/comments?post=4031"}],"version-history":[{"count":0,"href":"https:\/\/dogtagclan.com.br\/blog\/wp-json\/wp\/v2\/posts\/4031\/revisions"}],"wp:featuredmedia":[{"embeddable":true,"href":"https:\/\/dogtagclan.com.br\/blog\/wp-json\/wp\/v2\/media\/4033"}],"wp:attachment":[{"href":"https:\/\/dogtagclan.com.br\/blog\/wp-json\/wp\/v2\/media?parent=4031"}],"wp:term":[{"taxonomy":"category","embeddable":true,"href":"https:\/\/dogtagclan.com.br\/blog\/wp-json\/wp\/v2\/categories?post=4031"},{"taxonomy":"post_tag","embeddable":true,"href":"https:\/\/dogtagclan.com.br\/blog\/wp-json\/wp\/v2\/tags?post=4031"}],"curies":[{"name":"wp","href":"https:\/\/api.w.org\/{rel}","templated":true}]}}