{"id":4019,"date":"2025-04-25T07:48:01","date_gmt":"2025-04-25T10:48:01","guid":{"rendered":"https:\/\/dogtagclan.com.br\/blog\/?p=4019"},"modified":"2025-04-25T07:48:39","modified_gmt":"2025-04-25T10:48:39","slug":"cordao-masculino-70cm-para-dog-tag-estilo-resistencia-e-personalizacao-no-aco","status":"publish","type":"post","link":"https:\/\/dogtagclan.com.br\/blog\/cordao-masculino-70cm-para-dog-tag-estilo-resistencia-e-personalizacao-no-aco\/","title":{"rendered":"Cord\u00e3o Masculino 70cm para Dog Tag \u2013 Estilo, Resist\u00eancia e Personaliza\u00e7\u00e3o no A\u00e7o"},"content":{"rendered":"\n<p>Se voc\u00ea est\u00e1 procurando um <strong>cord\u00e3o masculino resistente, estiloso e sob medida para usar com sua dog tag personalizada<\/strong>, este artigo \u00e9 para voc\u00ea. O cord\u00e3o 70cm da DogTagClan foi desenvolvido especialmente para homens que valorizam a combina\u00e7\u00e3o entre <strong>identidade visual e durabilidade no dia a dia.<\/strong><\/p>\n\n\n\n<figure class=\"wp-block-image size-full is-resized\"><a href=\"https:\/\/dogtagclan.com.br\/\"><img decoding=\"async\" width=\"446\" height=\"385\" src=\"https:\/\/dogtagclan.com.br\/blog\/wp-content\/uploads\/2025\/03\/corrennte-1.jpg\" alt=\"corrennte cord\u00e3o\" class=\"wp-image-3232\" style=\"width:365px;height:auto\" srcset=\"https:\/\/dogtagclan.com.br\/blog\/wp-content\/uploads\/2025\/03\/corrennte-1.jpg 446w, https:\/\/dogtagclan.com.br\/blog\/wp-content\/uploads\/2025\/03\/corrennte-1-300x259.jpg 300w, https:\/\/dogtagclan.com.br\/blog\/wp-content\/uploads\/2025\/03\/corrennte-1-150x129.jpg 150w\" sizes=\"(max-width: 446px) 100vw, 446px\" \/><\/a><\/figure>\n\n\n\n<h3 class=\"wp-block-heading\" id=\"h-por-que-escolher-um-cord-o-de-70cm-para-sua-dog-tag\">Por que escolher um cord\u00e3o de 70cm para sua Dog Tag?<\/h3>\n\n\n\n<p>O tamanho de 70cm \u00e9 ideal para o uso masculino. Ele proporciona um caimento perfeito no peitoral, permitindo que a dog tag fique vis\u00edvel sem incomodar. Essa medida tamb\u00e9m favorece o uso por baixo ou por cima da camiseta, o que garante versatilidade para diferentes ocasi\u00f5es.<\/p>\n\n\n\n<h3 class=\"wp-block-heading\" id=\"h-caracter-sticas-do-cord-o-masculino-dogtagclan\">Caracter\u00edsticas do Cord\u00e3o Masculino DogTagClan<\/h3>\n\n\n\n<ul>\n<li><strong>Tamanho ideal<\/strong>: 70cm de comprimento<\/li>\n\n\n\n<li><strong>Espessura refor\u00e7ada<\/strong>: 2.4mm (padr\u00e3o militar)<\/li>\n\n\n\n<li><strong>Material premium<\/strong>: A\u00e7o inoxid\u00e1vel que <strong>n\u00e3o enferruja<\/strong> e n\u00e3o perde o brilho<\/li>\n\n\n\n<li><strong>Acabamento seguro<\/strong>: Fecho tipo canoa incluso<\/li>\n\n\n\n<li><strong>Compat\u00edvel com todas as dog tags<\/strong> DogTagClan<\/li>\n<\/ul>\n\n\n\n<h3 class=\"wp-block-heading\" id=\"h-cord-o-para-quem-tem-estilo-e-prop-sito\">Cord\u00e3o para quem tem estilo e prop\u00f3sito<\/h3>\n\n\n\n<p>Mais do que um acess\u00f3rio, o cord\u00e3o de 70cm representa uma escolha com <strong>prop\u00f3sito<\/strong>. Ele acompanha as dog tags que contam hist\u00f3rias: de soldados, de homens de f\u00e9, de pessoas que enfrentam desafios e querem deixar um legado marcado no a\u00e7o.<\/p>\n\n\n\n<p>Na DogTagClan, voc\u00ea pode escolher o cord\u00e3o avulso ou como parte de um kit com sua tag personalizada.<\/p>\n\n\n\n<figure class=\"wp-block-image size-full is-resized\"><a href=\"https:\/\/dogtagclan.com.br\/\"><img decoding=\"async\" width=\"768\" height=\"1024\" src=\"https:\/\/dogtagclan.com.br\/blog\/wp-content\/uploads\/2025\/04\/bombe444.jpg\" alt=\"dog tag da dogtagclan\" class=\"wp-image-3793\" style=\"width:577px;height:auto\" srcset=\"https:\/\/dogtagclan.com.br\/blog\/wp-content\/uploads\/2025\/04\/bombe444.jpg 768w, https:\/\/dogtagclan.com.br\/blog\/wp-content\/uploads\/2025\/04\/bombe444-225x300.jpg 225w, https:\/\/dogtagclan.com.br\/blog\/wp-content\/uploads\/2025\/04\/bombe444-640x853.jpg 640w, https:\/\/dogtagclan.com.br\/blog\/wp-content\/uploads\/2025\/04\/bombe444-150x200.jpg 150w\" sizes=\"(max-width: 768px) 100vw, 768px\" \/><\/a><\/figure>\n\n\n\n<h3 class=\"wp-block-heading\" id=\"h-indica-es-de-uso\">Indica\u00e7\u00f5es de uso:<\/h3>\n\n\n\n<ul>\n<li>Homens que usam dog tags diariamente<\/li>\n\n\n\n<li>Presentes masculinos personalizados<\/li>\n\n\n\n<li>Cord\u00f5es para colares militares<\/li>\n\n\n\n<li>Eventos, retiros, anivers\u00e1rios, miss\u00f5es<\/li>\n\n\n\n<li>Uniformes e identidade visual<\/li>\n<\/ul>\n\n\n\n<h3 class=\"wp-block-heading\" id=\"h-por-que-comprar-na-dogtagclan\">Por que comprar na DogTagClan?<\/h3>\n\n\n\n<ul>\n<li>Entrega para <strong>todo o Brasil<\/strong><\/li>\n\n\n\n<li>Produto sob medida para <strong>linha masculina<\/strong><\/li>\n\n\n\n<li>Qualidade <strong>profissional<\/strong> com grava\u00e7\u00e3o a ponta de diamante ou alto relevo<\/li>\n\n\n\n<li>Atendimento humanizado pelo WhatsApp: <a>clique aqui para falar conosco<\/a><\/li>\n\n\n\n<li>compre aqui <a href=\"https:\/\/dogtagclan.com.br\/\">https:\/\/dogtagclan.com.br\/<\/a><\/li>\n<\/ul>\n\n\n\n<figure class=\"wp-block-image size-large\"><img decoding=\"async\" width=\"768\" height=\"1024\" src=\"https:\/\/dogtagclan.com.br\/blog\/wp-content\/uploads\/2025\/04\/dog-tag-cavaleiro-1-768x1024.jpg\" alt=\"\" class=\"wp-image-3912\" srcset=\"https:\/\/dogtagclan.com.br\/blog\/wp-content\/uploads\/2025\/04\/dog-tag-cavaleiro-1-768x1024.jpg 768w, https:\/\/dogtagclan.com.br\/blog\/wp-content\/uploads\/2025\/04\/dog-tag-cavaleiro-1-225x300.jpg 225w, https:\/\/dogtagclan.com.br\/blog\/wp-content\/uploads\/2025\/04\/dog-tag-cavaleiro-1-640x853.jpg 640w, https:\/\/dogtagclan.com.br\/blog\/wp-content\/uploads\/2025\/04\/dog-tag-cavaleiro-1-150x200.jpg 150w, https:\/\/dogtagclan.com.br\/blog\/wp-content\/uploads\/2025\/04\/dog-tag-cavaleiro-1.jpg 960w\" sizes=\"(max-width: 768px) 100vw, 768px\" \/><\/figure>\n\n\n\n<h3 class=\"wp-block-heading\" id=\"h-faq-perguntas-frequentes\">FAQ &#8211; Perguntas Frequentes<\/h3>\n\n\n\n<p><strong>1. O cord\u00e3o vem com fecho?<\/strong> Sim. Enviamos com fecho tipo canoa de seguran\u00e7a.<\/p>\n\n\n\n<p><strong>2. Posso usar com qualquer dog tag?<\/strong> Sim. Nossas correntes s\u00e3o compat\u00edveis com o padr\u00e3o americano de tags.<\/p>\n\n\n\n<p><strong>3. O cord\u00e3o \u00e9 hipoalerg\u00eanico?<\/strong> Sim. \u00c9 feito de a\u00e7o inox 304, ideal para uso prolongado.<\/p>\n\n\n\n<p><strong>4. Voc\u00eas fazem grava\u00e7\u00f5es personalizadas?<\/strong> Sim. Temos grava\u00e7\u00e3o frente e verso, com imagem ou dados.<\/p>\n\n\n\n<hr class=\"wp-block-separator has-alpha-channel-opacity\"\/>\n\n\n\n<h3 class=\"wp-block-heading\" id=\"h-conclus-o\">Conclus\u00e3o<\/h3>\n\n\n\n<p>O <strong>cord\u00e3o masculino 70cm para dog tag da DogTagClan<\/strong> \u00e9 a escolha perfeita para quem deseja unir <strong>estilo, significado e resist\u00eancia<\/strong>. Adquira agora mesmo e grave sua hist\u00f3ria no a\u00e7o com quem \u00e9 refer\u00eancia em identidade personalizada.<\/p>\n","protected":false},"excerpt":{"rendered":"<p>Se voc\u00ea est\u00e1 procurando um cord\u00e3o masculino resistente, estiloso e sob medida para usar com sua dog tag personalizada, este<\/p>\n","protected":false},"author":1,"featured_media":4020,"comment_status":"open","ping_status":"open","sticky":false,"template":"","format":"standard","meta":{"footnotes":""},"categories":[722],"tags":[1006,1009,1007,1012,1011,1014,1008,1010,1013,38],"yoast_head":"<!-- This site is optimized with the Yoast SEO Premium plugin v15.5 - https:\/\/yoast.com\/wordpress\/plugins\/seo\/ -->\n<title>Cord\u00e3o Masculino 70cm para Dog Tag \u2013 Estilo, Resist\u00eancia e Personaliza\u00e7\u00e3o no A\u00e7o | DogTagClan Blog<\/title>\n<meta name=\"description\" content=\"Se voc\u00ea est\u00e1 procurando um cord\u00e3o masculino resistente, estiloso e sob medida para usar com sua dog tag personalizada, este artigo \u00e9 para voc\u00ea.\" \/>\n<meta name=\"robots\" content=\"index, follow, max-snippet:-1, max-image-preview:large, max-video-preview:-1\" \/>\n<link rel=\"canonical\" href=\"https:\/\/dogtagclan.com.br\/blog\/cordao-masculino-70cm-para-dog-tag-estilo-resistencia-e-personalizacao-no-aco\/\" \/>\n<meta property=\"og:locale\" content=\"pt_BR\" \/>\n<meta property=\"og:type\" content=\"article\" \/>\n<meta property=\"og:title\" content=\"Cord\u00e3o Masculino 70cm para Dog Tag \u2013 Estilo, Resist\u00eancia e Personaliza\u00e7\u00e3o no A\u00e7o | DogTagClan Blog\" \/>\n<meta property=\"og:description\" content=\"Se voc\u00ea est\u00e1 procurando um cord\u00e3o masculino resistente, estiloso e sob medida para usar com sua dog tag personalizada, este artigo \u00e9 para voc\u00ea.\" \/>\n<meta property=\"og:url\" content=\"https:\/\/dogtagclan.com.br\/blog\/cordao-masculino-70cm-para-dog-tag-estilo-resistencia-e-personalizacao-no-aco\/\" \/>\n<meta property=\"og:site_name\" content=\"DogTagClan Blog\" \/>\n<meta property=\"article:publisher\" content=\"https:\/\/www.facebook.com\/dogtagclan\" \/>\n<meta property=\"article:author\" content=\"https:\/\/www.facebook.com\/dogtagclan\" \/>\n<meta property=\"article:published_time\" content=\"2025-04-25T10:48:01+00:00\" \/>\n<meta property=\"article:modified_time\" content=\"2025-04-25T10:48:39+00:00\" \/>\n<meta property=\"og:image\" content=\"https:\/\/dogtagclan.com.br\/blog\/wp-content\/uploads\/2025\/04\/a-dog-tag-dogtagclan.jpg\" \/>\n\t<meta property=\"og:image:width\" content=\"1024\" \/>\n\t<meta property=\"og:image:height\" content=\"1024\" \/>\n<meta name=\"twitter:card\" content=\"summary_large_image\" \/>\n<meta name=\"twitter:creator\" content=\"@https:\/\/x.com\/Dogtagclanclan\" \/>\n<meta name=\"twitter:label1\" content=\"Est. tempo de leitura\">\n\t<meta name=\"twitter:data1\" content=\"2 minutos\">\n<script type=\"application\/ld+json\" class=\"yoast-schema-graph\">{\"@context\":\"https:\/\/schema.org\",\"@graph\":[{\"@type\":\"Organization\",\"@id\":\"https:\/\/dogtagclan.com.br\/blog\/#organization\",\"name\":\"DogTagClan | Dog Tags, Crach\\u00e1s e Acess\\u00f3rios Personalizados\",\"url\":\"https:\/\/dogtagclan.com.br\/blog\/\",\"sameAs\":[\"https:\/\/www.facebook.com\/dogtagclan\"],\"logo\":{\"@type\":\"ImageObject\",\"@id\":\"https:\/\/dogtagclan.com.br\/blog\/#logo\",\"inLanguage\":\"pt-BR\",\"url\":\"https:\/\/dogtagclan.com.br\/blog\/wp-content\/uploads\/2023\/02\/cropped-doftagclan-logo.png\",\"width\":250,\"height\":140,\"caption\":\"DogTagClan | Dog Tags, Crach\\u00e1s e Acess\\u00f3rios Personalizados\"},\"image\":{\"@id\":\"https:\/\/dogtagclan.com.br\/blog\/#logo\"}},{\"@type\":\"WebSite\",\"@id\":\"https:\/\/dogtagclan.com.br\/blog\/#website\",\"url\":\"https:\/\/dogtagclan.com.br\/blog\/\",\"name\":\"DogTagClan Blog\",\"description\":\"A gente faz, do seu Jeito\",\"publisher\":{\"@id\":\"https:\/\/dogtagclan.com.br\/blog\/#organization\"},\"potentialAction\":[{\"@type\":\"SearchAction\",\"target\":\"https:\/\/dogtagclan.com.br\/blog\/?s={search_term_string}\",\"query-input\":\"required name=search_term_string\"}],\"inLanguage\":\"pt-BR\"},{\"@type\":\"ImageObject\",\"@id\":\"https:\/\/dogtagclan.com.br\/blog\/cordao-masculino-70cm-para-dog-tag-estilo-resistencia-e-personalizacao-no-aco\/#primaryimage\",\"inLanguage\":\"pt-BR\",\"url\":\"https:\/\/dogtagclan.com.br\/blog\/wp-content\/uploads\/2025\/04\/a-dog-tag-dogtagclan.jpg\",\"width\":1024,\"height\":1024,\"caption\":\"Cord\\u00e3o 70cm linha masculina exclusivo da DogTagClan. Perfeito para destacar sua dog tag com presen\\u00e7a e durabilidade.\"},{\"@type\":\"WebPage\",\"@id\":\"https:\/\/dogtagclan.com.br\/blog\/cordao-masculino-70cm-para-dog-tag-estilo-resistencia-e-personalizacao-no-aco\/#webpage\",\"url\":\"https:\/\/dogtagclan.com.br\/blog\/cordao-masculino-70cm-para-dog-tag-estilo-resistencia-e-personalizacao-no-aco\/\",\"name\":\"Cord\\u00e3o Masculino 70cm para Dog Tag \\u2013 Estilo, Resist\\u00eancia e Personaliza\\u00e7\\u00e3o no A\\u00e7o | DogTagClan Blog\",\"isPartOf\":{\"@id\":\"https:\/\/dogtagclan.com.br\/blog\/#website\"},\"primaryImageOfPage\":{\"@id\":\"https:\/\/dogtagclan.com.br\/blog\/cordao-masculino-70cm-para-dog-tag-estilo-resistencia-e-personalizacao-no-aco\/#primaryimage\"},\"datePublished\":\"2025-04-25T10:48:01+00:00\",\"dateModified\":\"2025-04-25T10:48:39+00:00\",\"description\":\"Se voc\\u00ea est\\u00e1 procurando um cord\\u00e3o masculino resistente, estiloso e sob medida para usar com sua dog tag personalizada, este artigo \\u00e9 para voc\\u00ea.\",\"inLanguage\":\"pt-BR\",\"potentialAction\":[{\"@type\":\"ReadAction\",\"target\":[\"https:\/\/dogtagclan.com.br\/blog\/cordao-masculino-70cm-para-dog-tag-estilo-resistencia-e-personalizacao-no-aco\/\"]}]},{\"@type\":\"Article\",\"@id\":\"https:\/\/dogtagclan.com.br\/blog\/cordao-masculino-70cm-para-dog-tag-estilo-resistencia-e-personalizacao-no-aco\/#article\",\"isPartOf\":{\"@id\":\"https:\/\/dogtagclan.com.br\/blog\/cordao-masculino-70cm-para-dog-tag-estilo-resistencia-e-personalizacao-no-aco\/#webpage\"},\"author\":{\"@id\":\"https:\/\/dogtagclan.com.br\/blog\/#\/schema\/person\/b7279d930f15e2a85c89cd3b2f1d8df5\"},\"headline\":\"Cord\\u00e3o Masculino 70cm para Dog Tag \\u2013 Estilo, Resist\\u00eancia e Personaliza\\u00e7\\u00e3o no A\\u00e7o\",\"datePublished\":\"2025-04-25T10:48:01+00:00\",\"dateModified\":\"2025-04-25T10:48:39+00:00\",\"mainEntityOfPage\":{\"@id\":\"https:\/\/dogtagclan.com.br\/blog\/cordao-masculino-70cm-para-dog-tag-estilo-resistencia-e-personalizacao-no-aco\/#webpage\"},\"commentCount\":0,\"publisher\":{\"@id\":\"https:\/\/dogtagclan.com.br\/blog\/#organization\"},\"image\":{\"@id\":\"https:\/\/dogtagclan.com.br\/blog\/cordao-masculino-70cm-para-dog-tag-estilo-resistencia-e-personalizacao-no-aco\/#primaryimage\"},\"keywords\":\"cord\\u00e3o masculino para dog tag,cord\\u00e3o para dog tag personalizada,corrente 70cm a\\u00e7o inox,corrente de bolinha masculina,corrente estilo militar,corrente para colar militar,corrente para homens,corrente resistente,dog tag cord\\u00e3o masculino,dogtagclan\",\"articleSection\":\"Correntes de Bolinha e Acess\\u00f3rios\",\"inLanguage\":\"pt-BR\",\"potentialAction\":[{\"@type\":\"CommentAction\",\"name\":\"Comment\",\"target\":[\"https:\/\/dogtagclan.com.br\/blog\/cordao-masculino-70cm-para-dog-tag-estilo-resistencia-e-personalizacao-no-aco\/#respond\"]}]},{\"@type\":\"Person\",\"@id\":\"https:\/\/dogtagclan.com.br\/blog\/#\/schema\/person\/b7279d930f15e2a85c89cd3b2f1d8df5\",\"name\":\"dogtagclan\",\"description\":\"\\\"A DogTagClan \\u00e9 especializada na fabrica\\u00e7\\u00e3o e personaliza\\u00e7\\u00e3o de Dog Tags, crach\\u00e1s e acess\\u00f3rios. Produzimos pe\\u00e7as em a\\u00e7o inoxid\\u00e1vel com grava\\u00e7\\u00f5es de alta precis\\u00e3o para identifica\\u00e7\\u00e3o pessoal e profissional.\\\"\",\"sameAs\":[\"https:\/\/blog.dogtagclan.com.br\",\"https:\/\/www.facebook.com\/dogtagclan\",\"https:\/\/www.instagram.com\/dogtagclan\",\"https:\/\/twitter.com\/https:\/\/x.com\/Dogtagclanclan\",\"https:\/\/www.youtube.com\/dogtagclan\"]}]}<\/script>\n<!-- \/ Yoast SEO Premium plugin. -->","_links":{"self":[{"href":"https:\/\/dogtagclan.com.br\/blog\/wp-json\/wp\/v2\/posts\/4019"}],"collection":[{"href":"https:\/\/dogtagclan.com.br\/blog\/wp-json\/wp\/v2\/posts"}],"about":[{"href":"https:\/\/dogtagclan.com.br\/blog\/wp-json\/wp\/v2\/types\/post"}],"author":[{"embeddable":true,"href":"https:\/\/dogtagclan.com.br\/blog\/wp-json\/wp\/v2\/users\/1"}],"replies":[{"embeddable":true,"href":"https:\/\/dogtagclan.com.br\/blog\/wp-json\/wp\/v2\/comments?post=4019"}],"version-history":[{"count":0,"href":"https:\/\/dogtagclan.com.br\/blog\/wp-json\/wp\/v2\/posts\/4019\/revisions"}],"wp:featuredmedia":[{"embeddable":true,"href":"https:\/\/dogtagclan.com.br\/blog\/wp-json\/wp\/v2\/media\/4020"}],"wp:attachment":[{"href":"https:\/\/dogtagclan.com.br\/blog\/wp-json\/wp\/v2\/media?parent=4019"}],"wp:term":[{"taxonomy":"category","embeddable":true,"href":"https:\/\/dogtagclan.com.br\/blog\/wp-json\/wp\/v2\/categories?post=4019"},{"taxonomy":"post_tag","embeddable":true,"href":"https:\/\/dogtagclan.com.br\/blog\/wp-json\/wp\/v2\/tags?post=4019"}],"curies":[{"name":"wp","href":"https:\/\/api.w.org\/{rel}","templated":true}]}}