{"id":3965,"date":"2025-04-20T15:24:19","date_gmt":"2025-04-20T18:24:19","guid":{"rendered":"https:\/\/dogtagclan.com.br\/blog\/?p=3965"},"modified":"2025-04-20T15:25:27","modified_gmt":"2025-04-20T18:25:27","slug":"%f0%9f%96%8a%ef%b8%8f-palavras-que-marcam-grave-no-aco-aquilo-que-deus-falou-com-voce","status":"publish","type":"post","link":"https:\/\/dogtagclan.com.br\/blog\/%f0%9f%96%8a%ef%b8%8f-palavras-que-marcam-grave-no-aco-aquilo-que-deus-falou-com-voce\/","title":{"rendered":"\ud83d\udd8a\ufe0f Palavras Que Marcam: Grave No A\u00e7o Aquilo Que Deus Falou Com Voc\u00ea"},"content":{"rendered":"\n<h3 class=\"wp-block-heading\" id=\"h-uma-dog-tag-com-significado-eterno-para-quem-ouviu-algo-que-n-o-pode-ser-esquecido\">Uma dog tag com significado eterno para quem ouviu algo que n\u00e3o pode ser esquecido<\/h3>\n\n\n\n<hr class=\"wp-block-separator has-alpha-channel-opacity\"\/>\n\n\n\n<h2 class=\"wp-block-heading\" id=\"h-quando-deus-fala-algo-dentro-muda\">\ud83d\ude4f Quando Deus fala, algo dentro muda<\/h2>\n\n\n\n<p>Quem j\u00e1 viveu uma experi\u00eancia profunda com Deus sabe: tem palavras que n\u00e3o saem da mente. Elas tocam o cora\u00e7\u00e3o, mudam rotas, restauram identidades.<\/p>\n\n\n\n<p>Talvez voc\u00ea ouviu essa palavra l\u00e1 no alto de uma montanha. Ou em um retiro. Talvez no quarto secreto. Em uma prega\u00e7\u00e3o. Em meio \u00e0 dor.<\/p>\n\n\n\n<blockquote class=\"wp-block-quote is-layout-flow wp-block-quote-is-layout-flow\">\n<p>Quando Deus fala, n\u00e3o \u00e9 apenas para aquele momento. \u00c9 para carregar com voc\u00ea todos os dias.<\/p>\n<\/blockquote>\n\n\n\n<hr class=\"wp-block-separator has-alpha-channel-opacity\"\/>\n\n\n\n<h2 class=\"wp-block-heading\" id=\"h-como-n-o-esquecer-o-que-ele-disse\">\ud83d\udcbc Como n\u00e3o esquecer o que Ele disse?<\/h2>\n\n\n\n<p>A rotina vem. O barulho do mundo tenta calar aquela voz.<\/p>\n\n\n\n<p>Mas voc\u00ea pode <strong>gravar essa palavra no a\u00e7o<\/strong>. Literalmente. E us\u00e1-la no peito, como um lembrete constante:<\/p>\n\n\n\n<ul>\n<li>Da promessa que Ele fez<\/li>\n\n\n\n<li>Do chamado que te marcou<\/li>\n\n\n\n<li>Da palavra que te definiu<\/li>\n\n\n\n<li>Da identidade que foi restaurada<\/li>\n<\/ul>\n\n\n\n<figure class=\"wp-block-image size-full is-resized\"><img decoding=\"async\" width=\"768\" height=\"1024\" src=\"https:\/\/dogtagclan.com.br\/blog\/wp-content\/uploads\/2025\/04\/dog-tag-cruz-dogtagclan.jpg\" alt=\"\" class=\"wp-image-3867\" style=\"width:430px;height:auto\" srcset=\"https:\/\/dogtagclan.com.br\/blog\/wp-content\/uploads\/2025\/04\/dog-tag-cruz-dogtagclan.jpg 768w, https:\/\/dogtagclan.com.br\/blog\/wp-content\/uploads\/2025\/04\/dog-tag-cruz-dogtagclan-225x300.jpg 225w, https:\/\/dogtagclan.com.br\/blog\/wp-content\/uploads\/2025\/04\/dog-tag-cruz-dogtagclan-640x853.jpg 640w, https:\/\/dogtagclan.com.br\/blog\/wp-content\/uploads\/2025\/04\/dog-tag-cruz-dogtagclan-150x200.jpg 150w\" sizes=\"(max-width: 768px) 100vw, 768px\" \/><\/figure>\n\n\n\n<hr class=\"wp-block-separator has-alpha-channel-opacity\"\/>\n\n\n\n<h2 class=\"wp-block-heading\" id=\"h-a-dog-tag-como-mem-ria-de-prop-sito\">\ud83e\ude96 A Dog Tag Como Mem\u00f3ria de Prop\u00f3sito<\/h2>\n\n\n\n<p>Na DogTagClan, voc\u00ea personaliza <strong>uma dog tag com a sua palavra.<\/strong> Aquela que Deus disse e que voc\u00ea n\u00e3o quer esquecer.<\/p>\n\n\n\n<figure class=\"wp-block-image size-full is-resized\"><img decoding=\"async\" width=\"768\" height=\"1024\" src=\"https:\/\/dogtagclan.com.br\/blog\/wp-content\/uploads\/2025\/04\/bdogtag-frase.jpg\" alt=\"\" class=\"wp-image-3799\" style=\"width:455px;height:auto\" srcset=\"https:\/\/dogtagclan.com.br\/blog\/wp-content\/uploads\/2025\/04\/bdogtag-frase.jpg 768w, https:\/\/dogtagclan.com.br\/blog\/wp-content\/uploads\/2025\/04\/bdogtag-frase-225x300.jpg 225w, https:\/\/dogtagclan.com.br\/blog\/wp-content\/uploads\/2025\/04\/bdogtag-frase-640x853.jpg 640w, https:\/\/dogtagclan.com.br\/blog\/wp-content\/uploads\/2025\/04\/bdogtag-frase-150x200.jpg 150w\" sizes=\"(max-width: 768px) 100vw, 768px\" \/><\/figure>\n\n\n\n<h3 class=\"wp-block-heading\" id=\"h-o-que-voc-pode-gravar\">\ud83c\udf1f O que voc\u00ea pode gravar:<\/h3>\n\n\n\n<ul>\n<li>Frases: &#8220;Servo. Guerreiro. Filho.&#8221;<\/li>\n\n\n\n<li>Palavras individuais: Prop\u00f3sito, Escolhido, Identidade, F\u00e9, Renovo<\/li>\n\n\n\n<li>Vers\u00edculos: &#8220;O Senhor \u00e9 contigo, homem valente.&#8221; (Ju\u00edzes 6:12)<\/li>\n\n\n\n<li>Data da experi\u00eancia + nome<\/li>\n\n\n\n<li>Refer\u00eancia do retiro ou momento vivido<\/li>\n<\/ul>\n\n\n\n<blockquote class=\"wp-block-quote is-layout-flow wp-block-quote-is-layout-flow\">\n<p>Porque a Palavra que transforma precisa ser lembrada.<\/p>\n<\/blockquote>\n\n\n\n<hr class=\"wp-block-separator has-alpha-channel-opacity\"\/>\n\n\n\n<h2 class=\"wp-block-heading\" id=\"h-detalhes-da-dog-tag-dogtagclan\">\ud83d\udd27 Detalhes da Dog Tag DogTagClan<\/h2>\n\n\n\n<ul>\n<li>Feita em <strong>a\u00e7o inox de verdade<\/strong> (n\u00e3o escurece, n\u00e3o enferruja)<\/li>\n\n\n\n<li>Grava\u00e7\u00e3o em <strong>alto relevo ou ponta de diamante<\/strong><\/li>\n\n\n\n<li>Correntes de 62cm, 70cm ou 80cm<\/li>\n\n\n\n<li>Op\u00e7\u00e3o de silenciador (preto, camuflado, militar)<\/li>\n\n\n\n<li>Frente e verso ou duas placas diferentes<\/li>\n<\/ul>\n\n\n\n<p>\ud83d\ude9a Envio para todo o Brasil<br>\ud83d\udcde Atendimento direto via WhatsApp: <a>https:\/\/wa.me\/554174001990<\/a><br>\ud83d\udd17 Acesse: <a href=\"https:\/\/dogtagclan.com.br\">https:\/\/dogtagclan.com.br<\/a><\/p>\n\n\n\n<hr class=\"wp-block-separator has-alpha-channel-opacity\"\/>\n\n\n\n<h2 class=\"wp-block-heading\" id=\"h-para-quem-essa-mensagem\">\ud83e\udd1d Para quem essa mensagem \u00e9:<\/h2>\n\n\n\n<ul>\n<li>Homens que subiram a montanha e ouviram a voz de Deus<\/li>\n\n\n\n<li>Jovens que receberam uma palavra em um congresso ou retiro<\/li>\n\n\n\n<li>Pastores e l\u00edderes que querem eternizar o seu chamado<\/li>\n\n\n\n<li>Pessoas que querem carregar <strong>a promessa junto ao cora\u00e7\u00e3o<\/strong><\/li>\n<\/ul>\n\n\n\n<hr class=\"wp-block-separator has-alpha-channel-opacity\"\/>\n\n\n\n<h2 class=\"wp-block-heading\" id=\"h-conclus-o\">\ud83d\udee1\ufe0f Conclus\u00e3o<\/h2>\n\n\n\n<p>Se Deus falou com voc\u00ea, <strong>n\u00e3o deixe essa palavra se perder<\/strong>. Grave no a\u00e7o. Carregue no peito. Use como escudo, lembrete e declara\u00e7\u00e3o de quem voc\u00ea \u00e9.<\/p>\n\n\n\n<blockquote class=\"wp-block-quote is-layout-flow wp-block-quote-is-layout-flow\">\n<p>Porque o tempo passa. Mas o a\u00e7o lembra.<\/p>\n<\/blockquote>\n\n\n\n<p><strong>DogTagClan \u2013 Personalizamos sua jornada com significado eterno.<\/strong><\/p>\n\n\n\n<p><\/p>\n\n\n\n<figure class=\"wp-block-embed is-type-wp-embed is-provider-dogtagclan-blog wp-block-embed-dogtagclan-blog\"><div class=\"wp-block-embed__wrapper\">\n<blockquote class=\"wp-embedded-content\" data-secret=\"Uiiws3UQ0Q\"><a href=\"https:\/\/dogtagclan.com.br\/blog\/%f0%9f%92%9b-presente-para-quem-subiu-a-montanha-como-homenagear-uma-experiencia-de-fe-superacao-e-proposito\/\">\ud83d\udc9b Presente Para Quem Subiu a Montanha \u2013 Como Homenagear Uma Experi\u00eancia de F\u00e9, Supera\u00e7\u00e3o e Prop\u00f3sito<\/a><\/blockquote><iframe class=\"wp-embedded-content\" sandbox=\"allow-scripts\" security=\"restricted\" style=\"position: absolute; clip: rect(1px, 1px, 1px, 1px);\" title=\"&#8220;\ud83d\udc9b Presente Para Quem Subiu a Montanha \u2013 Como Homenagear Uma Experi\u00eancia de F\u00e9, Supera\u00e7\u00e3o e Prop\u00f3sito&#8221; &#8212; DogTagClan Blog\" src=\"https:\/\/dogtagclan.com.br\/blog\/%f0%9f%92%9b-presente-para-quem-subiu-a-montanha-como-homenagear-uma-experiencia-de-fe-superacao-e-proposito\/embed\/#?secret=hlI54s0MxI#?secret=Uiiws3UQ0Q\" data-secret=\"Uiiws3UQ0Q\" width=\"600\" height=\"338\" frameborder=\"0\" marginwidth=\"0\" marginheight=\"0\" scrolling=\"no\"><\/iframe>\n<\/div><\/figure>\n","protected":false},"excerpt":{"rendered":"<p>Uma dog tag com significado eterno para quem ouviu algo que n\u00e3o pode ser esquecido \ud83d\ude4f Quando Deus fala, algo<\/p>\n","protected":false},"author":1,"featured_media":3966,"comment_status":"open","ping_status":"open","sticky":false,"template":"","format":"standard","meta":{"footnotes":""},"categories":[11,17],"tags":[922,921,913,898,35,38,895,899,920,897,915,918,914,912,893,917,916,919,890,892],"yoast_head":"<!-- This site is optimized with the Yoast SEO Premium plugin v15.5 - https:\/\/yoast.com\/wordpress\/plugins\/seo\/ -->\n<title>\ud83d\udd8a\ufe0f Palavras Que Marcam: Grave No A\u00e7o Aquilo Que Deus Falou Com Voc\u00ea | DogTagClan Blog<\/title>\n<meta name=\"description\" content=\"Quem j\u00e1 viveu uma experi\u00eancia profunda com Deus sabe: tem palavras que n\u00e3o saem da mente. Elas tocam o cora\u00e7\u00e3o, mudam rotas, restauram identidades.\" \/>\n<meta name=\"robots\" content=\"index, follow, max-snippet:-1, max-image-preview:large, max-video-preview:-1\" \/>\n<link rel=\"canonical\" href=\"https:\/\/dogtagclan.com.br\/blog\/\ud83d\udd8a\ufe0f-palavras-que-marcam-grave-no-aco-aquilo-que-deus-falou-com-voce\/\" \/>\n<meta property=\"og:locale\" content=\"pt_BR\" \/>\n<meta property=\"og:type\" content=\"article\" \/>\n<meta property=\"og:title\" content=\"\ud83d\udd8a\ufe0f Palavras Que Marcam: Grave No A\u00e7o Aquilo Que Deus Falou Com Voc\u00ea | DogTagClan Blog\" \/>\n<meta property=\"og:description\" content=\"Quem j\u00e1 viveu uma experi\u00eancia profunda com Deus sabe: tem palavras que n\u00e3o saem da mente. Elas tocam o cora\u00e7\u00e3o, mudam rotas, restauram identidades.\" \/>\n<meta property=\"og:url\" content=\"https:\/\/dogtagclan.com.br\/blog\/\ud83d\udd8a\ufe0f-palavras-que-marcam-grave-no-aco-aquilo-que-deus-falou-com-voce\/\" \/>\n<meta property=\"og:site_name\" content=\"DogTagClan Blog\" \/>\n<meta property=\"article:publisher\" content=\"https:\/\/www.facebook.com\/dogtagclan\" \/>\n<meta property=\"article:author\" content=\"https:\/\/www.facebook.com\/dogtagclan\" \/>\n<meta property=\"article:published_time\" content=\"2025-04-20T18:24:19+00:00\" \/>\n<meta property=\"article:modified_time\" content=\"2025-04-20T18:25:27+00:00\" \/>\n<meta property=\"og:image\" content=\"https:\/\/dogtagclan.com.br\/blog\/wp-content\/uploads\/2025\/04\/a-dog-tag-montanhas.jpg\" \/>\n\t<meta property=\"og:image:width\" content=\"1024\" \/>\n\t<meta property=\"og:image:height\" content=\"1024\" \/>\n<meta name=\"twitter:card\" content=\"summary_large_image\" \/>\n<meta name=\"twitter:creator\" content=\"@https:\/\/x.com\/Dogtagclanclan\" \/>\n<meta name=\"twitter:label1\" content=\"Est. tempo de leitura\">\n\t<meta name=\"twitter:data1\" content=\"2 minutos\">\n<script type=\"application\/ld+json\" class=\"yoast-schema-graph\">{\"@context\":\"https:\/\/schema.org\",\"@graph\":[{\"@type\":\"Organization\",\"@id\":\"https:\/\/dogtagclan.com.br\/blog\/#organization\",\"name\":\"DogTagClan | Dog Tags, Crach\\u00e1s e Acess\\u00f3rios Personalizados\",\"url\":\"https:\/\/dogtagclan.com.br\/blog\/\",\"sameAs\":[\"https:\/\/www.facebook.com\/dogtagclan\"],\"logo\":{\"@type\":\"ImageObject\",\"@id\":\"https:\/\/dogtagclan.com.br\/blog\/#logo\",\"inLanguage\":\"pt-BR\",\"url\":\"https:\/\/dogtagclan.com.br\/blog\/wp-content\/uploads\/2023\/02\/cropped-doftagclan-logo.png\",\"width\":250,\"height\":140,\"caption\":\"DogTagClan | Dog Tags, Crach\\u00e1s e Acess\\u00f3rios Personalizados\"},\"image\":{\"@id\":\"https:\/\/dogtagclan.com.br\/blog\/#logo\"}},{\"@type\":\"WebSite\",\"@id\":\"https:\/\/dogtagclan.com.br\/blog\/#website\",\"url\":\"https:\/\/dogtagclan.com.br\/blog\/\",\"name\":\"DogTagClan Blog\",\"description\":\"A gente faz, do seu Jeito\",\"publisher\":{\"@id\":\"https:\/\/dogtagclan.com.br\/blog\/#organization\"},\"potentialAction\":[{\"@type\":\"SearchAction\",\"target\":\"https:\/\/dogtagclan.com.br\/blog\/?s={search_term_string}\",\"query-input\":\"required name=search_term_string\"}],\"inLanguage\":\"pt-BR\"},{\"@type\":\"ImageObject\",\"@id\":\"https:\/\/dogtagclan.com.br\/blog\/%f0%9f%96%8a%ef%b8%8f-palavras-que-marcam-grave-no-aco-aquilo-que-deus-falou-com-voce\/#primaryimage\",\"inLanguage\":\"pt-BR\",\"url\":\"https:\/\/dogtagclan.com.br\/blog\/wp-content\/uploads\/2025\/04\/a-dog-tag-montanhas.jpg\",\"width\":1024,\"height\":1024,\"caption\":\"Dog tag DogTagClan gravada com frases, vers\\u00edculos ou palavras que marcaram uma experi\\u00eancia espiritual. Presente com prop\\u00f3sito e f\\u00e9.\"},{\"@type\":\"WebPage\",\"@id\":\"https:\/\/dogtagclan.com.br\/blog\/%f0%9f%96%8a%ef%b8%8f-palavras-que-marcam-grave-no-aco-aquilo-que-deus-falou-com-voce\/#webpage\",\"url\":\"https:\/\/dogtagclan.com.br\/blog\/%f0%9f%96%8a%ef%b8%8f-palavras-que-marcam-grave-no-aco-aquilo-que-deus-falou-com-voce\/\",\"name\":\"\\ud83d\\udd8a\\ufe0f Palavras Que Marcam: Grave No A\\u00e7o Aquilo Que Deus Falou Com Voc\\u00ea | DogTagClan Blog\",\"isPartOf\":{\"@id\":\"https:\/\/dogtagclan.com.br\/blog\/#website\"},\"primaryImageOfPage\":{\"@id\":\"https:\/\/dogtagclan.com.br\/blog\/%f0%9f%96%8a%ef%b8%8f-palavras-que-marcam-grave-no-aco-aquilo-que-deus-falou-com-voce\/#primaryimage\"},\"datePublished\":\"2025-04-20T18:24:19+00:00\",\"dateModified\":\"2025-04-20T18:25:27+00:00\",\"description\":\"Quem j\\u00e1 viveu uma experi\\u00eancia profunda com Deus sabe: tem palavras que n\\u00e3o saem da mente. Elas tocam o cora\\u00e7\\u00e3o, mudam rotas, restauram identidades.\",\"inLanguage\":\"pt-BR\",\"potentialAction\":[{\"@type\":\"ReadAction\",\"target\":[\"https:\/\/dogtagclan.com.br\/blog\/%f0%9f%96%8a%ef%b8%8f-palavras-que-marcam-grave-no-aco-aquilo-que-deus-falou-com-voce\/\"]}]},{\"@type\":\"Article\",\"@id\":\"https:\/\/dogtagclan.com.br\/blog\/%f0%9f%96%8a%ef%b8%8f-palavras-que-marcam-grave-no-aco-aquilo-que-deus-falou-com-voce\/#article\",\"isPartOf\":{\"@id\":\"https:\/\/dogtagclan.com.br\/blog\/%f0%9f%96%8a%ef%b8%8f-palavras-que-marcam-grave-no-aco-aquilo-que-deus-falou-com-voce\/#webpage\"},\"author\":{\"@id\":\"https:\/\/dogtagclan.com.br\/blog\/#\/schema\/person\/b7279d930f15e2a85c89cd3b2f1d8df5\"},\"headline\":\"\\ud83d\\udd8a\\ufe0f Palavras Que Marcam: Grave No A\\u00e7o Aquilo Que Deus Falou Com Voc\\u00ea\",\"datePublished\":\"2025-04-20T18:24:19+00:00\",\"dateModified\":\"2025-04-20T18:25:27+00:00\",\"mainEntityOfPage\":{\"@id\":\"https:\/\/dogtagclan.com.br\/blog\/%f0%9f%96%8a%ef%b8%8f-palavras-que-marcam-grave-no-aco-aquilo-que-deus-falou-com-voce\/#webpage\"},\"commentCount\":0,\"publisher\":{\"@id\":\"https:\/\/dogtagclan.com.br\/blog\/#organization\"},\"image\":{\"@id\":\"https:\/\/dogtagclan.com.br\/blog\/%f0%9f%96%8a%ef%b8%8f-palavras-que-marcam-grave-no-aco-aquilo-que-deus-falou-com-voce\/#primaryimage\"},\"keywords\":\"colar com nome e palavra,colar com vers\\u00edculo,dog tag com vers\\u00edculo,dog tag crist\\u00e3,dog tag personalizada,dogtagclan,f\\u00e9 masculina,grava\\u00e7\\u00e3o em a\\u00e7o,grave sua hist\\u00f3ria no a\\u00e7o,identidade crist\\u00e3,palavra de Deus,palavra prof\\u00e9tica,palavra revelada,palavras que marcam,presente com prop\\u00f3sito,presente para homem de f\\u00e9,promessas gravadas,retiro espiritual,subir a montanha,transforma\\u00e7\\u00e3o espiritual\",\"articleSection\":\"Dog tags,Dog Tags Personalizadas\",\"inLanguage\":\"pt-BR\",\"potentialAction\":[{\"@type\":\"CommentAction\",\"name\":\"Comment\",\"target\":[\"https:\/\/dogtagclan.com.br\/blog\/%f0%9f%96%8a%ef%b8%8f-palavras-que-marcam-grave-no-aco-aquilo-que-deus-falou-com-voce\/#respond\"]}]},{\"@type\":\"Person\",\"@id\":\"https:\/\/dogtagclan.com.br\/blog\/#\/schema\/person\/b7279d930f15e2a85c89cd3b2f1d8df5\",\"name\":\"dogtagclan\",\"description\":\"\\\"A DogTagClan \\u00e9 especializada na fabrica\\u00e7\\u00e3o e personaliza\\u00e7\\u00e3o de Dog Tags, crach\\u00e1s e acess\\u00f3rios. Produzimos pe\\u00e7as em a\\u00e7o inoxid\\u00e1vel com grava\\u00e7\\u00f5es de alta precis\\u00e3o para identifica\\u00e7\\u00e3o pessoal e profissional.\\\"\",\"sameAs\":[\"https:\/\/blog.dogtagclan.com.br\",\"https:\/\/www.facebook.com\/dogtagclan\",\"https:\/\/www.instagram.com\/dogtagclan\",\"https:\/\/twitter.com\/https:\/\/x.com\/Dogtagclanclan\",\"https:\/\/www.youtube.com\/dogtagclan\"]}]}<\/script>\n<!-- \/ Yoast SEO Premium plugin. -->","_links":{"self":[{"href":"https:\/\/dogtagclan.com.br\/blog\/wp-json\/wp\/v2\/posts\/3965"}],"collection":[{"href":"https:\/\/dogtagclan.com.br\/blog\/wp-json\/wp\/v2\/posts"}],"about":[{"href":"https:\/\/dogtagclan.com.br\/blog\/wp-json\/wp\/v2\/types\/post"}],"author":[{"embeddable":true,"href":"https:\/\/dogtagclan.com.br\/blog\/wp-json\/wp\/v2\/users\/1"}],"replies":[{"embeddable":true,"href":"https:\/\/dogtagclan.com.br\/blog\/wp-json\/wp\/v2\/comments?post=3965"}],"version-history":[{"count":0,"href":"https:\/\/dogtagclan.com.br\/blog\/wp-json\/wp\/v2\/posts\/3965\/revisions"}],"wp:featuredmedia":[{"embeddable":true,"href":"https:\/\/dogtagclan.com.br\/blog\/wp-json\/wp\/v2\/media\/3966"}],"wp:attachment":[{"href":"https:\/\/dogtagclan.com.br\/blog\/wp-json\/wp\/v2\/media?parent=3965"}],"wp:term":[{"taxonomy":"category","embeddable":true,"href":"https:\/\/dogtagclan.com.br\/blog\/wp-json\/wp\/v2\/categories?post=3965"},{"taxonomy":"post_tag","embeddable":true,"href":"https:\/\/dogtagclan.com.br\/blog\/wp-json\/wp\/v2\/tags?post=3965"}],"curies":[{"name":"wp","href":"https:\/\/api.w.org\/{rel}","templated":true}]}}