{"id":3849,"date":"2025-04-11T14:13:56","date_gmt":"2025-04-11T17:13:56","guid":{"rendered":"https:\/\/dogtagclan.com.br\/blog\/?p=3849"},"modified":"2025-04-13T14:06:20","modified_gmt":"2025-04-13T17:06:20","slug":"grave-sua-historia-no-aco-a-dog-tag-que-carrega-memorias-emocoes-e-identidade","status":"publish","type":"post","link":"https:\/\/dogtagclan.com.br\/blog\/grave-sua-historia-no-aco-a-dog-tag-que-carrega-memorias-emocoes-e-identidade\/","title":{"rendered":"Grave Sua Hist\u00f3ria no A\u00e7o: A Dog Tag Que Carrega Mem\u00f3rias, Emo\u00e7\u00f5es e Identidade"},"content":{"rendered":"\n<p>Existem hist\u00f3rias que marcam. Frases que inspiram. Pessoas que merecem ser lembradas para sempre. \u00c9 por isso que a <strong>DogTagClan<\/strong> convida voc\u00ea a <strong>gravar sua hist\u00f3ria no a\u00e7o<\/strong> \u2014 literalmente.<\/p>\n\n\n\n<p>As <strong>dog tags personalizadas<\/strong> s\u00e3o mais do que acess\u00f3rios: elas carregam mem\u00f3rias, sentimentos, juramentos e momentos que merecem viver para sempre em algo resistente, forte e simb\u00f3lico como o a\u00e7o inox.<\/p>\n\n\n\n<figure class=\"wp-block-image size-full is-resized\"><img decoding=\"async\" width=\"768\" height=\"1024\" src=\"https:\/\/dogtagclan.com.br\/blog\/wp-content\/uploads\/2025\/04\/bdogtag-frase-1.jpg\" alt=\"\" class=\"wp-image-3851\" style=\"width:316px;height:auto\" srcset=\"https:\/\/dogtagclan.com.br\/blog\/wp-content\/uploads\/2025\/04\/bdogtag-frase-1.jpg 768w, https:\/\/dogtagclan.com.br\/blog\/wp-content\/uploads\/2025\/04\/bdogtag-frase-1-225x300.jpg 225w, https:\/\/dogtagclan.com.br\/blog\/wp-content\/uploads\/2025\/04\/bdogtag-frase-1-640x853.jpg 640w, https:\/\/dogtagclan.com.br\/blog\/wp-content\/uploads\/2025\/04\/bdogtag-frase-1-150x200.jpg 150w\" sizes=\"(max-width: 768px) 100vw, 768px\" \/><\/figure>\n\n\n\n<hr class=\"wp-block-separator has-alpha-channel-opacity\"\/>\n\n\n\n<h3 class=\"wp-block-heading\" id=\"h-o-que-significa-grave-sua-hist-ria-no-a-o\">O Que Significa &#8220;Grave Sua Hist\u00f3ria no A\u00e7o&#8221;<\/h3>\n\n\n\n<p>A express\u00e3o &#8220;grave sua hist\u00f3ria no a\u00e7o&#8221; representa a uni\u00e3o entre <strong>emo\u00e7\u00e3o e perman\u00eancia<\/strong>. Quando voc\u00ea escolhe gravar uma dog tag, est\u00e1 escolhendo eternizar algo que vai al\u00e9m de palavras \u2014 est\u00e1 preservando uma mem\u00f3ria que n\u00e3o se apaga.<\/p>\n\n\n\n<p>\ud83d\udc49 Pode ser o nome de um ente querido, uma frase de supera\u00e7\u00e3o, a data de um nascimento, o s\u00edmbolo da sua f\u00e9 ou at\u00e9 mesmo uma homenagem militar. Tudo isso pode ser gravado com a precis\u00e3o e resist\u00eancia do a\u00e7o inox.<\/p>\n\n\n\n<hr class=\"wp-block-separator has-alpha-channel-opacity\"\/>\n\n\n\n<h3 class=\"wp-block-heading\" id=\"h-por-que-gravar-no-a-o-inox\">Por Que Gravar no A\u00e7o Inox?<\/h3>\n\n\n\n<p>O a\u00e7o inoxid\u00e1vel \u00e9 s\u00edmbolo de durabilidade, resist\u00eancia e brilho que n\u00e3o se apaga. E quando ele carrega uma mensagem pessoal, se transforma em um verdadeiro tesouro.<\/p>\n\n\n\n<h4 class=\"wp-block-heading\" id=\"h-benef-cios-da-grava-o-em-a-o-inox\">Benef\u00edcios da grava\u00e7\u00e3o em a\u00e7o inox:<\/h4>\n\n\n\n<ul>\n<li><strong>N\u00e3o enferruja<\/strong><\/li>\n\n\n\n<li><strong>Resiste \u00e0 \u00e1gua, calor e atrito<\/strong><\/li>\n\n\n\n<li><strong>N\u00e3o desbota com o tempo<\/strong><\/li>\n\n\n\n<li><strong>Leve, hipoalerg\u00eanico e confort\u00e1vel de usar<\/strong><\/li>\n<\/ul>\n\n\n\n<p>Na DogTagClan, usamos tecnologia de grava\u00e7\u00e3o em <strong>alto relevo ou ponta de diamante<\/strong>, garantindo nitidez, precis\u00e3o e perman\u00eancia.<\/p>\n\n\n\n<hr class=\"wp-block-separator has-alpha-channel-opacity\"\/>\n\n\n\n<h3 class=\"wp-block-heading\" id=\"h-para-quem-a-dog-tag-personalizada\">Para Quem \u00c9 a Dog Tag Personalizada<\/h3>\n\n\n\n<p>\u2705 Militares e veteranos que querem homenagear seu tempo de servi\u00e7o<br>\u2705 Familiares que desejam eternizar um ente querido<br>\u2705 Casais que querem presentear com algo simb\u00f3lico e dur\u00e1vel<br>\u2705 Pais que querem proteger seus filhos com identifica\u00e7\u00e3o<br>\u2705 Pessoas que vivem uma hist\u00f3ria de f\u00e9, supera\u00e7\u00e3o ou prop\u00f3sito<\/p>\n\n\n\n<figure class=\"wp-block-image size-full is-resized\"><img decoding=\"async\" width=\"768\" height=\"1024\" src=\"https:\/\/dogtagclan.com.br\/blog\/wp-content\/uploads\/2025\/04\/bombe444-1.jpg\" alt=\"\" class=\"wp-image-3852\" style=\"width:432px;height:auto\" srcset=\"https:\/\/dogtagclan.com.br\/blog\/wp-content\/uploads\/2025\/04\/bombe444-1.jpg 768w, https:\/\/dogtagclan.com.br\/blog\/wp-content\/uploads\/2025\/04\/bombe444-1-225x300.jpg 225w, https:\/\/dogtagclan.com.br\/blog\/wp-content\/uploads\/2025\/04\/bombe444-1-640x853.jpg 640w, https:\/\/dogtagclan.com.br\/blog\/wp-content\/uploads\/2025\/04\/bombe444-1-150x200.jpg 150w\" sizes=\"(max-width: 768px) 100vw, 768px\" \/><\/figure>\n\n\n\n<p><\/p>\n\n\n\n<p>Cada dog tag \u00e9 \u00fanica \u2014 e o que vai nela, \u00e9 o que h\u00e1 de mais valioso: sua hist\u00f3ria.<\/p>\n\n\n\n<hr class=\"wp-block-separator has-alpha-channel-opacity\"\/>\n\n\n\n<h3 class=\"wp-block-heading\" id=\"h-o-que-voc-pode-gravar\">O Que Voc\u00ea Pode Gravar<\/h3>\n\n\n\n<p>Na DogTagClan, voc\u00ea pode gravar:<\/p>\n\n\n\n<ul>\n<li>Frases impactantes e motivacionais<\/li>\n\n\n\n<li>Nome e sobrenome<\/li>\n\n\n\n<li>Tipo sangu\u00edneo e dados m\u00e9dicos<\/li>\n\n\n\n<li>Datas importantes<\/li>\n\n\n\n<li>Coordenadas geogr\u00e1ficas<\/li>\n\n\n\n<li>S\u00edmbolos, emojis e imagens gravadas<\/li>\n<\/ul>\n\n\n\n<p>\ud83d\udcf7 Tamb\u00e9m \u00e9 poss\u00edvel incluir <strong>fotos gravadas no a\u00e7o<\/strong>, tornando a dog tag ainda mais especial.<\/p>\n\n\n\n<hr class=\"wp-block-separator has-alpha-channel-opacity\"\/>\n\n\n\n<h3 class=\"wp-block-heading\" id=\"h-como-fazer-sua-dog-tag-personalizada-na-dogtagclan\">Como Fazer Sua Dog Tag Personalizada na DogTagClan<\/h3>\n\n\n\n<ol start=\"1\">\n<li><strong>Acesse o site oficial<\/strong>:<br>\ud83d\udc49 <a>dogtagclan.com.br\/departamento\/dog-tags-personalizadas<\/a><\/li>\n\n\n\n<li><strong>Escolha o modelo de dog tag<\/strong>:<\/li>\n<\/ol>\n\n\n\n<ul>\n<li>Tradicional militar<\/li>\n\n\n\n<li>Com silenciador<\/li>\n\n\n\n<li>Colorida ou em inox puro<\/li>\n<\/ul>\n\n\n\n<ol start=\"3\">\n<li><strong>Personalize sua grava\u00e7\u00e3o<\/strong>:<br>Inclua texto, s\u00edmbolos ou imagem.<\/li>\n\n\n\n<li><strong>Escolha a corrente e finalize o pedido<\/strong>:<br>Corrente de bolinha inox, preta ou dourada, no tamanho ideal.<\/li>\n\n\n\n<li><strong>Receba em casa, com envio para todo o Brasil.<\/strong><\/li>\n<\/ol>\n\n\n\n<p>\ud83d\udcf2 Atendimento tamb\u00e9m pelo WhatsApp:<br>\ud83d\udc49 <a>https:\/\/wa.me\/554174001990<\/a><\/p>\n\n\n\n<figure class=\"wp-block-image size-full\"><img decoding=\"async\" width=\"692\" height=\"916\" src=\"https:\/\/dogtagclan.com.br\/blog\/wp-content\/uploads\/2025\/04\/dog-tag-alto-relevo-23.jpg\" alt=\"dog tag alto relevo 23\" class=\"wp-image-3690\" srcset=\"https:\/\/dogtagclan.com.br\/blog\/wp-content\/uploads\/2025\/04\/dog-tag-alto-relevo-23.jpg 692w, https:\/\/dogtagclan.com.br\/blog\/wp-content\/uploads\/2025\/04\/dog-tag-alto-relevo-23-227x300.jpg 227w, https:\/\/dogtagclan.com.br\/blog\/wp-content\/uploads\/2025\/04\/dog-tag-alto-relevo-23-150x199.jpg 150w\" sizes=\"(max-width: 692px) 100vw, 692px\" \/><\/figure>\n\n\n\n<hr class=\"wp-block-separator has-alpha-channel-opacity\"\/>\n\n\n\n<h3 class=\"wp-block-heading\" id=\"h-depoimentos-reais\">Depoimentos Reais<\/h3>\n\n\n\n<p>&#8220;Gravei o nome da minha filha e a data que ela nasceu. Carrego essa dog tag comigo todos os dias, \u00e9 o meu amuleto.&#8221; \u2013 <em>Eduardo, SP<\/em><\/p>\n\n\n\n<p>&#8220;Fiz uma com a frase que me salvou da depress\u00e3o. Nunca imaginei que uma pe\u00e7a t\u00e3o simples teria tanto significado.&#8221; \u2013 <em>Vanessa, RJ<\/em><\/p>\n\n\n\n<p>&#8220;Presenteei meu namorado com uma com nossa foto e o dia que nos conhecemos. Ele se emocionou na hora.&#8221; \u2013 <em>J\u00falia, SC<\/em><\/p>\n\n\n\n<hr class=\"wp-block-separator has-alpha-channel-opacity\"\/>\n\n\n\n<h3 class=\"wp-block-heading\" id=\"h-faq-perguntas-frequentes\">FAQ \u2013 Perguntas Frequentes<\/h3>\n\n\n\n<p><strong>A grava\u00e7\u00e3o realmente n\u00e3o apaga?<\/strong><br>N\u00e3o apaga. Usamos t\u00e9cnicas profissionais com alto relevo e ponta de diamante.<\/p>\n\n\n\n<p><strong>Posso gravar foto e texto juntos?<\/strong><br>Sim, voc\u00ea pode personalizar frente e verso.<\/p>\n\n\n\n<p><strong>\u00c9 poss\u00edvel fazer dog tag para pets tamb\u00e9m?<\/strong><br>Sim, temos modelos espec\u00edficos para c\u00e3es e gatos.<\/p>\n\n\n\n<p><strong>Quanto tempo demora para ficar pronta?<\/strong><br>O prazo m\u00e9dio \u00e9 de 2 a 4 dias \u00fateis + envio para sua cidade.<\/p>\n\n\n\n<figure class=\"wp-block-image size-full is-resized\"><a href=\"https:\/\/dogtagclan.com.br\/\"><img decoding=\"async\" width=\"1024\" height=\"1024\" src=\"https:\/\/dogtagclan.com.br\/blog\/wp-content\/uploads\/2025\/04\/a-grave-a-sua-historia-no-aco.jpg\" alt=\"Dog tag personalizada com grava\u00e7\u00e3o em a\u00e7o inox, com frase 'Grave sua hist\u00f3ria no a\u00e7o', exclusiva da DogTagClan.\" class=\"wp-image-3850\" style=\"width:604px;height:auto\" srcset=\"https:\/\/dogtagclan.com.br\/blog\/wp-content\/uploads\/2025\/04\/a-grave-a-sua-historia-no-aco.jpg 1024w, https:\/\/dogtagclan.com.br\/blog\/wp-content\/uploads\/2025\/04\/a-grave-a-sua-historia-no-aco-300x300.jpg 300w, https:\/\/dogtagclan.com.br\/blog\/wp-content\/uploads\/2025\/04\/a-grave-a-sua-historia-no-aco-150x150.jpg 150w, https:\/\/dogtagclan.com.br\/blog\/wp-content\/uploads\/2025\/04\/a-grave-a-sua-historia-no-aco-768x768.jpg 768w, https:\/\/dogtagclan.com.br\/blog\/wp-content\/uploads\/2025\/04\/a-grave-a-sua-historia-no-aco-96x96.jpg 96w\" sizes=\"(max-width: 1024px) 100vw, 1024px\" \/><\/a><figcaption class=\"wp-element-caption\">Grave sua hist\u00f3ria no a\u00e7o com a DogTagClan \u2014 grava\u00e7\u00e3o permanente em inox, feita com emo\u00e7\u00e3o e qualidade.\n<\/figcaption><\/figure>\n\n\n\n<hr class=\"wp-block-separator has-alpha-channel-opacity\"\/>\n\n\n\n<h3 class=\"wp-block-heading\" id=\"h-conclus-o\">Conclus\u00e3o<\/h3>\n\n\n\n<p>Se uma imagem vale mais que mil palavras, imagine o valor de uma frase ou mem\u00f3ria gravada no a\u00e7o \u2014 pra sempre.<\/p>\n\n\n\n<p>Gravar sua hist\u00f3ria no a\u00e7o \u00e9 mais do que uma escolha est\u00e9tica. \u00c9 uma decis\u00e3o emocional, simb\u00f3lica, de <strong>guardar aquilo que n\u00e3o se esquece<\/strong>.<\/p>\n\n\n\n<p>\ud83d\udc49 Fa\u00e7a agora a sua dog tag personalizada:<br><a>https:\/\/dogtagclan.com.br\/departamento\/dog-tags-personalizadas<\/a><\/p>\n\n\n\n<p>\ud83d\udcf2 Atendimento r\u00e1pido: <a>https:\/\/wa.me\/554174001990<\/a><\/p>\n\n\n\n<hr class=\"wp-block-separator has-alpha-channel-opacity\"\/>\n","protected":false},"excerpt":{"rendered":"<p>Existem hist\u00f3rias que marcam. Frases que inspiram. Pessoas que merecem ser lembradas para sempre. \u00c9 por isso que a DogTagClan<\/p>\n","protected":false},"author":1,"featured_media":3850,"comment_status":"open","ping_status":"open","sticky":false,"template":"","format":"standard","meta":{"footnotes":""},"categories":[11,17,1],"tags":[],"yoast_head":"<!-- This site is optimized with the Yoast SEO Premium plugin v15.5 - https:\/\/yoast.com\/wordpress\/plugins\/seo\/ -->\n<title>Grave Sua Hist\u00f3ria no A\u00e7o: A Dog Tag Que Carrega Mem\u00f3rias, Emo\u00e7\u00f5es e Identidade | DogTagClan Blog<\/title>\n<meta name=\"description\" content=\"Existem hist\u00f3rias que marcam. Frases que inspiram. Pessoas que merecem ser lembradas para sempre. \u00c9 por isso que a DogTagClan convida voc\u00ea a gravar sua\" \/>\n<meta name=\"robots\" content=\"index, follow, max-snippet:-1, max-image-preview:large, max-video-preview:-1\" \/>\n<link rel=\"canonical\" href=\"https:\/\/dogtagclan.com.br\/blog\/grave-sua-historia-no-aco-a-dog-tag-que-carrega-memorias-emocoes-e-identidade\/\" \/>\n<meta property=\"og:locale\" content=\"pt_BR\" \/>\n<meta property=\"og:type\" content=\"article\" \/>\n<meta property=\"og:title\" content=\"Grave Sua Hist\u00f3ria no A\u00e7o: A Dog Tag Que Carrega Mem\u00f3rias, Emo\u00e7\u00f5es e Identidade | DogTagClan Blog\" \/>\n<meta property=\"og:description\" content=\"Existem hist\u00f3rias que marcam. Frases que inspiram. Pessoas que merecem ser lembradas para sempre. \u00c9 por isso que a DogTagClan convida voc\u00ea a gravar sua\" \/>\n<meta property=\"og:url\" content=\"https:\/\/dogtagclan.com.br\/blog\/grave-sua-historia-no-aco-a-dog-tag-que-carrega-memorias-emocoes-e-identidade\/\" \/>\n<meta property=\"og:site_name\" content=\"DogTagClan Blog\" \/>\n<meta property=\"article:publisher\" content=\"https:\/\/www.facebook.com\/dogtagclan\" \/>\n<meta property=\"article:author\" content=\"https:\/\/www.facebook.com\/dogtagclan\" \/>\n<meta property=\"article:published_time\" content=\"2025-04-11T17:13:56+00:00\" \/>\n<meta property=\"article:modified_time\" content=\"2025-04-13T17:06:20+00:00\" \/>\n<meta property=\"og:image\" content=\"https:\/\/dogtagclan.com.br\/blog\/wp-content\/uploads\/2025\/04\/a-grave-a-sua-historia-no-aco.jpg\" \/>\n\t<meta property=\"og:image:width\" content=\"1024\" \/>\n\t<meta property=\"og:image:height\" content=\"1024\" \/>\n<meta name=\"twitter:card\" content=\"summary_large_image\" \/>\n<meta name=\"twitter:creator\" content=\"@https:\/\/x.com\/Dogtagclanclan\" \/>\n<meta name=\"twitter:label1\" content=\"Est. tempo de leitura\">\n\t<meta name=\"twitter:data1\" content=\"3 minutos\">\n<script type=\"application\/ld+json\" class=\"yoast-schema-graph\">{\"@context\":\"https:\/\/schema.org\",\"@graph\":[{\"@type\":\"Organization\",\"@id\":\"https:\/\/dogtagclan.com.br\/blog\/#organization\",\"name\":\"DogTagClan | Dog Tags, Crach\\u00e1s e Acess\\u00f3rios Personalizados\",\"url\":\"https:\/\/dogtagclan.com.br\/blog\/\",\"sameAs\":[\"https:\/\/www.facebook.com\/dogtagclan\"],\"logo\":{\"@type\":\"ImageObject\",\"@id\":\"https:\/\/dogtagclan.com.br\/blog\/#logo\",\"inLanguage\":\"pt-BR\",\"url\":\"https:\/\/dogtagclan.com.br\/blog\/wp-content\/uploads\/2023\/02\/cropped-doftagclan-logo.png\",\"width\":250,\"height\":140,\"caption\":\"DogTagClan | Dog Tags, Crach\\u00e1s e Acess\\u00f3rios Personalizados\"},\"image\":{\"@id\":\"https:\/\/dogtagclan.com.br\/blog\/#logo\"}},{\"@type\":\"WebSite\",\"@id\":\"https:\/\/dogtagclan.com.br\/blog\/#website\",\"url\":\"https:\/\/dogtagclan.com.br\/blog\/\",\"name\":\"DogTagClan Blog\",\"description\":\"A gente faz, do seu Jeito\",\"publisher\":{\"@id\":\"https:\/\/dogtagclan.com.br\/blog\/#organization\"},\"potentialAction\":[{\"@type\":\"SearchAction\",\"target\":\"https:\/\/dogtagclan.com.br\/blog\/?s={search_term_string}\",\"query-input\":\"required name=search_term_string\"}],\"inLanguage\":\"pt-BR\"},{\"@type\":\"ImageObject\",\"@id\":\"https:\/\/dogtagclan.com.br\/blog\/grave-sua-historia-no-aco-a-dog-tag-que-carrega-memorias-emocoes-e-identidade\/#primaryimage\",\"inLanguage\":\"pt-BR\",\"url\":\"https:\/\/dogtagclan.com.br\/blog\/wp-content\/uploads\/2025\/04\/a-grave-a-sua-historia-no-aco.jpg\",\"width\":1024,\"height\":1024,\"caption\":\"Grave sua hist\\u00f3ria no a\\u00e7o com a DogTagClan \\u2014 grava\\u00e7\\u00e3o permanente em inox, feita com emo\\u00e7\\u00e3o e qualidade.\"},{\"@type\":\"WebPage\",\"@id\":\"https:\/\/dogtagclan.com.br\/blog\/grave-sua-historia-no-aco-a-dog-tag-que-carrega-memorias-emocoes-e-identidade\/#webpage\",\"url\":\"https:\/\/dogtagclan.com.br\/blog\/grave-sua-historia-no-aco-a-dog-tag-que-carrega-memorias-emocoes-e-identidade\/\",\"name\":\"Grave Sua Hist\\u00f3ria no A\\u00e7o: A Dog Tag Que Carrega Mem\\u00f3rias, Emo\\u00e7\\u00f5es e Identidade | DogTagClan Blog\",\"isPartOf\":{\"@id\":\"https:\/\/dogtagclan.com.br\/blog\/#website\"},\"primaryImageOfPage\":{\"@id\":\"https:\/\/dogtagclan.com.br\/blog\/grave-sua-historia-no-aco-a-dog-tag-que-carrega-memorias-emocoes-e-identidade\/#primaryimage\"},\"datePublished\":\"2025-04-11T17:13:56+00:00\",\"dateModified\":\"2025-04-13T17:06:20+00:00\",\"description\":\"Existem hist\\u00f3rias que marcam. Frases que inspiram. Pessoas que merecem ser lembradas para sempre. \\u00c9 por isso que a DogTagClan convida voc\\u00ea a gravar sua\",\"inLanguage\":\"pt-BR\",\"potentialAction\":[{\"@type\":\"ReadAction\",\"target\":[\"https:\/\/dogtagclan.com.br\/blog\/grave-sua-historia-no-aco-a-dog-tag-que-carrega-memorias-emocoes-e-identidade\/\"]}]},{\"@type\":\"Article\",\"@id\":\"https:\/\/dogtagclan.com.br\/blog\/grave-sua-historia-no-aco-a-dog-tag-que-carrega-memorias-emocoes-e-identidade\/#article\",\"isPartOf\":{\"@id\":\"https:\/\/dogtagclan.com.br\/blog\/grave-sua-historia-no-aco-a-dog-tag-que-carrega-memorias-emocoes-e-identidade\/#webpage\"},\"author\":{\"@id\":\"https:\/\/dogtagclan.com.br\/blog\/#\/schema\/person\/b7279d930f15e2a85c89cd3b2f1d8df5\"},\"headline\":\"Grave Sua Hist\\u00f3ria no A\\u00e7o: A Dog Tag Que Carrega Mem\\u00f3rias, Emo\\u00e7\\u00f5es e Identidade\",\"datePublished\":\"2025-04-11T17:13:56+00:00\",\"dateModified\":\"2025-04-13T17:06:20+00:00\",\"mainEntityOfPage\":{\"@id\":\"https:\/\/dogtagclan.com.br\/blog\/grave-sua-historia-no-aco-a-dog-tag-que-carrega-memorias-emocoes-e-identidade\/#webpage\"},\"commentCount\":0,\"publisher\":{\"@id\":\"https:\/\/dogtagclan.com.br\/blog\/#organization\"},\"image\":{\"@id\":\"https:\/\/dogtagclan.com.br\/blog\/grave-sua-historia-no-aco-a-dog-tag-que-carrega-memorias-emocoes-e-identidade\/#primaryimage\"},\"articleSection\":\"Dog tags,Dog Tags Personalizadas\",\"inLanguage\":\"pt-BR\",\"potentialAction\":[{\"@type\":\"CommentAction\",\"name\":\"Comment\",\"target\":[\"https:\/\/dogtagclan.com.br\/blog\/grave-sua-historia-no-aco-a-dog-tag-que-carrega-memorias-emocoes-e-identidade\/#respond\"]}]},{\"@type\":\"Person\",\"@id\":\"https:\/\/dogtagclan.com.br\/blog\/#\/schema\/person\/b7279d930f15e2a85c89cd3b2f1d8df5\",\"name\":\"dogtagclan\",\"description\":\"\\\"A DogTagClan \\u00e9 especializada na fabrica\\u00e7\\u00e3o e personaliza\\u00e7\\u00e3o de Dog Tags, crach\\u00e1s e acess\\u00f3rios. Produzimos pe\\u00e7as em a\\u00e7o inoxid\\u00e1vel com grava\\u00e7\\u00f5es de alta precis\\u00e3o para identifica\\u00e7\\u00e3o pessoal e profissional.\\\"\",\"sameAs\":[\"https:\/\/blog.dogtagclan.com.br\",\"https:\/\/www.facebook.com\/dogtagclan\",\"https:\/\/www.instagram.com\/dogtagclan\",\"https:\/\/twitter.com\/https:\/\/x.com\/Dogtagclanclan\",\"https:\/\/www.youtube.com\/dogtagclan\"]}]}<\/script>\n<!-- \/ Yoast SEO Premium plugin. -->","_links":{"self":[{"href":"https:\/\/dogtagclan.com.br\/blog\/wp-json\/wp\/v2\/posts\/3849"}],"collection":[{"href":"https:\/\/dogtagclan.com.br\/blog\/wp-json\/wp\/v2\/posts"}],"about":[{"href":"https:\/\/dogtagclan.com.br\/blog\/wp-json\/wp\/v2\/types\/post"}],"author":[{"embeddable":true,"href":"https:\/\/dogtagclan.com.br\/blog\/wp-json\/wp\/v2\/users\/1"}],"replies":[{"embeddable":true,"href":"https:\/\/dogtagclan.com.br\/blog\/wp-json\/wp\/v2\/comments?post=3849"}],"version-history":[{"count":0,"href":"https:\/\/dogtagclan.com.br\/blog\/wp-json\/wp\/v2\/posts\/3849\/revisions"}],"wp:featuredmedia":[{"embeddable":true,"href":"https:\/\/dogtagclan.com.br\/blog\/wp-json\/wp\/v2\/media\/3850"}],"wp:attachment":[{"href":"https:\/\/dogtagclan.com.br\/blog\/wp-json\/wp\/v2\/media?parent=3849"}],"wp:term":[{"taxonomy":"category","embeddable":true,"href":"https:\/\/dogtagclan.com.br\/blog\/wp-json\/wp\/v2\/categories?post=3849"},{"taxonomy":"post_tag","embeddable":true,"href":"https:\/\/dogtagclan.com.br\/blog\/wp-json\/wp\/v2\/tags?post=3849"}],"curies":[{"name":"wp","href":"https:\/\/api.w.org\/{rel}","templated":true}]}}