{"id":3844,"date":"2025-04-11T08:27:17","date_gmt":"2025-04-11T11:27:17","guid":{"rendered":"https:\/\/dogtagclan.com.br\/blog\/?p=3844"},"modified":"2026-02-28T12:04:01","modified_gmt":"2026-02-28T15:04:01","slug":"tdah-da-direito-a-fila-preferencial-entenda-a-lei-e-como-o-cracha-pode-ajudar","status":"publish","type":"post","link":"https:\/\/dogtagclan.com.br\/blog\/tdah-da-direito-a-fila-preferencial-entenda-a-lei-e-como-o-cracha-pode-ajudar\/","title":{"rendered":"TDAH D\u00e1 Direito \u00e0 Fila Preferencial? O Que Diz a Lei e Como a Identifica\u00e7\u00e3o Pode Ajudar"},"content":{"rendered":"\n<p>Muitas pessoas que convivem com o TDAH (Transtorno do D\u00e9ficit de Aten\u00e7\u00e3o com Hiperatividade) t\u00eam uma d\u00favida comum:<\/p>\n\n\n\n<p>\u201cTenho direito \u00e0 fila preferencial em bancos, supermercados ou reparti\u00e7\u00f5es p\u00fablicas?\u201d<\/p>\n\n\n\n<p>A resposta, de forma objetiva, \u00e9:<\/p>\n\n\n\n<p>\ud83d\udc49 Atualmente, n\u00e3o existe uma lei federal que garanta automaticamente o direito \u00e0 fila preferencial para pessoas com TDAH. Ou seja, o TDAH n\u00e3o est\u00e1 expressamente inclu\u00eddo na legisla\u00e7\u00e3o nacional que define os grupos com prioridade obrigat\u00f3ria de atendimento.<\/p>\n\n\n\n<p>Isso significa que o atendimento preferencial pode depender da pol\u00edtica interna de cada estabelecimento ou de normas municipais espec\u00edficas.<\/p>\n\n\n\n<p>Mas aten\u00e7\u00e3o: isso n\u00e3o quer dizer que a pessoa esteja desassistida ou sem respaldo social.<\/p>\n\n\n\n<p>A identifica\u00e7\u00e3o adequada pode facilitar a comunica\u00e7\u00e3o em situa\u00e7\u00f5es de necessidade, ajudando a explicar a condi\u00e7\u00e3o de forma clara e respeitosa \u2014 sem constrangimentos.<\/p>\n\n\n\n<p>E \u00e9 nesse contexto que o uso do crach\u00e1 de identifica\u00e7\u00e3o pode auxiliar, n\u00e3o como garantia legal de prioridade, mas como instrumento de informa\u00e7\u00e3o e conscientiza\u00e7\u00e3o.<\/p>\n\n\n\n<figure class=\"wp-block-image size-large is-resized\"><a href=\"https:\/\/dogtagclan.com.br\/departamento\/adicionais\/crachas-de-identificacao\"><img decoding=\"async\" width=\"1024\" height=\"1024\" src=\"https:\/\/dogtagclan.com.br\/blog\/wp-content\/uploads\/2025\/03\/tdah-1-1024x1024.jpg\" alt=\"cracha tdah\n\" class=\"wp-image-2848\" style=\"width:585px;height:auto\" srcset=\"https:\/\/dogtagclan.com.br\/blog\/wp-content\/uploads\/2025\/03\/tdah-1-1024x1024.jpg 1024w, https:\/\/dogtagclan.com.br\/blog\/wp-content\/uploads\/2025\/03\/tdah-1-300x300.jpg 300w, https:\/\/dogtagclan.com.br\/blog\/wp-content\/uploads\/2025\/03\/tdah-1-150x150.jpg 150w, https:\/\/dogtagclan.com.br\/blog\/wp-content\/uploads\/2025\/03\/tdah-1-768x768.jpg 768w, https:\/\/dogtagclan.com.br\/blog\/wp-content\/uploads\/2025\/03\/tdah-1.jpg 1200w\" sizes=\"(max-width: 1024px) 100vw, 1024px\" \/><\/a><\/figure>\n\n\n\n<hr class=\"wp-block-separator has-alpha-channel-opacity\"\/>\n\n\n\n<h2 class=\"wp-block-heading\" id=\"h-o-que-diz-a-lei-hoje\">\ud83d\udcdc O que diz a lei hoje?<\/h2>\n\n\n\n<p>As principais normas que tratam de atendimento priorit\u00e1rio no Brasil s\u00e3o:<\/p>\n\n\n\n<p>\u2022 Lei 10.048\/2000<br>\u2022 Lei 13.146\/2015 (Lei Brasileira de Inclus\u00e3o)<\/p>\n\n\n\n<p>Elas garantem prioridade de atendimento para:<\/p>\n\n\n\n<p>\u2022 Idosos<br>\u2022 Pessoas com defici\u00eancia<br>\u2022 Gestantes e lactantes<br>\u2022 Pessoas com crian\u00e7as de colo<br>\u2022 Pessoas com mobilidade reduzida<\/p>\n\n\n\n<p>Atualmente, o TDAH n\u00e3o est\u00e1 expressamente inclu\u00eddo nessa lista na legisla\u00e7\u00e3o federal.<\/p>\n\n\n\n<p>\ud83d\udca1 Existem projetos de lei em tramita\u00e7\u00e3o que discutem a amplia\u00e7\u00e3o desse reconhecimento, mas at\u00e9 o momento n\u00e3o houve altera\u00e7\u00e3o na norma nacional.<\/p>\n\n\n\n<hr class=\"wp-block-separator has-alpha-channel-opacity\"\/>\n\n\n\n<h2 class=\"wp-block-heading\" id=\"h-ent-o-quem-tem-tdah-n-o-pode-solicitar-atendimento-diferenciado\">\ud83d\ude4b Ent\u00e3o quem tem TDAH n\u00e3o pode solicitar atendimento diferenciado?<\/h2>\n\n\n\n<p>\u00c9 importante esclarecer:<\/p>\n\n\n\n<p>Sem previs\u00e3o legal espec\u00edfica, n\u00e3o h\u00e1 obriga\u00e7\u00e3o autom\u00e1tica de concess\u00e3o de prioridade com base apenas no diagn\u00f3stico de TDAH.<\/p>\n\n\n\n<p>No entanto, a pessoa pode apresentar sua condi\u00e7\u00e3o de forma respeitosa e solicitar apoio quando necess\u00e1rio, especialmente em situa\u00e7\u00f5es que envolvam:<\/p>\n\n\n\n<p>\u2022 Sobrecarga sensorial<br>\u2022 Crises de ansiedade<br>\u2022 Dificuldade significativa de perman\u00eancia em filas longas<\/p>\n\n\n\n<p>Alguns estabelecimentos adotam pol\u00edticas internas de acessibilidade e podem avaliar cada situa\u00e7\u00e3o individualmente.<\/p>\n\n\n\n<p>Documentos como:<\/p>\n\n\n\n<p>\u2022 Laudo m\u00e9dico<br>\u2022 Identifica\u00e7\u00e3o com CID<br>\u2022 QR Code informativo<br>\u2022 Crach\u00e1 de identifica\u00e7\u00e3o<\/p>\n\n\n\n<p>podem auxiliar na comunica\u00e7\u00e3o da condi\u00e7\u00e3o, mas n\u00e3o substituem a legisla\u00e7\u00e3o nem garantem prioridade autom\u00e1tica.<\/p>\n\n\n\n<p>Cada caso depende da an\u00e1lise do local e das regras aplic\u00e1veis.<\/p>\n\n\n\n<figure class=\"wp-block-image size-large\"><a href=\"https:\/\/dogtagclan.com.br\/departamento\/adicionais\/crachas-de-identificacao\"><img decoding=\"async\" width=\"1024\" height=\"1024\" src=\"https:\/\/dogtagclan.com.br\/blog\/wp-content\/uploads\/2025\/04\/tdhas2-1024x1024.jpg\" alt=\"\" class=\"wp-image-3565\" srcset=\"https:\/\/dogtagclan.com.br\/blog\/wp-content\/uploads\/2025\/04\/tdhas2-1024x1024.jpg 1024w, https:\/\/dogtagclan.com.br\/blog\/wp-content\/uploads\/2025\/04\/tdhas2-300x300.jpg 300w, https:\/\/dogtagclan.com.br\/blog\/wp-content\/uploads\/2025\/04\/tdhas2-150x150.jpg 150w, https:\/\/dogtagclan.com.br\/blog\/wp-content\/uploads\/2025\/04\/tdhas2-768x768.jpg 768w, https:\/\/dogtagclan.com.br\/blog\/wp-content\/uploads\/2025\/04\/tdhas2-96x96.jpg 96w, https:\/\/dogtagclan.com.br\/blog\/wp-content\/uploads\/2025\/04\/tdhas2.jpg 1200w\" sizes=\"(max-width: 1024px) 100vw, 1024px\" \/><\/a><\/figure>\n\n\n\n<hr class=\"wp-block-separator has-alpha-channel-opacity\"\/>\n\n\n\n<h2 class=\"wp-block-heading\" id=\"h-onde-comprar-um-crach-tdah-personalizado\">\ud83d\udce6 Onde comprar um Crach\u00e1 TDAH personalizado?<\/h2>\n\n\n\n<p>Voc\u00ea pode adquirir seu crach\u00e1 personalizado com foto, nome e QR Code diretamente pelo site da DogTagClan. A personaliza\u00e7\u00e3o \u00e9 feita com qualidade, e o crach\u00e1 \u00e9 enviado para <strong>todo o Brasil<\/strong>.<\/p>\n\n\n\n<p>\ud83d\udd17 <a class=\"\" href=\"https:\/\/dogtagclan.com.br\/departamento\/adicionais\/crachas-de-identificacao\">Clique aqui para ver os modelos dispon\u00edveis<\/a><br>\ud83d\udcf2 Atendimento via WhatsApp: <a class=\"\">https:\/\/wa.me\/554174001990<\/a><\/p>\n\n\n\n<hr class=\"wp-block-separator has-alpha-channel-opacity\"\/>\n\n\n\n<h2 class=\"wp-block-heading\" id=\"h-conclus-o\">\ud83d\udccc Conclus\u00e3o<\/h2>\n\n\n\n<p><strong>O TDAH ainda n\u00e3o d\u00e1 direito autom\u00e1tico \u00e0 fila preferencial<\/strong>, mas isso n\u00e3o significa que voc\u00ea precisa enfrentar as dificuldades sozinho(a). Um simples crach\u00e1 pode ser a ponte entre a empatia e a compreens\u00e3o. Ele n\u00e3o \u00e9 uma lei, mas pode ser seu escudo no dia a dia.<\/p>\n\n\n\n<p>\ud83d\udca1 E quanto mais pessoas utilizarem crach\u00e1s como esse, maior ser\u00e1 a visibilidade do TDAH \u2013 e mais chances teremos de transformar isso em direito oficial.<\/p>\n\n\n\n<hr class=\"wp-block-separator has-alpha-channel-opacity\"\/>\n\n\n\n<h3 class=\"wp-block-heading\" id=\"h-\"><\/h3>\n\n\n\n<p>#TDAH #CrachaTDAH #FilaPreferencial #Inclus\u00e3oTDAH #Identifica\u00e7\u00e3oTDAH #DireitosTDAH #DogTagClan #CrachaComQRCode #EntregamosEmTodoOBrasil<\/p>\n","protected":false},"excerpt":{"rendered":"<p>Muitas pessoas que convivem com o TDAH (Transtorno do D\u00e9ficit de Aten\u00e7\u00e3o com Hiperatividade) t\u00eam uma d\u00favida comum: \u201cTenho direito<\/p>\n","protected":false},"author":1,"featured_media":3845,"comment_status":"open","ping_status":"open","sticky":false,"template":"","format":"standard","meta":{"footnotes":""},"categories":[554],"tags":[],"yoast_head":"<!-- This site is optimized with the Yoast SEO Premium plugin v15.5 - https:\/\/yoast.com\/wordpress\/plugins\/seo\/ -->\n<title>TDAH D\u00e1 Direito \u00e0 Fila Preferencial? O Que Diz a Lei e Como a Identifica\u00e7\u00e3o Pode Ajudar | DogTagClan Blog<\/title>\n<meta name=\"description\" content=\"Muita gente que convive com o TDAH (Transtorno do D\u00e9ficit de Aten\u00e7\u00e3o com Hiperatividade) se pergunta: ser\u00e1 que tenho direito a atendimento preferencial\" \/>\n<meta name=\"robots\" content=\"index, follow, max-snippet:-1, max-image-preview:large, max-video-preview:-1\" \/>\n<link rel=\"canonical\" href=\"https:\/\/dogtagclan.com.br\/blog\/tdah-da-direito-a-fila-preferencial-entenda-a-lei-e-como-o-cracha-pode-ajudar\/\" \/>\n<meta property=\"og:locale\" content=\"pt_BR\" \/>\n<meta property=\"og:type\" content=\"article\" \/>\n<meta property=\"og:title\" content=\"TDAH D\u00e1 Direito \u00e0 Fila Preferencial? O Que Diz a Lei e Como a Identifica\u00e7\u00e3o Pode Ajudar | DogTagClan Blog\" \/>\n<meta property=\"og:description\" content=\"Muita gente que convive com o TDAH (Transtorno do D\u00e9ficit de Aten\u00e7\u00e3o com Hiperatividade) se pergunta: ser\u00e1 que tenho direito a atendimento preferencial\" \/>\n<meta property=\"og:url\" content=\"https:\/\/dogtagclan.com.br\/blog\/tdah-da-direito-a-fila-preferencial-entenda-a-lei-e-como-o-cracha-pode-ajudar\/\" \/>\n<meta property=\"og:site_name\" content=\"DogTagClan Blog\" \/>\n<meta property=\"article:publisher\" content=\"https:\/\/www.facebook.com\/dogtagclan\" \/>\n<meta property=\"article:author\" content=\"https:\/\/www.facebook.com\/dogtagclan\" \/>\n<meta property=\"article:published_time\" content=\"2025-04-11T11:27:17+00:00\" \/>\n<meta property=\"article:modified_time\" content=\"2026-02-28T15:04:01+00:00\" \/>\n<meta property=\"og:image\" content=\"https:\/\/dogtagclan.com.br\/blog\/wp-content\/uploads\/2025\/04\/raw-16.jpg\" \/>\n\t<meta property=\"og:image:width\" content=\"1024\" \/>\n\t<meta property=\"og:image:height\" content=\"1024\" \/>\n<meta name=\"twitter:card\" content=\"summary_large_image\" \/>\n<meta name=\"twitter:creator\" content=\"@https:\/\/x.com\/Dogtagclanclan\" \/>\n<meta name=\"twitter:label1\" content=\"Est. tempo de leitura\">\n\t<meta name=\"twitter:data1\" content=\"2 minutos\">\n<script type=\"application\/ld+json\" class=\"yoast-schema-graph\">{\"@context\":\"https:\/\/schema.org\",\"@graph\":[{\"@type\":\"Organization\",\"@id\":\"https:\/\/dogtagclan.com.br\/blog\/#organization\",\"name\":\"DogTagClan | Dog Tags, Crach\\u00e1s e Acess\\u00f3rios Personalizados\",\"url\":\"https:\/\/dogtagclan.com.br\/blog\/\",\"sameAs\":[\"https:\/\/www.facebook.com\/dogtagclan\"],\"logo\":{\"@type\":\"ImageObject\",\"@id\":\"https:\/\/dogtagclan.com.br\/blog\/#logo\",\"inLanguage\":\"pt-BR\",\"url\":\"https:\/\/dogtagclan.com.br\/blog\/wp-content\/uploads\/2023\/02\/cropped-doftagclan-logo.png\",\"width\":250,\"height\":140,\"caption\":\"DogTagClan | Dog Tags, Crach\\u00e1s e Acess\\u00f3rios Personalizados\"},\"image\":{\"@id\":\"https:\/\/dogtagclan.com.br\/blog\/#logo\"}},{\"@type\":\"WebSite\",\"@id\":\"https:\/\/dogtagclan.com.br\/blog\/#website\",\"url\":\"https:\/\/dogtagclan.com.br\/blog\/\",\"name\":\"DogTagClan Blog\",\"description\":\"A gente faz, do seu Jeito\",\"publisher\":{\"@id\":\"https:\/\/dogtagclan.com.br\/blog\/#organization\"},\"potentialAction\":[{\"@type\":\"SearchAction\",\"target\":\"https:\/\/dogtagclan.com.br\/blog\/?s={search_term_string}\",\"query-input\":\"required name=search_term_string\"}],\"inLanguage\":\"pt-BR\"},{\"@type\":\"ImageObject\",\"@id\":\"https:\/\/dogtagclan.com.br\/blog\/tdah-da-direito-a-fila-preferencial-entenda-a-lei-e-como-o-cracha-pode-ajudar\/#primaryimage\",\"inLanguage\":\"pt-BR\",\"url\":\"https:\/\/dogtagclan.com.br\/blog\/wp-content\/uploads\/2025\/04\/raw-16.jpg\",\"width\":1024,\"height\":1024,\"caption\":\"tdah tem direito em filas\"},{\"@type\":\"WebPage\",\"@id\":\"https:\/\/dogtagclan.com.br\/blog\/tdah-da-direito-a-fila-preferencial-entenda-a-lei-e-como-o-cracha-pode-ajudar\/#webpage\",\"url\":\"https:\/\/dogtagclan.com.br\/blog\/tdah-da-direito-a-fila-preferencial-entenda-a-lei-e-como-o-cracha-pode-ajudar\/\",\"name\":\"TDAH D\\u00e1 Direito \\u00e0 Fila Preferencial? O Que Diz a Lei e Como a Identifica\\u00e7\\u00e3o Pode Ajudar | DogTagClan Blog\",\"isPartOf\":{\"@id\":\"https:\/\/dogtagclan.com.br\/blog\/#website\"},\"primaryImageOfPage\":{\"@id\":\"https:\/\/dogtagclan.com.br\/blog\/tdah-da-direito-a-fila-preferencial-entenda-a-lei-e-como-o-cracha-pode-ajudar\/#primaryimage\"},\"datePublished\":\"2025-04-11T11:27:17+00:00\",\"dateModified\":\"2026-02-28T15:04:01+00:00\",\"description\":\"Muita gente que convive com o TDAH (Transtorno do D\\u00e9ficit de Aten\\u00e7\\u00e3o com Hiperatividade) se pergunta: ser\\u00e1 que tenho direito a atendimento preferencial\",\"inLanguage\":\"pt-BR\",\"potentialAction\":[{\"@type\":\"ReadAction\",\"target\":[\"https:\/\/dogtagclan.com.br\/blog\/tdah-da-direito-a-fila-preferencial-entenda-a-lei-e-como-o-cracha-pode-ajudar\/\"]}]},{\"@type\":\"Article\",\"@id\":\"https:\/\/dogtagclan.com.br\/blog\/tdah-da-direito-a-fila-preferencial-entenda-a-lei-e-como-o-cracha-pode-ajudar\/#article\",\"isPartOf\":{\"@id\":\"https:\/\/dogtagclan.com.br\/blog\/tdah-da-direito-a-fila-preferencial-entenda-a-lei-e-como-o-cracha-pode-ajudar\/#webpage\"},\"author\":{\"@id\":\"https:\/\/dogtagclan.com.br\/blog\/#\/schema\/person\/b7279d930f15e2a85c89cd3b2f1d8df5\"},\"headline\":\"TDAH D\\u00e1 Direito \\u00e0 Fila Preferencial? O Que Diz a Lei e Como a Identifica\\u00e7\\u00e3o Pode Ajudar\",\"datePublished\":\"2025-04-11T11:27:17+00:00\",\"dateModified\":\"2026-02-28T15:04:01+00:00\",\"mainEntityOfPage\":{\"@id\":\"https:\/\/dogtagclan.com.br\/blog\/tdah-da-direito-a-fila-preferencial-entenda-a-lei-e-como-o-cracha-pode-ajudar\/#webpage\"},\"commentCount\":0,\"publisher\":{\"@id\":\"https:\/\/dogtagclan.com.br\/blog\/#organization\"},\"image\":{\"@id\":\"https:\/\/dogtagclan.com.br\/blog\/tdah-da-direito-a-fila-preferencial-entenda-a-lei-e-como-o-cracha-pode-ajudar\/#primaryimage\"},\"articleSection\":\"Crachas e broches personalizados\",\"inLanguage\":\"pt-BR\",\"potentialAction\":[{\"@type\":\"CommentAction\",\"name\":\"Comment\",\"target\":[\"https:\/\/dogtagclan.com.br\/blog\/tdah-da-direito-a-fila-preferencial-entenda-a-lei-e-como-o-cracha-pode-ajudar\/#respond\"]}]},{\"@type\":\"Person\",\"@id\":\"https:\/\/dogtagclan.com.br\/blog\/#\/schema\/person\/b7279d930f15e2a85c89cd3b2f1d8df5\",\"name\":\"dogtagclan\",\"description\":\"\\\"A DogTagClan \\u00e9 especializada na fabrica\\u00e7\\u00e3o e personaliza\\u00e7\\u00e3o de Dog Tags, crach\\u00e1s e acess\\u00f3rios. Produzimos pe\\u00e7as em a\\u00e7o inoxid\\u00e1vel com grava\\u00e7\\u00f5es de alta precis\\u00e3o para identifica\\u00e7\\u00e3o pessoal e profissional.\\\"\",\"sameAs\":[\"https:\/\/blog.dogtagclan.com.br\",\"https:\/\/www.facebook.com\/dogtagclan\",\"https:\/\/www.instagram.com\/dogtagclan\",\"https:\/\/twitter.com\/https:\/\/x.com\/Dogtagclanclan\",\"https:\/\/www.youtube.com\/dogtagclan\"]}]}<\/script>\n<!-- \/ Yoast SEO Premium plugin. -->","_links":{"self":[{"href":"https:\/\/dogtagclan.com.br\/blog\/wp-json\/wp\/v2\/posts\/3844"}],"collection":[{"href":"https:\/\/dogtagclan.com.br\/blog\/wp-json\/wp\/v2\/posts"}],"about":[{"href":"https:\/\/dogtagclan.com.br\/blog\/wp-json\/wp\/v2\/types\/post"}],"author":[{"embeddable":true,"href":"https:\/\/dogtagclan.com.br\/blog\/wp-json\/wp\/v2\/users\/1"}],"replies":[{"embeddable":true,"href":"https:\/\/dogtagclan.com.br\/blog\/wp-json\/wp\/v2\/comments?post=3844"}],"version-history":[{"count":3,"href":"https:\/\/dogtagclan.com.br\/blog\/wp-json\/wp\/v2\/posts\/3844\/revisions"}],"predecessor-version":[{"id":6228,"href":"https:\/\/dogtagclan.com.br\/blog\/wp-json\/wp\/v2\/posts\/3844\/revisions\/6228"}],"wp:featuredmedia":[{"embeddable":true,"href":"https:\/\/dogtagclan.com.br\/blog\/wp-json\/wp\/v2\/media\/3845"}],"wp:attachment":[{"href":"https:\/\/dogtagclan.com.br\/blog\/wp-json\/wp\/v2\/media?parent=3844"}],"wp:term":[{"taxonomy":"category","embeddable":true,"href":"https:\/\/dogtagclan.com.br\/blog\/wp-json\/wp\/v2\/categories?post=3844"},{"taxonomy":"post_tag","embeddable":true,"href":"https:\/\/dogtagclan.com.br\/blog\/wp-json\/wp\/v2\/tags?post=3844"}],"curies":[{"name":"wp","href":"https:\/\/api.w.org\/{rel}","templated":true}]}}