{"id":3641,"date":"2025-04-04T18:10:05","date_gmt":"2025-04-04T21:10:05","guid":{"rendered":"https:\/\/dogtagclan.com.br\/blog\/?p=3641"},"modified":"2025-04-04T18:10:06","modified_gmt":"2025-04-04T21:10:06","slug":"qual-a-cor-que-simboliza-o-tdah-entenda-o-significado-do-cordao-laranja-e-como-usar-com-identificacao-correta","status":"publish","type":"post","link":"https:\/\/dogtagclan.com.br\/blog\/qual-a-cor-que-simboliza-o-tdah-entenda-o-significado-do-cordao-laranja-e-como-usar-com-identificacao-correta\/","title":{"rendered":"Qual a Cor Que Simboliza o TDAH? Entenda o Significado do Cord\u00e3o Laranja e Como Usar com Identifica\u00e7\u00e3o Correta"},"content":{"rendered":"\n<p>Se voc\u00ea est\u00e1 procurando saber <strong>qual \u00e9 a cor que representa o TDAH<\/strong>, ou deseja entender <strong>quem pode usar o cord\u00e3o laranja<\/strong>, este artigo foi feito para voc\u00ea. Vamos te explicar tudo com base no que realmente importa: <strong>informa\u00e7\u00e3o, acolhimento e seguran\u00e7a<\/strong>.<\/p>\n\n\n\n<p>Na DogTagClan, voc\u00ea encontra tanto o <strong>crach\u00e1 de identifica\u00e7\u00e3o personalizado<\/strong> quanto o <strong>cord\u00e3o na cor laranja<\/strong> que simboliza o TDAH e outras condi\u00e7\u00f5es n\u00e3o vis\u00edveis como o TDO.<\/p>\n\n\n\n<figure class=\"wp-block-image size-large\"><img decoding=\"async\" width=\"1024\" height=\"1024\" src=\"https:\/\/dogtagclan.com.br\/blog\/wp-content\/uploads\/2025\/04\/tdhas2-1024x1024.jpg\" alt=\"\" class=\"wp-image-3565\" srcset=\"https:\/\/dogtagclan.com.br\/blog\/wp-content\/uploads\/2025\/04\/tdhas2-1024x1024.jpg 1024w, https:\/\/dogtagclan.com.br\/blog\/wp-content\/uploads\/2025\/04\/tdhas2-300x300.jpg 300w, https:\/\/dogtagclan.com.br\/blog\/wp-content\/uploads\/2025\/04\/tdhas2-150x150.jpg 150w, https:\/\/dogtagclan.com.br\/blog\/wp-content\/uploads\/2025\/04\/tdhas2-768x768.jpg 768w, https:\/\/dogtagclan.com.br\/blog\/wp-content\/uploads\/2025\/04\/tdhas2-96x96.jpg 96w, https:\/\/dogtagclan.com.br\/blog\/wp-content\/uploads\/2025\/04\/tdhas2.jpg 1200w\" sizes=\"(max-width: 1024px) 100vw, 1024px\" \/><\/figure>\n\n\n\n<p>\ud83d\udc49 <a href=\"https:\/\/www.dogtagclan.com.br\/departamento\/adicionais\/crachas-de-identificacao\">Compre agora com envio para todo o Brasil<\/a><br>\ud83d\udcde WhatsApp: <a>https:\/\/wa.me\/554174001990<\/a><\/p>\n\n\n\n<hr class=\"wp-block-separator has-alpha-channel-opacity\"\/>\n\n\n\n<h3 class=\"wp-block-heading\" id=\"h-qual-a-cor-que-representa-o-tdah\">\ud83d\udd8a\ufe0f Qual a Cor Que Representa o TDAH?<\/h3>\n\n\n\n<p>A <strong>cor que simboliza o TDAH \u00e9 o laranja<\/strong>. Essa tonalidade passou a ser utilizada em campanhas de conscientiza\u00e7\u00e3o e acessibilidade para indicar que a pessoa pode ter <strong>necessidades espec\u00edficas de compreens\u00e3o, comunica\u00e7\u00e3o ou suporte emocional<\/strong>.<\/p>\n\n\n\n<p>O cord\u00e3o laranja tamb\u00e9m passou a representar condi\u00e7\u00f5es relacionadas como:<\/p>\n\n\n\n<ul>\n<li><strong>TDAH (Transtorno de D\u00e9ficit de Aten\u00e7\u00e3o com Hiperatividade)<\/strong><\/li>\n\n\n\n<li><strong>TDO (Transtorno Desafiador de Oposi\u00e7\u00e3o)<\/strong><\/li>\n\n\n\n<li><strong>Ansiedade social, dislexia e outras condi\u00e7\u00f5es cognitivas invis\u00edveis<\/strong><\/li>\n<\/ul>\n\n\n\n<hr class=\"wp-block-separator has-alpha-channel-opacity\"\/>\n\n\n\n<h3 class=\"wp-block-heading\" id=\"h-para-que-serve-o-cord-o-laranja\">\ud83d\udcbc Para Que Serve o Cord\u00e3o Laranja?<\/h3>\n\n\n\n<p>O cord\u00e3o laranja serve para:<\/p>\n\n\n\n<ul>\n<li><strong>Identificar pessoas com TDAH ou TDO em espa\u00e7os p\u00fablicos<\/strong><\/li>\n\n\n\n<li><strong>Facilitar a compreens\u00e3o de que aquela pessoa pode precisar de suporte diferenciado<\/strong><\/li>\n\n\n\n<li><strong>Evitar julgamentos apressados em momentos de crise ou desorganiza\u00e7\u00e3o<\/strong><\/li>\n<\/ul>\n\n\n\n<p>Ele \u00e9 usado junto com um <strong>crach\u00e1 de identifica\u00e7\u00e3o<\/strong>, que pode conter:<\/p>\n\n\n\n<ul>\n<li>Nome da pessoa<\/li>\n\n\n\n<li>Diagn\u00f3stico (opcional)<\/li>\n\n\n\n<li>Informativo: \u201cPessoa com TDAH \/ TDO\u201d<\/li>\n\n\n\n<li>QR Code com dados de contato ou instru\u00e7\u00f5es em caso de emerg\u00eancia<\/li>\n<\/ul>\n\n\n\n<hr class=\"wp-block-separator has-alpha-channel-opacity\"\/>\n\n\n\n<h3 class=\"wp-block-heading\" id=\"h-quem-pode-usar-o-cord-o-laranja\">\ud83d\ude80 Quem Pode Usar o Cord\u00e3o Laranja?<\/h3>\n\n\n\n<p>Essa \u00e9 uma das perguntas mais comuns \u2014 e importantes:<\/p>\n\n\n\n<p><strong>Qualquer pessoa com TDAH, TDO ou condi\u00e7\u00e3o neurodivergente invis\u00edvel pode usar o cord\u00e3o laranja.<\/strong><\/p>\n\n\n\n<p>Pode ser utilizado por:<\/p>\n\n\n\n<ul>\n<li>Crian\u00e7as e adolescentes (em escola, passeios, eventos)<\/li>\n\n\n\n<li>Adultos em locais p\u00fablicos, filas, reparti\u00e7\u00f5es<\/li>\n\n\n\n<li>Acompanhantes ou familiares (em nome da pessoa identificada)<\/li>\n<\/ul>\n\n\n\n<p>\ud83d\udcc6 Tamb\u00e9m pode ser usado temporariamente em situa\u00e7\u00f5es de crise ou tratamento.<\/p>\n\n\n\n<hr class=\"wp-block-separator has-alpha-channel-opacity\"\/>\n\n\n\n<h3 class=\"wp-block-heading\" id=\"h-quando-usar-o-crach-com-cord-o-laranja\">\ud83d\udcc5 Quando Usar o Crach\u00e1 com Cord\u00e3o Laranja?<\/h3>\n\n\n\n<ul>\n<li>Em <strong>viagens, aeroportos ou rodovi\u00e1rias<\/strong><\/li>\n\n\n\n<li>Durante <strong>consultas m\u00e9dicas ou escolares<\/strong><\/li>\n\n\n\n<li>Em <strong>eventos com grande p\u00fablico ou barulho<\/strong><\/li>\n\n\n\n<li>Na <strong>escola, principalmente em fases de adapta\u00e7\u00e3o ou inclus\u00e3o<\/strong><\/li>\n\n\n\n<li>Em <strong>locais p\u00fablicos como shoppings, cinemas, parques, igrejas<\/strong><\/li>\n<\/ul>\n\n\n\n<figure class=\"wp-block-image size-large\"><img decoding=\"async\" width=\"1024\" height=\"1024\" src=\"https:\/\/dogtagclan.com.br\/blog\/wp-content\/uploads\/2025\/03\/laranja-1024x1024.jpg\" alt=\"laranja\" class=\"wp-image-3153\" srcset=\"https:\/\/dogtagclan.com.br\/blog\/wp-content\/uploads\/2025\/03\/laranja-1024x1024.jpg 1024w, https:\/\/dogtagclan.com.br\/blog\/wp-content\/uploads\/2025\/03\/laranja-300x300.jpg 300w, https:\/\/dogtagclan.com.br\/blog\/wp-content\/uploads\/2025\/03\/laranja-150x150.jpg 150w, https:\/\/dogtagclan.com.br\/blog\/wp-content\/uploads\/2025\/03\/laranja-768x768.jpg 768w, https:\/\/dogtagclan.com.br\/blog\/wp-content\/uploads\/2025\/03\/laranja-96x96.jpg 96w, https:\/\/dogtagclan.com.br\/blog\/wp-content\/uploads\/2025\/03\/laranja.jpg 1200w\" sizes=\"(max-width: 1024px) 100vw, 1024px\" \/><\/figure>\n\n\n\n<hr class=\"wp-block-separator has-alpha-channel-opacity\"\/>\n\n\n\n<h3 class=\"wp-block-heading\" id=\"h-onde-comprar-o-cord-o-laranja-com-crach-personalizado\">\ud83c\udfe6 Onde Comprar o Cord\u00e3o Laranja com Crach\u00e1 Personalizado?<\/h3>\n\n\n\n<p>Na <strong>DogTagClan<\/strong>, voc\u00ea encontra:<\/p>\n\n\n\n<ul>\n<li>Crach\u00e1 em a\u00e7o inox com nome + identifica\u00e7\u00e3o TDAH\/TDO<\/li>\n\n\n\n<li>Cord\u00e3o laranja de alta qualidade<\/li>\n\n\n\n<li>Op\u00e7\u00f5es com QR Code, frase de seguran\u00e7a e modelo infantil ou adulto<\/li>\n\n\n\n<li>Envio r\u00e1pido para todo o Brasil<\/li>\n<\/ul>\n\n\n\n<p>\ud83d\udc49 <a href=\"https:\/\/www.dogtagclan.com.br\/departamento\/adicionais\/crachas-de-identificacao\">Acesse agora: dogtagclan.com.br<\/a><br>\ud83d\udcde WhatsApp: <a>https:\/\/wa.me\/554174001990<\/a><\/p>\n\n\n\n<hr class=\"wp-block-separator has-alpha-channel-opacity\"\/>\n\n\n\n<h3 class=\"wp-block-heading\" id=\"h-faq-as-pessoas-tamb-m-perguntam\">\ud83d\udd0d FAQ &#8211; As Pessoas Tamb\u00e9m Perguntam<\/h3>\n\n\n\n<p><strong>1. Qual \u00e9 a cor oficial do TDAH?<\/strong><br>O laranja \u00e9 a cor mais associada \u00e0 causa e \u00e0 identifica\u00e7\u00e3o de pessoas com TDAH.<\/p>\n\n\n\n<p><strong>2. Quem pode usar o cord\u00e3o laranja?<\/strong><br>Qualquer pessoa com TDAH, TDO ou condi\u00e7\u00e3o neurodivergente n\u00e3o vis\u00edvel.<\/p>\n\n\n\n<p><strong>3. Onde comprar cord\u00e3o e crach\u00e1 para TDAH?<\/strong><br>Na DogTagClan, com personaliza\u00e7\u00e3o, QR Code e envio para todo o Brasil.<\/p>\n\n\n\n<p><strong>4. \u00c9 obrigat\u00f3rio mostrar laudo para usar o cord\u00e3o?<\/strong><br>N\u00e3o. O uso \u00e9 livre, voltado \u00e0 empatia e \u00e0 prote\u00e7\u00e3o da pessoa com TDAH\/TDO.<\/p>\n\n\n\n<hr class=\"wp-block-separator has-alpha-channel-opacity\"\/>\n\n\n\n<h3 class=\"wp-block-heading\" id=\"h-conclus-o-mais-do-que-uma-cor-um-sinal-de-empatia-e-inclus-o\">\ud83d\udcbc Conclus\u00e3o: Mais do que uma Cor, Um Sinal de Empatia e Inclus\u00e3o<\/h3>\n\n\n\n<p>Usar o cord\u00e3o laranja com crach\u00e1 TDAH \u00e9 um ato de <strong>seguran\u00e7a, visibilidade e respeito<\/strong>. Para quem vive com TDAH ou TDO, ser compreendido faz toda a diferen\u00e7a.<\/p>\n\n\n\n<p>A DogTagClan tem orgulho de apoiar essa causa com produtos que unem <strong>design, funcionalidade e acolhimento<\/strong>.<\/p>\n\n\n\n<p>\ud83d\udc49 <a href=\"https:\/\/www.dogtagclan.com.br\/departamento\/adicionais\/crachas-de-identificacao\">dogtagclan.com.br\/departamento\/adicionais\/crachas-de-identificacao<\/a><br>\ud83d\udcde WhatsApp: <a>https:\/\/wa.me\/554174001990<\/a><\/p>\n","protected":false},"excerpt":{"rendered":"<p>Se voc\u00ea est\u00e1 procurando saber qual \u00e9 a cor que representa o TDAH, ou deseja entender quem pode usar o<\/p>\n","protected":false},"author":1,"featured_media":3565,"comment_status":"open","ping_status":"open","sticky":false,"template":"","format":"standard","meta":{"footnotes":""},"categories":[554],"tags":[],"yoast_head":"<!-- This site is optimized with the Yoast SEO Premium plugin v15.5 - https:\/\/yoast.com\/wordpress\/plugins\/seo\/ -->\n<title>Qual a Cor Que Simboliza o TDAH? Entenda o Significado do Cord\u00e3o Laranja e Como Usar com Identifica\u00e7\u00e3o Correta | DogTagClan Blog<\/title>\n<meta name=\"description\" content=\"Se voc\u00ea est\u00e1 procurando saber qual \u00e9 a cor que representa o TDAH, ou deseja entender quem pode usar o cord\u00e3o laranja,\" \/>\n<meta name=\"robots\" content=\"index, follow, max-snippet:-1, max-image-preview:large, max-video-preview:-1\" \/>\n<link rel=\"canonical\" href=\"https:\/\/dogtagclan.com.br\/blog\/qual-a-cor-que-simboliza-o-tdah-entenda-o-significado-do-cordao-laranja-e-como-usar-com-identificacao-correta\/\" \/>\n<meta property=\"og:locale\" content=\"pt_BR\" \/>\n<meta property=\"og:type\" content=\"article\" \/>\n<meta property=\"og:title\" content=\"Qual a Cor Que Simboliza o TDAH? Entenda o Significado do Cord\u00e3o Laranja e Como Usar com Identifica\u00e7\u00e3o Correta | DogTagClan Blog\" \/>\n<meta property=\"og:description\" content=\"Se voc\u00ea est\u00e1 procurando saber qual \u00e9 a cor que representa o TDAH, ou deseja entender quem pode usar o cord\u00e3o laranja,\" \/>\n<meta property=\"og:url\" content=\"https:\/\/dogtagclan.com.br\/blog\/qual-a-cor-que-simboliza-o-tdah-entenda-o-significado-do-cordao-laranja-e-como-usar-com-identificacao-correta\/\" \/>\n<meta property=\"og:site_name\" content=\"DogTagClan Blog\" \/>\n<meta property=\"article:publisher\" content=\"https:\/\/www.facebook.com\/dogtagclan\" \/>\n<meta property=\"article:author\" content=\"https:\/\/www.facebook.com\/dogtagclan\" \/>\n<meta property=\"article:published_time\" content=\"2025-04-04T21:10:05+00:00\" \/>\n<meta property=\"article:modified_time\" content=\"2025-04-04T21:10:06+00:00\" \/>\n<meta property=\"og:image\" content=\"https:\/\/dogtagclan.com.br\/blog\/wp-content\/uploads\/2025\/04\/tdhas2.jpg\" \/>\n\t<meta property=\"og:image:width\" content=\"1200\" \/>\n\t<meta property=\"og:image:height\" content=\"1200\" \/>\n<meta name=\"twitter:card\" content=\"summary_large_image\" \/>\n<meta name=\"twitter:creator\" content=\"@https:\/\/x.com\/Dogtagclanclan\" \/>\n<meta name=\"twitter:label1\" content=\"Est. tempo de leitura\">\n\t<meta name=\"twitter:data1\" content=\"2 minutos\">\n<script type=\"application\/ld+json\" class=\"yoast-schema-graph\">{\"@context\":\"https:\/\/schema.org\",\"@graph\":[{\"@type\":\"Organization\",\"@id\":\"https:\/\/dogtagclan.com.br\/blog\/#organization\",\"name\":\"DogTagClan | Dog Tags, Crach\\u00e1s e Acess\\u00f3rios Personalizados\",\"url\":\"https:\/\/dogtagclan.com.br\/blog\/\",\"sameAs\":[\"https:\/\/www.facebook.com\/dogtagclan\"],\"logo\":{\"@type\":\"ImageObject\",\"@id\":\"https:\/\/dogtagclan.com.br\/blog\/#logo\",\"inLanguage\":\"pt-BR\",\"url\":\"https:\/\/dogtagclan.com.br\/blog\/wp-content\/uploads\/2023\/02\/cropped-doftagclan-logo.png\",\"width\":250,\"height\":140,\"caption\":\"DogTagClan | Dog Tags, Crach\\u00e1s e Acess\\u00f3rios Personalizados\"},\"image\":{\"@id\":\"https:\/\/dogtagclan.com.br\/blog\/#logo\"}},{\"@type\":\"WebSite\",\"@id\":\"https:\/\/dogtagclan.com.br\/blog\/#website\",\"url\":\"https:\/\/dogtagclan.com.br\/blog\/\",\"name\":\"DogTagClan Blog\",\"description\":\"A gente faz, do seu Jeito\",\"publisher\":{\"@id\":\"https:\/\/dogtagclan.com.br\/blog\/#organization\"},\"potentialAction\":[{\"@type\":\"SearchAction\",\"target\":\"https:\/\/dogtagclan.com.br\/blog\/?s={search_term_string}\",\"query-input\":\"required name=search_term_string\"}],\"inLanguage\":\"pt-BR\"},{\"@type\":\"ImageObject\",\"@id\":\"https:\/\/dogtagclan.com.br\/blog\/qual-a-cor-que-simboliza-o-tdah-entenda-o-significado-do-cordao-laranja-e-como-usar-com-identificacao-correta\/#primaryimage\",\"inLanguage\":\"pt-BR\",\"url\":\"https:\/\/dogtagclan.com.br\/blog\/wp-content\/uploads\/2025\/04\/tdhas2.jpg\",\"width\":1200,\"height\":1200,\"caption\":\"cracha tdah\"},{\"@type\":\"WebPage\",\"@id\":\"https:\/\/dogtagclan.com.br\/blog\/qual-a-cor-que-simboliza-o-tdah-entenda-o-significado-do-cordao-laranja-e-como-usar-com-identificacao-correta\/#webpage\",\"url\":\"https:\/\/dogtagclan.com.br\/blog\/qual-a-cor-que-simboliza-o-tdah-entenda-o-significado-do-cordao-laranja-e-como-usar-com-identificacao-correta\/\",\"name\":\"Qual a Cor Que Simboliza o TDAH? Entenda o Significado do Cord\\u00e3o Laranja e Como Usar com Identifica\\u00e7\\u00e3o Correta | DogTagClan Blog\",\"isPartOf\":{\"@id\":\"https:\/\/dogtagclan.com.br\/blog\/#website\"},\"primaryImageOfPage\":{\"@id\":\"https:\/\/dogtagclan.com.br\/blog\/qual-a-cor-que-simboliza-o-tdah-entenda-o-significado-do-cordao-laranja-e-como-usar-com-identificacao-correta\/#primaryimage\"},\"datePublished\":\"2025-04-04T21:10:05+00:00\",\"dateModified\":\"2025-04-04T21:10:06+00:00\",\"description\":\"Se voc\\u00ea est\\u00e1 procurando saber qual \\u00e9 a cor que representa o TDAH, ou deseja entender quem pode usar o cord\\u00e3o laranja,\",\"inLanguage\":\"pt-BR\",\"potentialAction\":[{\"@type\":\"ReadAction\",\"target\":[\"https:\/\/dogtagclan.com.br\/blog\/qual-a-cor-que-simboliza-o-tdah-entenda-o-significado-do-cordao-laranja-e-como-usar-com-identificacao-correta\/\"]}]},{\"@type\":\"Article\",\"@id\":\"https:\/\/dogtagclan.com.br\/blog\/qual-a-cor-que-simboliza-o-tdah-entenda-o-significado-do-cordao-laranja-e-como-usar-com-identificacao-correta\/#article\",\"isPartOf\":{\"@id\":\"https:\/\/dogtagclan.com.br\/blog\/qual-a-cor-que-simboliza-o-tdah-entenda-o-significado-do-cordao-laranja-e-como-usar-com-identificacao-correta\/#webpage\"},\"author\":{\"@id\":\"https:\/\/dogtagclan.com.br\/blog\/#\/schema\/person\/b7279d930f15e2a85c89cd3b2f1d8df5\"},\"headline\":\"Qual a Cor Que Simboliza o TDAH? Entenda o Significado do Cord\\u00e3o Laranja e Como Usar com Identifica\\u00e7\\u00e3o Correta\",\"datePublished\":\"2025-04-04T21:10:05+00:00\",\"dateModified\":\"2025-04-04T21:10:06+00:00\",\"mainEntityOfPage\":{\"@id\":\"https:\/\/dogtagclan.com.br\/blog\/qual-a-cor-que-simboliza-o-tdah-entenda-o-significado-do-cordao-laranja-e-como-usar-com-identificacao-correta\/#webpage\"},\"commentCount\":0,\"publisher\":{\"@id\":\"https:\/\/dogtagclan.com.br\/blog\/#organization\"},\"image\":{\"@id\":\"https:\/\/dogtagclan.com.br\/blog\/qual-a-cor-que-simboliza-o-tdah-entenda-o-significado-do-cordao-laranja-e-como-usar-com-identificacao-correta\/#primaryimage\"},\"articleSection\":\"Crachas e broches personalizados\",\"inLanguage\":\"pt-BR\",\"potentialAction\":[{\"@type\":\"CommentAction\",\"name\":\"Comment\",\"target\":[\"https:\/\/dogtagclan.com.br\/blog\/qual-a-cor-que-simboliza-o-tdah-entenda-o-significado-do-cordao-laranja-e-como-usar-com-identificacao-correta\/#respond\"]}]},{\"@type\":\"Person\",\"@id\":\"https:\/\/dogtagclan.com.br\/blog\/#\/schema\/person\/b7279d930f15e2a85c89cd3b2f1d8df5\",\"name\":\"dogtagclan\",\"description\":\"\\\"A DogTagClan \\u00e9 especializada na fabrica\\u00e7\\u00e3o e personaliza\\u00e7\\u00e3o de Dog Tags, crach\\u00e1s e acess\\u00f3rios. Produzimos pe\\u00e7as em a\\u00e7o inoxid\\u00e1vel com grava\\u00e7\\u00f5es de alta precis\\u00e3o para identifica\\u00e7\\u00e3o pessoal e profissional.\\\"\",\"sameAs\":[\"https:\/\/blog.dogtagclan.com.br\",\"https:\/\/www.facebook.com\/dogtagclan\",\"https:\/\/www.instagram.com\/dogtagclan\",\"https:\/\/twitter.com\/https:\/\/x.com\/Dogtagclanclan\",\"https:\/\/www.youtube.com\/dogtagclan\"]}]}<\/script>\n<!-- \/ Yoast SEO Premium plugin. -->","_links":{"self":[{"href":"https:\/\/dogtagclan.com.br\/blog\/wp-json\/wp\/v2\/posts\/3641"}],"collection":[{"href":"https:\/\/dogtagclan.com.br\/blog\/wp-json\/wp\/v2\/posts"}],"about":[{"href":"https:\/\/dogtagclan.com.br\/blog\/wp-json\/wp\/v2\/types\/post"}],"author":[{"embeddable":true,"href":"https:\/\/dogtagclan.com.br\/blog\/wp-json\/wp\/v2\/users\/1"}],"replies":[{"embeddable":true,"href":"https:\/\/dogtagclan.com.br\/blog\/wp-json\/wp\/v2\/comments?post=3641"}],"version-history":[{"count":0,"href":"https:\/\/dogtagclan.com.br\/blog\/wp-json\/wp\/v2\/posts\/3641\/revisions"}],"wp:featuredmedia":[{"embeddable":true,"href":"https:\/\/dogtagclan.com.br\/blog\/wp-json\/wp\/v2\/media\/3565"}],"wp:attachment":[{"href":"https:\/\/dogtagclan.com.br\/blog\/wp-json\/wp\/v2\/media?parent=3641"}],"wp:term":[{"taxonomy":"category","embeddable":true,"href":"https:\/\/dogtagclan.com.br\/blog\/wp-json\/wp\/v2\/categories?post=3641"},{"taxonomy":"post_tag","embeddable":true,"href":"https:\/\/dogtagclan.com.br\/blog\/wp-json\/wp\/v2\/tags?post=3641"}],"curies":[{"name":"wp","href":"https:\/\/api.w.org\/{rel}","templated":true}]}}