{"id":3584,"date":"2025-04-02T17:44:36","date_gmt":"2025-04-02T20:44:36","guid":{"rendered":"https:\/\/dogtagclan.com.br\/blog\/?p=3584"},"modified":"2025-04-02T17:44:38","modified_gmt":"2025-04-02T20:44:38","slug":"qual-o-tamanho-padrao-do-cracha-broche-descubra-por-que-6x25cm-em-aco-inox-e-a-medida-ideal-e-profissional","status":"publish","type":"post","link":"https:\/\/dogtagclan.com.br\/blog\/qual-o-tamanho-padrao-do-cracha-broche-descubra-por-que-6x25cm-em-aco-inox-e-a-medida-ideal-e-profissional\/","title":{"rendered":"Qual o Tamanho Padr\u00e3o do Crach\u00e1 Broche? Descubra Por Que 6&#215;2,5cm em A\u00e7o Inox \u00e9 a Medida Ideal e Profissional"},"content":{"rendered":"\n<p>Quando se fala em crach\u00e1 broche de qualidade, n\u00e3o \u00e9 s\u00f3 a arte ou o logo que importam. A <strong>medida e o material<\/strong> fazem toda a diferen\u00e7a no resultado final. E \u00e9 por isso que o padr\u00e3o profissional mais recomendado \u00e9 claro: <strong>6cm de largura por 2,5cm de altura, em a\u00e7o inox escovado<\/strong>.<\/p>\n\n\n\n<figure class=\"wp-block-image size-full\"><img decoding=\"async\" width=\"500\" height=\"500\" src=\"https:\/\/dogtagclan.com.br\/blog\/wp-content\/uploads\/2025\/04\/10-Bases-Cracha-Broche-Aco-Inox-Serigrafar-Ou-Adesivar-2-1.jpg\" alt=\"\" class=\"wp-image-3577\" srcset=\"https:\/\/dogtagclan.com.br\/blog\/wp-content\/uploads\/2025\/04\/10-Bases-Cracha-Broche-Aco-Inox-Serigrafar-Ou-Adesivar-2-1.jpg 500w, https:\/\/dogtagclan.com.br\/blog\/wp-content\/uploads\/2025\/04\/10-Bases-Cracha-Broche-Aco-Inox-Serigrafar-Ou-Adesivar-2-1-300x300.jpg 300w, https:\/\/dogtagclan.com.br\/blog\/wp-content\/uploads\/2025\/04\/10-Bases-Cracha-Broche-Aco-Inox-Serigrafar-Ou-Adesivar-2-1-150x150.jpg 150w, https:\/\/dogtagclan.com.br\/blog\/wp-content\/uploads\/2025\/04\/10-Bases-Cracha-Broche-Aco-Inox-Serigrafar-Ou-Adesivar-2-1-96x96.jpg 96w\" sizes=\"(max-width: 500px) 100vw, 500px\" \/><\/figure>\n\n\n\n<p>Neste artigo, voc\u00ea vai entender:<\/p>\n\n\n\n<ul>\n<li>Qual \u00e9 a medida ideal para crach\u00e1 broche<\/li>\n\n\n\n<li>Por que o a\u00e7o inox \u00e9 superior ao acr\u00edlico<\/li>\n\n\n\n<li>Onde comprar com qualidade e entrega nacional<\/li>\n<\/ul>\n\n\n\n<hr class=\"wp-block-separator has-alpha-channel-opacity\"\/>\n\n\n\n<h3 class=\"wp-block-heading\" id=\"h-qual-a-medida-certa-para-um-crach-broche\">\ud83d\udd39 Qual a Medida Certa para um Crach\u00e1 Broche?<\/h3>\n\n\n\n<p>A medida padr\u00e3o recomendada e utilizada por empresas, revendedores e profissionais de identidade visual \u00e9:<\/p>\n\n\n\n<blockquote class=\"wp-block-quote is-layout-flow wp-block-quote-is-layout-flow\">\n<p><strong>6,0 cm de largura x 2,5 cm de altura<\/strong><\/p>\n<\/blockquote>\n\n\n\n<p>Esse formato oferece o espa\u00e7o ideal para:<\/p>\n\n\n\n<ul>\n<li>Logo da empresa<\/li>\n\n\n\n<li>Nome e cargo do colaborador<\/li>\n\n\n\n<li>QR Code ou telefone de contato<\/li>\n<\/ul>\n\n\n\n<p>Tamb\u00e9m \u00e9 a medida mais vers\u00e1til para aplica\u00e7\u00f5es em adesivo, serigrafia ou sublima\u00e7\u00e3o.<\/p>\n\n\n\n<hr class=\"wp-block-separator has-alpha-channel-opacity\"\/>\n\n\n\n<h3 class=\"wp-block-heading\" id=\"h-por-que-usar-a-o-inox-escovado\">\u2728 Por Que Usar A\u00e7o Inox Escovado?<\/h3>\n\n\n\n<p>O <strong>a\u00e7o inox escovado<\/strong> \u00e9 altamente indicado por profissionais da \u00e1rea gr\u00e1fica e empresas que prezam por qualidade. Veja os motivos:<\/p>\n\n\n\n<ul>\n<li>\u2705 <strong>N\u00e3o quebra<\/strong> mesmo com uso constante<\/li>\n\n\n\n<li>\u2705 <strong>N\u00e3o enferruja<\/strong> nem mancha com o tempo<\/li>\n\n\n\n<li>\u2705 Tem acabamento elegante e resistente a riscos<\/li>\n\n\n\n<li>\u2705 Pode ser personalizado com adesivo, tinta ou sublima\u00e7\u00e3o<\/li>\n\n\n\n<li>\u2705 \u00c9 f\u00e1cil de limpar e manter<\/li>\n<\/ul>\n\n\n\n<hr class=\"wp-block-separator has-alpha-channel-opacity\"\/>\n\n\n\n<h3 class=\"wp-block-heading\" id=\"h-e-o-acr-lico-por-que-evitar\">\u274c E o Acr\u00edlico? Por Que Evitar?<\/h3>\n\n\n\n<p>Apesar de ser comum em op\u00e7\u00f5es mais baratas, o acr\u00edlico tem s\u00e9rias limita\u00e7\u00f5es:<\/p>\n\n\n\n<ul>\n<li>\u274c Quebra com facilidade em uniformes<\/li>\n\n\n\n<li>\u274c Emba\u00e7a com o tempo e com produtos de limpeza<\/li>\n\n\n\n<li>\u274c Desbota com exposi\u00e7\u00e3o ao sol<\/li>\n\n\n\n<li>\u274c Passa imagem de fragilidade<\/li>\n<\/ul>\n\n\n\n<p>Se voc\u00ea deseja transmitir <strong>autoridade, profissionalismo e durabilidade<\/strong>, escolha <strong>a\u00e7o inox 6&#215;2,5cm<\/strong>. N\u00e3o tem erro.<\/p>\n\n\n\n<hr class=\"wp-block-separator has-alpha-channel-opacity\"\/>\n\n\n\n<h3 class=\"wp-block-heading\" id=\"h-em-quais-situa-es-usar-essa-medida-de-crach\">\ud83d\udcc6 Em Quais Situa\u00e7\u00f5es Usar Essa Medida de Crach\u00e1?<\/h3>\n\n\n\n<ul>\n<li>Identifica\u00e7\u00e3o de funcion\u00e1rios e colaboradores<\/li>\n\n\n\n<li>Brindes corporativos personalizados<\/li>\n\n\n\n<li>Uniformes de empresas e sal\u00f5es de beleza<\/li>\n\n\n\n<li>Eventos, workshops e feiras comerciais<\/li>\n<\/ul>\n\n\n\n<p>Com essa medida, o crach\u00e1 \u00e9 vis\u00edvel e discreto ao mesmo tempo. Passa a imagem certa.<\/p>\n\n\n\n<hr class=\"wp-block-separator has-alpha-channel-opacity\"\/>\n\n\n\n<h3 class=\"wp-block-heading\" id=\"h-onde-comprar-broche-crach-6x2-5cm-em-a-o-inox\">\ud83d\ude9a Onde Comprar Broche Crach\u00e1 6&#215;2,5cm em A\u00e7o Inox?<\/h3>\n\n\n\n<p>A <strong>DogTagClan<\/strong> oferece kits prontos de base para crach\u00e1 com:<\/p>\n\n\n\n<ul>\n<li><strong>6cm x 2,5cm<\/strong> (medida padr\u00e3o)<\/li>\n\n\n\n<li>Em <strong>a\u00e7o inox escovado premium<\/strong><\/li>\n\n\n\n<li>Com <strong>fixa\u00e7\u00e3o por \u00edm\u00e3 ou alfinete<\/strong><\/li>\n\n\n\n<li>Pronta entrega com envio para todo o Brasil<\/li>\n<\/ul>\n\n\n\n<p>\ud83d\udc49 <a href=\"https:\/\/dogtagclan.com.br\/departamento\/adicionais\/cracha-broche\">Clique aqui para comprar agora<\/a><br>\ud83d\udcde WhatsApp: <strong>(41) 7400-1990<\/strong><\/p>\n\n\n\n<figure class=\"wp-block-image size-full\"><img decoding=\"async\" width=\"500\" height=\"500\" src=\"https:\/\/dogtagclan.com.br\/blog\/wp-content\/uploads\/2025\/04\/cracha-broche-base.dogtagclanjpg-1.jpg\" alt=\"\" class=\"wp-image-3576\" srcset=\"https:\/\/dogtagclan.com.br\/blog\/wp-content\/uploads\/2025\/04\/cracha-broche-base.dogtagclanjpg-1.jpg 500w, https:\/\/dogtagclan.com.br\/blog\/wp-content\/uploads\/2025\/04\/cracha-broche-base.dogtagclanjpg-1-300x300.jpg 300w, https:\/\/dogtagclan.com.br\/blog\/wp-content\/uploads\/2025\/04\/cracha-broche-base.dogtagclanjpg-1-150x150.jpg 150w, https:\/\/dogtagclan.com.br\/blog\/wp-content\/uploads\/2025\/04\/cracha-broche-base.dogtagclanjpg-1-96x96.jpg 96w\" sizes=\"(max-width: 500px) 100vw, 500px\" \/><\/figure>\n\n\n\n<hr class=\"wp-block-separator has-alpha-channel-opacity\"\/>\n\n\n\n<h3 class=\"wp-block-heading\" id=\"h-faq-perguntas-frequentes\">\ud83d\udcca FAQ &#8211; Perguntas Frequentes<\/h3>\n\n\n\n<p><strong>Qual a medida ideal de um crach\u00e1 broche?<\/strong><br>6,0 x 2,5 cm \u00e9 o padr\u00e3o profissional usado em todo o Brasil.<\/p>\n\n\n\n<p><strong>Voc\u00eas entregam para qualquer lugar?<\/strong><br>Sim, entregamos para todas as cidades do pa\u00eds.<\/p>\n\n\n\n<p><strong>O crach\u00e1 \u00e9 feito em acr\u00edlico?<\/strong><br>N\u00e3o. Usamos exclusivamente <strong>a\u00e7o inox escovado<\/strong>, que n\u00e3o quebra, n\u00e3o mancha e n\u00e3o desbota.<\/p>\n\n\n\n<p><strong>Voc\u00eas personalizam tamb\u00e9m?<\/strong><br>Vendemos a base para que voc\u00ea personalize com liberdade (adesivo, serigrafia ou sublima\u00e7\u00e3o).<\/p>\n\n\n\n<hr class=\"wp-block-separator has-alpha-channel-opacity\"\/>\n\n\n\n<h3 class=\"wp-block-heading\" id=\"h-conclus-o-medida-certa-material-certo-resultado-profissional\">\ud83d\udcbc Conclus\u00e3o: Medida Certa, Material Certo, Resultado Profissional<\/h3>\n\n\n\n<p>N\u00e3o arrisque a imagem da sua marca com crach\u00e1s que quebram ou perdem a cor.<\/p>\n\n\n\n<p>Com a base de crach\u00e1 <strong>6&#215;2,5cm em a\u00e7o inox escovado<\/strong>, voc\u00ea garante durabilidade, estilo e um resultado que transmite confian\u00e7a.<\/p>\n\n\n\n<p>\ud83d\udcc5 Pronto para subir o padr\u00e3o dos seus crach\u00e1s?<br>\ud83d\udccd Compre agora na DogTagClan com entrega para todo o Brasil.<\/p>\n\n\n\n<p>\ud83d\udc49 <a href=\"https:\/\/dogtagclan.com.br\/departamento\/adicionais\/cracha-broche\">dogtagclan.com.br\/departamento\/adicionais\/cracha-broche<\/a><br>\ud83d\udcde WhatsApp: <strong>(41) 7400-1990<\/strong><\/p>\n","protected":false},"excerpt":{"rendered":"<p>Quando se fala em crach\u00e1 broche de qualidade, n\u00e3o \u00e9 s\u00f3 a arte ou o logo que importam. A medida<\/p>\n","protected":false},"author":1,"featured_media":3552,"comment_status":"open","ping_status":"open","sticky":false,"template":"","format":"standard","meta":{"footnotes":""},"categories":[554],"tags":[],"yoast_head":"<!-- This site is optimized with the Yoast SEO Premium plugin v15.5 - https:\/\/yoast.com\/wordpress\/plugins\/seo\/ -->\n<title>Qual o Tamanho Padr\u00e3o do Crach\u00e1 Broche? Descubra Por Que 6x2,5cm em A\u00e7o Inox \u00e9 a Medida Ideal e Profissional | DogTagClan Blog<\/title>\n<meta name=\"description\" content=\"Quando se fala em crach\u00e1 broche de qualidade, n\u00e3o \u00e9 s\u00f3 a arte ou o logo que importam. A medida e o material fazem toda a diferen\u00e7a no resultado final.\" \/>\n<meta name=\"robots\" content=\"index, follow, max-snippet:-1, max-image-preview:large, max-video-preview:-1\" \/>\n<link rel=\"canonical\" href=\"https:\/\/dogtagclan.com.br\/blog\/qual-o-tamanho-padrao-do-cracha-broche-descubra-por-que-6x25cm-em-aco-inox-e-a-medida-ideal-e-profissional\/\" \/>\n<meta property=\"og:locale\" content=\"pt_BR\" \/>\n<meta property=\"og:type\" content=\"article\" \/>\n<meta property=\"og:title\" content=\"Qual o Tamanho Padr\u00e3o do Crach\u00e1 Broche? Descubra Por Que 6x2,5cm em A\u00e7o Inox \u00e9 a Medida Ideal e Profissional | DogTagClan Blog\" \/>\n<meta property=\"og:description\" content=\"Quando se fala em crach\u00e1 broche de qualidade, n\u00e3o \u00e9 s\u00f3 a arte ou o logo que importam. A medida e o material fazem toda a diferen\u00e7a no resultado final.\" \/>\n<meta property=\"og:url\" content=\"https:\/\/dogtagclan.com.br\/blog\/qual-o-tamanho-padrao-do-cracha-broche-descubra-por-que-6x25cm-em-aco-inox-e-a-medida-ideal-e-profissional\/\" \/>\n<meta property=\"og:site_name\" content=\"DogTagClan Blog\" \/>\n<meta property=\"article:publisher\" content=\"https:\/\/www.facebook.com\/dogtagclan\" \/>\n<meta property=\"article:author\" content=\"https:\/\/www.facebook.com\/dogtagclan\" \/>\n<meta property=\"article:published_time\" content=\"2025-04-02T20:44:36+00:00\" \/>\n<meta property=\"article:modified_time\" content=\"2025-04-02T20:44:38+00:00\" \/>\n<meta property=\"og:image\" content=\"https:\/\/dogtagclan.com.br\/blog\/wp-content\/uploads\/2025\/04\/base-brochse.jpg\" \/>\n\t<meta property=\"og:image:width\" content=\"627\" \/>\n\t<meta property=\"og:image:height\" content=\"537\" \/>\n<meta name=\"twitter:card\" content=\"summary_large_image\" \/>\n<meta name=\"twitter:creator\" content=\"@https:\/\/x.com\/Dogtagclanclan\" \/>\n<meta name=\"twitter:label1\" content=\"Est. tempo de leitura\">\n\t<meta name=\"twitter:data1\" content=\"2 minutos\">\n<script type=\"application\/ld+json\" class=\"yoast-schema-graph\">{\"@context\":\"https:\/\/schema.org\",\"@graph\":[{\"@type\":\"Organization\",\"@id\":\"https:\/\/dogtagclan.com.br\/blog\/#organization\",\"name\":\"DogTagClan | Dog Tags, Crach\\u00e1s e Acess\\u00f3rios Personalizados\",\"url\":\"https:\/\/dogtagclan.com.br\/blog\/\",\"sameAs\":[\"https:\/\/www.facebook.com\/dogtagclan\"],\"logo\":{\"@type\":\"ImageObject\",\"@id\":\"https:\/\/dogtagclan.com.br\/blog\/#logo\",\"inLanguage\":\"pt-BR\",\"url\":\"https:\/\/dogtagclan.com.br\/blog\/wp-content\/uploads\/2023\/02\/cropped-doftagclan-logo.png\",\"width\":250,\"height\":140,\"caption\":\"DogTagClan | Dog Tags, Crach\\u00e1s e Acess\\u00f3rios Personalizados\"},\"image\":{\"@id\":\"https:\/\/dogtagclan.com.br\/blog\/#logo\"}},{\"@type\":\"WebSite\",\"@id\":\"https:\/\/dogtagclan.com.br\/blog\/#website\",\"url\":\"https:\/\/dogtagclan.com.br\/blog\/\",\"name\":\"DogTagClan Blog\",\"description\":\"A gente faz, do seu Jeito\",\"publisher\":{\"@id\":\"https:\/\/dogtagclan.com.br\/blog\/#organization\"},\"potentialAction\":[{\"@type\":\"SearchAction\",\"target\":\"https:\/\/dogtagclan.com.br\/blog\/?s={search_term_string}\",\"query-input\":\"required name=search_term_string\"}],\"inLanguage\":\"pt-BR\"},{\"@type\":\"ImageObject\",\"@id\":\"https:\/\/dogtagclan.com.br\/blog\/qual-o-tamanho-padrao-do-cracha-broche-descubra-por-que-6x25cm-em-aco-inox-e-a-medida-ideal-e-profissional\/#primaryimage\",\"inLanguage\":\"pt-BR\",\"url\":\"https:\/\/dogtagclan.com.br\/blog\/wp-content\/uploads\/2025\/04\/base-brochse.jpg\",\"width\":627,\"height\":537,\"caption\":\"base para cracha broche\"},{\"@type\":\"WebPage\",\"@id\":\"https:\/\/dogtagclan.com.br\/blog\/qual-o-tamanho-padrao-do-cracha-broche-descubra-por-que-6x25cm-em-aco-inox-e-a-medida-ideal-e-profissional\/#webpage\",\"url\":\"https:\/\/dogtagclan.com.br\/blog\/qual-o-tamanho-padrao-do-cracha-broche-descubra-por-que-6x25cm-em-aco-inox-e-a-medida-ideal-e-profissional\/\",\"name\":\"Qual o Tamanho Padr\\u00e3o do Crach\\u00e1 Broche? Descubra Por Que 6x2,5cm em A\\u00e7o Inox \\u00e9 a Medida Ideal e Profissional | DogTagClan Blog\",\"isPartOf\":{\"@id\":\"https:\/\/dogtagclan.com.br\/blog\/#website\"},\"primaryImageOfPage\":{\"@id\":\"https:\/\/dogtagclan.com.br\/blog\/qual-o-tamanho-padrao-do-cracha-broche-descubra-por-que-6x25cm-em-aco-inox-e-a-medida-ideal-e-profissional\/#primaryimage\"},\"datePublished\":\"2025-04-02T20:44:36+00:00\",\"dateModified\":\"2025-04-02T20:44:38+00:00\",\"description\":\"Quando se fala em crach\\u00e1 broche de qualidade, n\\u00e3o \\u00e9 s\\u00f3 a arte ou o logo que importam. A medida e o material fazem toda a diferen\\u00e7a no resultado final.\",\"inLanguage\":\"pt-BR\",\"potentialAction\":[{\"@type\":\"ReadAction\",\"target\":[\"https:\/\/dogtagclan.com.br\/blog\/qual-o-tamanho-padrao-do-cracha-broche-descubra-por-que-6x25cm-em-aco-inox-e-a-medida-ideal-e-profissional\/\"]}]},{\"@type\":\"Article\",\"@id\":\"https:\/\/dogtagclan.com.br\/blog\/qual-o-tamanho-padrao-do-cracha-broche-descubra-por-que-6x25cm-em-aco-inox-e-a-medida-ideal-e-profissional\/#article\",\"isPartOf\":{\"@id\":\"https:\/\/dogtagclan.com.br\/blog\/qual-o-tamanho-padrao-do-cracha-broche-descubra-por-que-6x25cm-em-aco-inox-e-a-medida-ideal-e-profissional\/#webpage\"},\"author\":{\"@id\":\"https:\/\/dogtagclan.com.br\/blog\/#\/schema\/person\/b7279d930f15e2a85c89cd3b2f1d8df5\"},\"headline\":\"Qual o Tamanho Padr\\u00e3o do Crach\\u00e1 Broche? Descubra Por Que 6&#215;2,5cm em A\\u00e7o Inox \\u00e9 a Medida Ideal e Profissional\",\"datePublished\":\"2025-04-02T20:44:36+00:00\",\"dateModified\":\"2025-04-02T20:44:38+00:00\",\"mainEntityOfPage\":{\"@id\":\"https:\/\/dogtagclan.com.br\/blog\/qual-o-tamanho-padrao-do-cracha-broche-descubra-por-que-6x25cm-em-aco-inox-e-a-medida-ideal-e-profissional\/#webpage\"},\"commentCount\":0,\"publisher\":{\"@id\":\"https:\/\/dogtagclan.com.br\/blog\/#organization\"},\"image\":{\"@id\":\"https:\/\/dogtagclan.com.br\/blog\/qual-o-tamanho-padrao-do-cracha-broche-descubra-por-que-6x25cm-em-aco-inox-e-a-medida-ideal-e-profissional\/#primaryimage\"},\"articleSection\":\"Crachas e broches personalizados\",\"inLanguage\":\"pt-BR\",\"potentialAction\":[{\"@type\":\"CommentAction\",\"name\":\"Comment\",\"target\":[\"https:\/\/dogtagclan.com.br\/blog\/qual-o-tamanho-padrao-do-cracha-broche-descubra-por-que-6x25cm-em-aco-inox-e-a-medida-ideal-e-profissional\/#respond\"]}]},{\"@type\":\"Person\",\"@id\":\"https:\/\/dogtagclan.com.br\/blog\/#\/schema\/person\/b7279d930f15e2a85c89cd3b2f1d8df5\",\"name\":\"dogtagclan\",\"description\":\"\\\"A DogTagClan \\u00e9 especializada na fabrica\\u00e7\\u00e3o e personaliza\\u00e7\\u00e3o de Dog Tags, crach\\u00e1s e acess\\u00f3rios. Produzimos pe\\u00e7as em a\\u00e7o inoxid\\u00e1vel com grava\\u00e7\\u00f5es de alta precis\\u00e3o para identifica\\u00e7\\u00e3o pessoal e profissional.\\\"\",\"sameAs\":[\"https:\/\/blog.dogtagclan.com.br\",\"https:\/\/www.facebook.com\/dogtagclan\",\"https:\/\/www.instagram.com\/dogtagclan\",\"https:\/\/twitter.com\/https:\/\/x.com\/Dogtagclanclan\",\"https:\/\/www.youtube.com\/dogtagclan\"]}]}<\/script>\n<!-- \/ Yoast SEO Premium plugin. -->","_links":{"self":[{"href":"https:\/\/dogtagclan.com.br\/blog\/wp-json\/wp\/v2\/posts\/3584"}],"collection":[{"href":"https:\/\/dogtagclan.com.br\/blog\/wp-json\/wp\/v2\/posts"}],"about":[{"href":"https:\/\/dogtagclan.com.br\/blog\/wp-json\/wp\/v2\/types\/post"}],"author":[{"embeddable":true,"href":"https:\/\/dogtagclan.com.br\/blog\/wp-json\/wp\/v2\/users\/1"}],"replies":[{"embeddable":true,"href":"https:\/\/dogtagclan.com.br\/blog\/wp-json\/wp\/v2\/comments?post=3584"}],"version-history":[{"count":0,"href":"https:\/\/dogtagclan.com.br\/blog\/wp-json\/wp\/v2\/posts\/3584\/revisions"}],"wp:featuredmedia":[{"embeddable":true,"href":"https:\/\/dogtagclan.com.br\/blog\/wp-json\/wp\/v2\/media\/3552"}],"wp:attachment":[{"href":"https:\/\/dogtagclan.com.br\/blog\/wp-json\/wp\/v2\/media?parent=3584"}],"wp:term":[{"taxonomy":"category","embeddable":true,"href":"https:\/\/dogtagclan.com.br\/blog\/wp-json\/wp\/v2\/categories?post=3584"},{"taxonomy":"post_tag","embeddable":true,"href":"https:\/\/dogtagclan.com.br\/blog\/wp-json\/wp\/v2\/tags?post=3584"}],"curies":[{"name":"wp","href":"https:\/\/api.w.org\/{rel}","templated":true}]}}