{"id":3125,"date":"2025-03-24T19:57:37","date_gmt":"2025-03-24T22:57:37","guid":{"rendered":"https:\/\/dogtagclan.com.br\/blog\/?p=3125"},"modified":"2025-03-24T19:57:38","modified_gmt":"2025-03-24T22:57:38","slug":"dog-tag-personalizada-com-foto-e-nome-feita-sob-medida-para-voce","status":"publish","type":"post","link":"https:\/\/dogtagclan.com.br\/blog\/dog-tag-personalizada-com-foto-e-nome-feita-sob-medida-para-voce\/","title":{"rendered":"Dog Tag Personalizada com Foto e Nome \u2013 Feita Sob Medida Para Voc\u00ea"},"content":{"rendered":"\n<p>A personaliza\u00e7\u00e3o se tornou uma forma de expressar emo\u00e7\u00e3o, identidade e afeto. Com as dog tags da DogTagClan, voc\u00ea transforma sentimentos em algo concreto, bonito e duradouro. Neste guia completo, vamos te mostrar tudo sobre a <strong>Dog Tag Personalizada com Foto e Nome<\/strong>, um item que vai muito al\u00e9m do acess\u00f3rio: \u00e9 mem\u00f3ria, estilo e significado.<\/p>\n\n\n\n<figure class=\"wp-block-image size-full\"><img decoding=\"async\" width=\"500\" height=\"500\" src=\"https:\/\/dogtagclan.com.br\/blog\/wp-content\/uploads\/2025\/02\/dog-tag-a-cobra-vai-fumar.jpg2-Copia.jpg\" alt=\"\" class=\"wp-image-2319\" srcset=\"https:\/\/dogtagclan.com.br\/blog\/wp-content\/uploads\/2025\/02\/dog-tag-a-cobra-vai-fumar.jpg2-Copia.jpg 500w, https:\/\/dogtagclan.com.br\/blog\/wp-content\/uploads\/2025\/02\/dog-tag-a-cobra-vai-fumar.jpg2-Copia-300x300.jpg 300w, https:\/\/dogtagclan.com.br\/blog\/wp-content\/uploads\/2025\/02\/dog-tag-a-cobra-vai-fumar.jpg2-Copia-150x150.jpg 150w\" sizes=\"(max-width: 500px) 100vw, 500px\" \/><\/figure>\n\n\n\n<hr class=\"wp-block-separator has-alpha-channel-opacity\"\/>\n\n\n\n<h3 class=\"wp-block-heading\" id=\"h-o-que-uma-dog-tag-personalizada\">O Que \u00c9 Uma Dog Tag Personalizada?<\/h3>\n\n\n\n<p>A dog tag \u00e9 uma chapa met\u00e1lica tradicionalmente usada por militares para identifica\u00e7\u00e3o. Mas hoje, ela ganhou novos significados: homenagem, presente, prote\u00e7\u00e3o, estilo. Na vers\u00e3o personalizada, voc\u00ea pode gravar <strong>foto, nome, datas, frases, dados pessoais, tipo sangu\u00edneo, simbolismos religiosos, bras\u00f5es<\/strong> e o que mais representar sua hist\u00f3ria.<\/p>\n\n\n\n<p>Na DogTagClan, voc\u00ea escolhe o estilo e recebe uma pe\u00e7a feita sob medida, com acabamento profissional e alta durabilidade.<\/p>\n\n\n\n<hr class=\"wp-block-separator has-alpha-channel-opacity\"\/>\n\n\n\n<h3 class=\"wp-block-heading\" id=\"h-personaliza-o-com-foto-e-nome\">Personaliza\u00e7\u00e3o com Foto e Nome<\/h3>\n\n\n\n<p>Gravar uma <strong>foto<\/strong> diretamente na dog tag \u00e9 como eternizar um momento. J\u00e1 pensou carregar no peito a imagem de quem voc\u00ea ama, de um pet inesquec\u00edvel ou de um ente querido que partiu?<\/p>\n\n\n\n<p>A combina\u00e7\u00e3o com o <strong>nome<\/strong> traz ainda mais personalidade \u2013 seja o seu, de um familiar, ou mesmo de um grupo, como amigos de farda, formandos, equipes e casais.<\/p>\n\n\n\n<p>A grava\u00e7\u00e3o \u00e9 feita com <strong>alta tecnologia de ponta de diamante ou alto relevo<\/strong>, garantindo nitidez e durabilidade.<\/p>\n\n\n\n<hr class=\"wp-block-separator has-alpha-channel-opacity\"\/>\n\n\n\n<h3 class=\"wp-block-heading\" id=\"h-op-es-de-grava-o\">Op\u00e7\u00f5es de Grava\u00e7\u00e3o<\/h3>\n\n\n\n<p>Voc\u00ea pode gravar:<\/p>\n\n\n\n<ul>\n<li>Fotos em preto e branco<\/li>\n\n\n\n<li>Nome completo ou apelido<\/li>\n\n\n\n<li>Frases especiais<\/li>\n\n\n\n<li>Datas importantes<\/li>\n\n\n\n<li>Logotipos ou bras\u00f5es<\/li>\n\n\n\n<li>Tipo sangu\u00edneo, fator RH, n\u00famero de RG<\/li>\n\n\n\n<li>Vers\u00edculos b\u00edblicos, palavras de motiva\u00e7\u00e3o, promessas e votos<\/li>\n\n\n\n<li>Homenagens a militares, amigos, amores, animais de estima\u00e7\u00e3o<\/li>\n<\/ul>\n\n\n\n<p>Tudo isso adaptado para o espa\u00e7o da chapa, com layout pensado para ficar bonito e leg\u00edvel.<\/p>\n\n\n\n<hr class=\"wp-block-separator has-alpha-channel-opacity\"\/>\n\n\n\n<h3 class=\"wp-block-heading\" id=\"h-modelos-dispon-veis\">Modelos Dispon\u00edveis<\/h3>\n\n\n\n<p>Na DogTagClan, voc\u00ea encontra:<\/p>\n\n\n\n<ul>\n<li><strong>Dog Tag com 1 chapa<\/strong> (pode ser texto na frente e verso)<\/li>\n\n\n\n<li><strong>Dog Tag com 2 chapas<\/strong> (uma com foto, outra com dados)<\/li>\n\n\n\n<li><strong>Grava\u00e7\u00e3o em alto relevo<\/strong> (estilo militar cl\u00e1ssico)<\/li>\n\n\n\n<li><strong>Grava\u00e7\u00e3o com ponta de diamante<\/strong> (acabamento premium)<\/li>\n\n\n\n<li><strong>Dog Tag com borda americana<\/strong> (com ou sem silenciador)<\/li>\n\n\n\n<li><strong>Tamanhos variados de corrente<\/strong><\/li>\n<\/ul>\n\n\n\n<hr class=\"wp-block-separator has-alpha-channel-opacity\"\/>\n\n\n\n<h3 class=\"wp-block-heading\" id=\"h-correntes-e-acess-rios\">Correntes e Acess\u00f3rios<\/h3>\n\n\n\n<p>A corrente \u00e9 parte fundamental da dog tag. Temos op\u00e7\u00f5es para todos os gostos e bolsos:<\/p>\n\n\n\n<ul>\n<li><strong>Corrente de bolinha em a\u00e7o inox 2.4mm<\/strong> (n\u00e3o enferruja)<\/li>\n\n\n\n<li><strong>Corrente de bolinha 1.5mm<\/strong> (mais leve e discreta)<\/li>\n\n\n\n<li><strong>Corrente preta, dourada ou com banho especial<\/strong><\/li>\n\n\n\n<li><strong>Corrente de 60cm, 70cm ou outros tamanhos sob medida<\/strong><\/li>\n\n\n\n<li><strong>Conector de alinhamento<\/strong> (mant\u00e9m a chapa reta no peito)<\/li>\n<\/ul>\n\n\n\n<hr class=\"wp-block-separator has-alpha-channel-opacity\"\/>\n\n\n\n<h3 class=\"wp-block-heading\" id=\"h-para-quem-ideal\">Para Quem \u00c9 Ideal?<\/h3>\n\n\n\n<p>A Dog Tag Personalizada com Foto e Nome \u00e9 perfeita para:<\/p>\n\n\n\n<ul>\n<li>Presentear namorado(a), marido, esposa<\/li>\n\n\n\n<li>Homenagear um pai, m\u00e3e, av\u00f3, filho<\/li>\n\n\n\n<li>Recordar um pet que marcou sua vida<\/li>\n\n\n\n<li>Formandos e turmas de militares<\/li>\n\n\n\n<li>Empresas que querem presentear equipes<\/li>\n\n\n\n<li>Quem vive um estilo mais urbano, t\u00e1tico ou minimalista<\/li>\n\n\n\n<li>Crist\u00e3os que querem carregar uma mensagem de f\u00e9 no peito<\/li>\n<\/ul>\n\n\n\n<hr class=\"wp-block-separator has-alpha-channel-opacity\"\/>\n\n\n\n<h3 class=\"wp-block-heading\" id=\"h-presente-com-emo-o\">Presente com Emo\u00e7\u00e3o<\/h3>\n\n\n\n<p>Imagine a emo\u00e7\u00e3o de abrir uma caixa e encontrar uma dog tag com a sua foto e uma mensagem especial. \u00c9 um presente que fala direto ao cora\u00e7\u00e3o, com valor afetivo muito maior do que algo comprado em s\u00e9rie.<\/p>\n\n\n\n<p>E \u00e9 por isso que cada dog tag da DogTagClan \u00e9 feita com aten\u00e7\u00e3o aos detalhes. N\u00e3o \u00e9 apenas um produto. \u00c9 uma mem\u00f3ria gravada em metal.<\/p>\n\n\n\n<hr class=\"wp-block-separator has-alpha-channel-opacity\"\/>\n\n\n\n<h3 class=\"wp-block-heading\" id=\"h-diferenciais-da-dogtagclan\">Diferenciais da DogTagClan<\/h3>\n\n\n\n<ul>\n<li>Grava\u00e7\u00e3o com ponta de diamante ou alto relevo<\/li>\n\n\n\n<li>Personaliza\u00e7\u00e3o com imagem e texto<\/li>\n\n\n\n<li>Correntes em a\u00e7o inox n\u00e3o oxidam<\/li>\n\n\n\n<li>Enviamos para <strong>todo o Brasil<\/strong><\/li>\n\n\n\n<li>Atendimento humanizado pelo WhatsApp<\/li>\n\n\n\n<li>Site f\u00e1cil de usar: <a href=\"https:\/\/www.dogtagclan.com.br\">www.dogtagclan.com.br<\/a><\/li>\n<\/ul>\n\n\n\n<p>Fale direto com a gente no WhatsApp: <strong>(XX) XXXXX-XXXX<\/strong><\/p>\n\n\n\n<hr class=\"wp-block-separator has-alpha-channel-opacity\"\/>\n\n\n\n<h3 class=\"wp-block-heading\" id=\"h-faq-perguntas-frequentes\">FAQ \u2013 Perguntas Frequentes<\/h3>\n\n\n\n<p><strong>1. Qual o prazo para produ\u00e7\u00e3o e envio?<\/strong><br>R: Em geral, produzimos em at\u00e9 2 dias \u00fateis e enviamos via correios com c\u00f3digo de rastreio.<\/p>\n\n\n\n<p><strong>2. A imagem gravada \u00e9 dur\u00e1vel?<\/strong><br>R: Sim, usamos tecnologia de ponta que garante nitidez e resist\u00eancia ao tempo.<\/p>\n\n\n\n<p><strong>3. Posso escolher a fonte ou estilo da letra?<\/strong><br>R: Sim! Ap\u00f3s o pedido, voc\u00ea pode nos enviar sugest\u00f5es de fonte ou deixar que nossa equipe proponha algo especial.<\/p>\n\n\n\n<p><strong>4. Posso usar qualquer imagem?<\/strong><br>R: Sim, desde que tenha boa qualidade. Fotos bem iluminadas funcionam melhor.<\/p>\n\n\n\n<p><strong>5. Voc\u00eas vendem para empresas?<\/strong><br>R: Sim! Fazemos pedidos personalizados para empresas, brindes, eventos e lembran\u00e7as corporativas.<\/p>\n\n\n\n<hr class=\"wp-block-separator has-alpha-channel-opacity\"\/>\n\n\n\n<h3 class=\"wp-block-heading\" id=\"h-conclus-o\">Conclus\u00e3o<\/h3>\n\n\n\n<p>Uma <strong>Dog Tag Personalizada com Foto e Nome<\/strong> \u00e9 mais do que um acess\u00f3rio \u2013 \u00e9 uma declara\u00e7\u00e3o, uma homenagem, uma lembran\u00e7a. Na DogTagClan, transformamos sua ideia em algo real e inesquec\u00edvel.<\/p>\n\n\n\n<p>Escolha o modelo, envie sua imagem e receba em casa uma pe\u00e7a feita com carinho.<\/p>\n\n\n\n<p>Acesse agora: <a href=\"https:\/\/www.dogtagclan.com.br\"><strong>www.dogtagclan.com.br<\/strong><\/a><br>Fale com a gente pelo WhatsApp: <strong>(41-74001990<\/strong><\/p>\n","protected":false},"excerpt":{"rendered":"<p>A personaliza\u00e7\u00e3o se tornou uma forma de expressar emo\u00e7\u00e3o, identidade e afeto. Com as dog tags da DogTagClan, voc\u00ea transforma<\/p>\n","protected":false},"author":1,"featured_media":3118,"comment_status":"open","ping_status":"open","sticky":false,"template":"","format":"standard","meta":{"footnotes":""},"categories":[11,17],"tags":[],"yoast_head":"<!-- This site is optimized with the Yoast SEO Premium plugin v15.5 - https:\/\/yoast.com\/wordpress\/plugins\/seo\/ -->\n<title>Dog Tag Personalizada com Foto e Nome \u2013 Feita Sob Medida Para Voc\u00ea | DogTagClan Blog<\/title>\n<meta name=\"description\" content=\"A personaliza\u00e7\u00e3o se tornou uma forma de expressar emo\u00e7\u00e3o, identidade e afeto. Com as dog tags da DogTagClan, voc\u00ea transforma sentimentos em algo\" \/>\n<meta name=\"robots\" content=\"index, follow, max-snippet:-1, max-image-preview:large, max-video-preview:-1\" \/>\n<link rel=\"canonical\" href=\"https:\/\/dogtagclan.com.br\/blog\/dog-tag-personalizada-com-foto-e-nome-feita-sob-medida-para-voce\/\" \/>\n<meta property=\"og:locale\" content=\"pt_BR\" \/>\n<meta property=\"og:type\" content=\"article\" \/>\n<meta property=\"og:title\" content=\"Dog Tag Personalizada com Foto e Nome \u2013 Feita Sob Medida Para Voc\u00ea | DogTagClan Blog\" \/>\n<meta property=\"og:description\" content=\"A personaliza\u00e7\u00e3o se tornou uma forma de expressar emo\u00e7\u00e3o, identidade e afeto. Com as dog tags da DogTagClan, voc\u00ea transforma sentimentos em algo\" \/>\n<meta property=\"og:url\" content=\"https:\/\/dogtagclan.com.br\/blog\/dog-tag-personalizada-com-foto-e-nome-feita-sob-medida-para-voce\/\" \/>\n<meta property=\"og:site_name\" content=\"DogTagClan Blog\" \/>\n<meta property=\"article:publisher\" content=\"https:\/\/www.facebook.com\/dogtagclan\" \/>\n<meta property=\"article:author\" content=\"https:\/\/www.facebook.com\/dogtagclan\" \/>\n<meta property=\"article:published_time\" content=\"2025-03-24T22:57:37+00:00\" \/>\n<meta property=\"article:modified_time\" content=\"2025-03-24T22:57:38+00:00\" \/>\n<meta name=\"twitter:card\" content=\"summary_large_image\" \/>\n<meta name=\"twitter:image\" content=\"https:\/\/dogtagclan.com.br\/blog\/wp-content\/uploads\/2025\/03\/DALL\u00b7E-2025-03-24-19.45.39-A-realistic-image-of-a-military-style-dog-tag-lying-on-a-wooden-surface-with-a-photo-of-a-couple-engraved-on-the-front-of-the-tag.-The-photo-engravin.webp\" \/>\n<meta name=\"twitter:creator\" content=\"@https:\/\/x.com\/Dogtagclanclan\" \/>\n<meta name=\"twitter:label1\" content=\"Est. tempo de leitura\">\n\t<meta name=\"twitter:data1\" content=\"3 minutos\">\n<script type=\"application\/ld+json\" class=\"yoast-schema-graph\">{\"@context\":\"https:\/\/schema.org\",\"@graph\":[{\"@type\":\"Organization\",\"@id\":\"https:\/\/dogtagclan.com.br\/blog\/#organization\",\"name\":\"DogTagClan | Dog Tags, Crach\\u00e1s e Acess\\u00f3rios Personalizados\",\"url\":\"https:\/\/dogtagclan.com.br\/blog\/\",\"sameAs\":[\"https:\/\/www.facebook.com\/dogtagclan\"],\"logo\":{\"@type\":\"ImageObject\",\"@id\":\"https:\/\/dogtagclan.com.br\/blog\/#logo\",\"inLanguage\":\"pt-BR\",\"url\":\"https:\/\/dogtagclan.com.br\/blog\/wp-content\/uploads\/2023\/02\/cropped-doftagclan-logo.png\",\"width\":250,\"height\":140,\"caption\":\"DogTagClan | Dog Tags, Crach\\u00e1s e Acess\\u00f3rios Personalizados\"},\"image\":{\"@id\":\"https:\/\/dogtagclan.com.br\/blog\/#logo\"}},{\"@type\":\"WebSite\",\"@id\":\"https:\/\/dogtagclan.com.br\/blog\/#website\",\"url\":\"https:\/\/dogtagclan.com.br\/blog\/\",\"name\":\"DogTagClan Blog\",\"description\":\"A gente faz, do seu Jeito\",\"publisher\":{\"@id\":\"https:\/\/dogtagclan.com.br\/blog\/#organization\"},\"potentialAction\":[{\"@type\":\"SearchAction\",\"target\":\"https:\/\/dogtagclan.com.br\/blog\/?s={search_term_string}\",\"query-input\":\"required name=search_term_string\"}],\"inLanguage\":\"pt-BR\"},{\"@type\":\"ImageObject\",\"@id\":\"https:\/\/dogtagclan.com.br\/blog\/dog-tag-personalizada-com-foto-e-nome-feita-sob-medida-para-voce\/#primaryimage\",\"inLanguage\":\"pt-BR\",\"url\":\"https:\/\/dogtagclan.com.br\/blog\/wp-content\/uploads\/2025\/03\/DALL\\u00b7E-2025-03-24-19.45.39-A-realistic-image-of-a-military-style-dog-tag-lying-on-a-wooden-surface-with-a-photo-of-a-couple-engraved-on-the-front-of-the-tag.-The-photo-engravin.webp\",\"width\":1024,\"height\":1024},{\"@type\":\"WebPage\",\"@id\":\"https:\/\/dogtagclan.com.br\/blog\/dog-tag-personalizada-com-foto-e-nome-feita-sob-medida-para-voce\/#webpage\",\"url\":\"https:\/\/dogtagclan.com.br\/blog\/dog-tag-personalizada-com-foto-e-nome-feita-sob-medida-para-voce\/\",\"name\":\"Dog Tag Personalizada com Foto e Nome \\u2013 Feita Sob Medida Para Voc\\u00ea | DogTagClan Blog\",\"isPartOf\":{\"@id\":\"https:\/\/dogtagclan.com.br\/blog\/#website\"},\"primaryImageOfPage\":{\"@id\":\"https:\/\/dogtagclan.com.br\/blog\/dog-tag-personalizada-com-foto-e-nome-feita-sob-medida-para-voce\/#primaryimage\"},\"datePublished\":\"2025-03-24T22:57:37+00:00\",\"dateModified\":\"2025-03-24T22:57:38+00:00\",\"description\":\"A personaliza\\u00e7\\u00e3o se tornou uma forma de expressar emo\\u00e7\\u00e3o, identidade e afeto. Com as dog tags da DogTagClan, voc\\u00ea transforma sentimentos em algo\",\"inLanguage\":\"pt-BR\",\"potentialAction\":[{\"@type\":\"ReadAction\",\"target\":[\"https:\/\/dogtagclan.com.br\/blog\/dog-tag-personalizada-com-foto-e-nome-feita-sob-medida-para-voce\/\"]}]},{\"@type\":\"Article\",\"@id\":\"https:\/\/dogtagclan.com.br\/blog\/dog-tag-personalizada-com-foto-e-nome-feita-sob-medida-para-voce\/#article\",\"isPartOf\":{\"@id\":\"https:\/\/dogtagclan.com.br\/blog\/dog-tag-personalizada-com-foto-e-nome-feita-sob-medida-para-voce\/#webpage\"},\"author\":{\"@id\":\"https:\/\/dogtagclan.com.br\/blog\/#\/schema\/person\/b7279d930f15e2a85c89cd3b2f1d8df5\"},\"headline\":\"Dog Tag Personalizada com Foto e Nome \\u2013 Feita Sob Medida Para Voc\\u00ea\",\"datePublished\":\"2025-03-24T22:57:37+00:00\",\"dateModified\":\"2025-03-24T22:57:38+00:00\",\"mainEntityOfPage\":{\"@id\":\"https:\/\/dogtagclan.com.br\/blog\/dog-tag-personalizada-com-foto-e-nome-feita-sob-medida-para-voce\/#webpage\"},\"commentCount\":0,\"publisher\":{\"@id\":\"https:\/\/dogtagclan.com.br\/blog\/#organization\"},\"image\":{\"@id\":\"https:\/\/dogtagclan.com.br\/blog\/dog-tag-personalizada-com-foto-e-nome-feita-sob-medida-para-voce\/#primaryimage\"},\"articleSection\":\"Dog tags,Dog Tags Personalizadas\",\"inLanguage\":\"pt-BR\",\"potentialAction\":[{\"@type\":\"CommentAction\",\"name\":\"Comment\",\"target\":[\"https:\/\/dogtagclan.com.br\/blog\/dog-tag-personalizada-com-foto-e-nome-feita-sob-medida-para-voce\/#respond\"]}]},{\"@type\":\"Person\",\"@id\":\"https:\/\/dogtagclan.com.br\/blog\/#\/schema\/person\/b7279d930f15e2a85c89cd3b2f1d8df5\",\"name\":\"dogtagclan\",\"description\":\"\\\"A DogTagClan \\u00e9 especializada na fabrica\\u00e7\\u00e3o e personaliza\\u00e7\\u00e3o de Dog Tags, crach\\u00e1s e acess\\u00f3rios. Produzimos pe\\u00e7as em a\\u00e7o inoxid\\u00e1vel com grava\\u00e7\\u00f5es de alta precis\\u00e3o para identifica\\u00e7\\u00e3o pessoal e profissional.\\\"\",\"sameAs\":[\"https:\/\/blog.dogtagclan.com.br\",\"https:\/\/www.facebook.com\/dogtagclan\",\"https:\/\/www.instagram.com\/dogtagclan\",\"https:\/\/twitter.com\/https:\/\/x.com\/Dogtagclanclan\",\"https:\/\/www.youtube.com\/dogtagclan\"]}]}<\/script>\n<!-- \/ Yoast SEO Premium plugin. -->","_links":{"self":[{"href":"https:\/\/dogtagclan.com.br\/blog\/wp-json\/wp\/v2\/posts\/3125"}],"collection":[{"href":"https:\/\/dogtagclan.com.br\/blog\/wp-json\/wp\/v2\/posts"}],"about":[{"href":"https:\/\/dogtagclan.com.br\/blog\/wp-json\/wp\/v2\/types\/post"}],"author":[{"embeddable":true,"href":"https:\/\/dogtagclan.com.br\/blog\/wp-json\/wp\/v2\/users\/1"}],"replies":[{"embeddable":true,"href":"https:\/\/dogtagclan.com.br\/blog\/wp-json\/wp\/v2\/comments?post=3125"}],"version-history":[{"count":0,"href":"https:\/\/dogtagclan.com.br\/blog\/wp-json\/wp\/v2\/posts\/3125\/revisions"}],"wp:featuredmedia":[{"embeddable":true,"href":"https:\/\/dogtagclan.com.br\/blog\/wp-json\/wp\/v2\/media\/3118"}],"wp:attachment":[{"href":"https:\/\/dogtagclan.com.br\/blog\/wp-json\/wp\/v2\/media?parent=3125"}],"wp:term":[{"taxonomy":"category","embeddable":true,"href":"https:\/\/dogtagclan.com.br\/blog\/wp-json\/wp\/v2\/categories?post=3125"},{"taxonomy":"post_tag","embeddable":true,"href":"https:\/\/dogtagclan.com.br\/blog\/wp-json\/wp\/v2\/tags?post=3125"}],"curies":[{"name":"wp","href":"https:\/\/api.w.org\/{rel}","templated":true}]}}