{"id":3031,"date":"2025-03-21T10:27:03","date_gmt":"2025-03-21T13:27:03","guid":{"rendered":"https:\/\/dogtagclan.com.br\/blog\/?p=3031"},"modified":"2025-03-21T10:27:04","modified_gmt":"2025-03-21T13:27:04","slug":"%f0%9f%a7%a9-cracha-do-autismo-inclusao-seguranca-e-identidade-no-dia-a-dia","status":"publish","type":"post","link":"https:\/\/dogtagclan.com.br\/blog\/%f0%9f%a7%a9-cracha-do-autismo-inclusao-seguranca-e-identidade-no-dia-a-dia\/","title":{"rendered":"\ud83e\udde9 Crach\u00e1 do Autismo: inclus\u00e3o, seguran\u00e7a e identidade no dia a dia"},"content":{"rendered":"\n<p>\ud83d\udce6 Enviamos para todo o Brasil | Personalize o seu na DogTagClan<\/p>\n\n\n\n<p>Um simples crach\u00e1 pode fazer toda a diferen\u00e7a na vida de uma crian\u00e7a ou adulto no espectro autista. E n\u00e3o \u00e9 apenas por est\u00e9tica \u2014 \u00e9 sobre acolhimento, seguran\u00e7a e <strong>comunica\u00e7\u00e3o n\u00e3o-verbal<\/strong> com o mundo ao redor.<\/p>\n\n\n\n<p>Na <strong>DogTagClan<\/strong>, criamos <strong>crach\u00e1s personalizados com o s\u00edmbolo do autismo<\/strong>, nome, frases de orienta\u00e7\u00e3o e informa\u00e7\u00f5es importantes. Ideal para escolas, passeios, ambientes p\u00fablicos ou at\u00e9 para uso di\u00e1rio.<\/p>\n\n\n\n<h3 class=\"wp-block-heading\" id=\"h-por-que-o-crach-do-autismo-t-o-importante\">\u2733\ufe0f Por que o crach\u00e1 do autismo \u00e9 t\u00e3o importante?<\/h3>\n\n\n\n<ul>\n<li>Ajuda a <strong>identificar necessidades especiais<\/strong> em situa\u00e7\u00f5es de emerg\u00eancia<\/li>\n\n\n\n<li>Facilita a <strong>comunica\u00e7\u00e3o com professores, cuidadores ou estranhos<\/strong><\/li>\n\n\n\n<li>Contribui para a <strong>autonomia da crian\u00e7a ou adulto autista<\/strong><\/li>\n\n\n\n<li>Leva a mensagem da <strong>inclus\u00e3o e respeito por onde a pessoa passa<\/strong><\/li>\n<\/ul>\n\n\n\n<h3 class=\"wp-block-heading\" id=\"h-personalize-com\">\ud83d\udc99 Personalize com:<\/h3>\n\n\n\n<ul>\n<li>Nome da crian\u00e7a ou adulto<\/li>\n\n\n\n<li>Telefone de emerg\u00eancia<\/li>\n\n\n\n<li>Informa\u00e7\u00f5es m\u00e9dicas importantes<\/li>\n\n\n\n<li>Frases como \u201cSou autista. Preciso de um tempo para entender.\u201d<\/li>\n\n\n\n<li>Cores e arte com s\u00edmbolo do infinito colorido (s\u00edmbolo oficial do TEA)<\/li>\n<\/ul>\n\n\n\n<p>\ud83c\udfa8 Impress\u00e3o de alta qualidade<br>\ud83d\udce6 Entrega r\u00e1pida para todo o Brasil<br>\ud83e\udde9 Totalmente personaliz\u00e1vel<br>\ud83d\udd17 <a href=\"https:\/\/dogtagclan.com.br\/departamento\/adicionais\/crachas-de-identificacao\">Acesse agora o departamento de crach\u00e1s personalizados da DogTagClan<\/a><\/p>\n\n\n\n<hr class=\"wp-block-separator has-alpha-channel-opacity\"\/>\n\n\n\n<p>\ud83d\udcac <em>\u201cN\u00e3o \u00e9 s\u00f3 um crach\u00e1. \u00c9 uma ponte de empatia com o mundo.\u201d<\/em><br>E voc\u00ea pode fazer parte disso!<\/p>\n","protected":false},"excerpt":{"rendered":"<p>\ud83d\udce6 Enviamos para todo o Brasil | Personalize o seu na DogTagClan Um simples crach\u00e1 pode fazer toda a diferen\u00e7a<\/p>\n","protected":false},"author":1,"featured_media":2860,"comment_status":"open","ping_status":"open","sticky":false,"template":"","format":"standard","meta":{"footnotes":""},"categories":[554],"tags":[],"yoast_head":"<!-- This site is optimized with the Yoast SEO Premium plugin v15.5 - https:\/\/yoast.com\/wordpress\/plugins\/seo\/ -->\n<title>\ud83e\udde9 Crach\u00e1 do Autismo: inclus\u00e3o, seguran\u00e7a e identidade no dia a dia | DogTagClan Blog<\/title>\n<meta name=\"description\" content=\"Um simples crach\u00e1 pode fazer toda a diferen\u00e7a na vida de uma crian\u00e7a ou adulto no espectro autista. E n\u00e3o \u00e9 apenas por est\u00e9tica\" \/>\n<meta name=\"robots\" content=\"index, follow, max-snippet:-1, max-image-preview:large, max-video-preview:-1\" \/>\n<link rel=\"canonical\" href=\"https:\/\/dogtagclan.com.br\/blog\/\ud83e\udde9-cracha-do-autismo-inclusao-seguranca-e-identidade-no-dia-a-dia\/\" \/>\n<meta property=\"og:locale\" content=\"pt_BR\" \/>\n<meta property=\"og:type\" content=\"article\" \/>\n<meta property=\"og:title\" content=\"\ud83e\udde9 Crach\u00e1 do Autismo: inclus\u00e3o, seguran\u00e7a e identidade no dia a dia | DogTagClan Blog\" \/>\n<meta property=\"og:description\" content=\"Um simples crach\u00e1 pode fazer toda a diferen\u00e7a na vida de uma crian\u00e7a ou adulto no espectro autista. E n\u00e3o \u00e9 apenas por est\u00e9tica\" \/>\n<meta property=\"og:url\" content=\"https:\/\/dogtagclan.com.br\/blog\/\ud83e\udde9-cracha-do-autismo-inclusao-seguranca-e-identidade-no-dia-a-dia\/\" \/>\n<meta property=\"og:site_name\" content=\"DogTagClan Blog\" \/>\n<meta property=\"article:publisher\" content=\"https:\/\/www.facebook.com\/dogtagclan\" \/>\n<meta property=\"article:author\" content=\"https:\/\/www.facebook.com\/dogtagclan\" \/>\n<meta property=\"article:published_time\" content=\"2025-03-21T13:27:03+00:00\" \/>\n<meta property=\"article:modified_time\" content=\"2025-03-21T13:27:04+00:00\" \/>\n<meta property=\"og:image\" content=\"https:\/\/dogtagclan.com.br\/blog\/wp-content\/uploads\/2025\/03\/crachas-11.jpg\" \/>\n\t<meta property=\"og:image:width\" content=\"500\" \/>\n\t<meta property=\"og:image:height\" content=\"500\" \/>\n<meta name=\"twitter:card\" content=\"summary_large_image\" \/>\n<meta name=\"twitter:creator\" content=\"@https:\/\/x.com\/Dogtagclanclan\" \/>\n<meta name=\"twitter:label1\" content=\"Est. tempo de leitura\">\n\t<meta name=\"twitter:data1\" content=\"1 minuto\">\n<script type=\"application\/ld+json\" class=\"yoast-schema-graph\">{\"@context\":\"https:\/\/schema.org\",\"@graph\":[{\"@type\":\"Organization\",\"@id\":\"https:\/\/dogtagclan.com.br\/blog\/#organization\",\"name\":\"DogTagClan | Dog Tags, Crach\\u00e1s e Acess\\u00f3rios Personalizados\",\"url\":\"https:\/\/dogtagclan.com.br\/blog\/\",\"sameAs\":[\"https:\/\/www.facebook.com\/dogtagclan\"],\"logo\":{\"@type\":\"ImageObject\",\"@id\":\"https:\/\/dogtagclan.com.br\/blog\/#logo\",\"inLanguage\":\"pt-BR\",\"url\":\"https:\/\/dogtagclan.com.br\/blog\/wp-content\/uploads\/2023\/02\/cropped-doftagclan-logo.png\",\"width\":250,\"height\":140,\"caption\":\"DogTagClan | Dog Tags, Crach\\u00e1s e Acess\\u00f3rios Personalizados\"},\"image\":{\"@id\":\"https:\/\/dogtagclan.com.br\/blog\/#logo\"}},{\"@type\":\"WebSite\",\"@id\":\"https:\/\/dogtagclan.com.br\/blog\/#website\",\"url\":\"https:\/\/dogtagclan.com.br\/blog\/\",\"name\":\"DogTagClan Blog\",\"description\":\"A gente faz, do seu Jeito\",\"publisher\":{\"@id\":\"https:\/\/dogtagclan.com.br\/blog\/#organization\"},\"potentialAction\":[{\"@type\":\"SearchAction\",\"target\":\"https:\/\/dogtagclan.com.br\/blog\/?s={search_term_string}\",\"query-input\":\"required name=search_term_string\"}],\"inLanguage\":\"pt-BR\"},{\"@type\":\"ImageObject\",\"@id\":\"https:\/\/dogtagclan.com.br\/blog\/%f0%9f%a7%a9-cracha-do-autismo-inclusao-seguranca-e-identidade-no-dia-a-dia\/#primaryimage\",\"inLanguage\":\"pt-BR\",\"url\":\"https:\/\/dogtagclan.com.br\/blog\/wp-content\/uploads\/2025\/03\/crachas-11.jpg\",\"width\":500,\"height\":500},{\"@type\":\"WebPage\",\"@id\":\"https:\/\/dogtagclan.com.br\/blog\/%f0%9f%a7%a9-cracha-do-autismo-inclusao-seguranca-e-identidade-no-dia-a-dia\/#webpage\",\"url\":\"https:\/\/dogtagclan.com.br\/blog\/%f0%9f%a7%a9-cracha-do-autismo-inclusao-seguranca-e-identidade-no-dia-a-dia\/\",\"name\":\"\\ud83e\\udde9 Crach\\u00e1 do Autismo: inclus\\u00e3o, seguran\\u00e7a e identidade no dia a dia | DogTagClan Blog\",\"isPartOf\":{\"@id\":\"https:\/\/dogtagclan.com.br\/blog\/#website\"},\"primaryImageOfPage\":{\"@id\":\"https:\/\/dogtagclan.com.br\/blog\/%f0%9f%a7%a9-cracha-do-autismo-inclusao-seguranca-e-identidade-no-dia-a-dia\/#primaryimage\"},\"datePublished\":\"2025-03-21T13:27:03+00:00\",\"dateModified\":\"2025-03-21T13:27:04+00:00\",\"description\":\"Um simples crach\\u00e1 pode fazer toda a diferen\\u00e7a na vida de uma crian\\u00e7a ou adulto no espectro autista. E n\\u00e3o \\u00e9 apenas por est\\u00e9tica\",\"inLanguage\":\"pt-BR\",\"potentialAction\":[{\"@type\":\"ReadAction\",\"target\":[\"https:\/\/dogtagclan.com.br\/blog\/%f0%9f%a7%a9-cracha-do-autismo-inclusao-seguranca-e-identidade-no-dia-a-dia\/\"]}]},{\"@type\":\"Article\",\"@id\":\"https:\/\/dogtagclan.com.br\/blog\/%f0%9f%a7%a9-cracha-do-autismo-inclusao-seguranca-e-identidade-no-dia-a-dia\/#article\",\"isPartOf\":{\"@id\":\"https:\/\/dogtagclan.com.br\/blog\/%f0%9f%a7%a9-cracha-do-autismo-inclusao-seguranca-e-identidade-no-dia-a-dia\/#webpage\"},\"author\":{\"@id\":\"https:\/\/dogtagclan.com.br\/blog\/#\/schema\/person\/b7279d930f15e2a85c89cd3b2f1d8df5\"},\"headline\":\"\\ud83e\\udde9 Crach\\u00e1 do Autismo: inclus\\u00e3o, seguran\\u00e7a e identidade no dia a dia\",\"datePublished\":\"2025-03-21T13:27:03+00:00\",\"dateModified\":\"2025-03-21T13:27:04+00:00\",\"mainEntityOfPage\":{\"@id\":\"https:\/\/dogtagclan.com.br\/blog\/%f0%9f%a7%a9-cracha-do-autismo-inclusao-seguranca-e-identidade-no-dia-a-dia\/#webpage\"},\"commentCount\":0,\"publisher\":{\"@id\":\"https:\/\/dogtagclan.com.br\/blog\/#organization\"},\"image\":{\"@id\":\"https:\/\/dogtagclan.com.br\/blog\/%f0%9f%a7%a9-cracha-do-autismo-inclusao-seguranca-e-identidade-no-dia-a-dia\/#primaryimage\"},\"articleSection\":\"Crachas e broches personalizados\",\"inLanguage\":\"pt-BR\",\"potentialAction\":[{\"@type\":\"CommentAction\",\"name\":\"Comment\",\"target\":[\"https:\/\/dogtagclan.com.br\/blog\/%f0%9f%a7%a9-cracha-do-autismo-inclusao-seguranca-e-identidade-no-dia-a-dia\/#respond\"]}]},{\"@type\":\"Person\",\"@id\":\"https:\/\/dogtagclan.com.br\/blog\/#\/schema\/person\/b7279d930f15e2a85c89cd3b2f1d8df5\",\"name\":\"dogtagclan\",\"description\":\"\\\"A DogTagClan \\u00e9 especializada na fabrica\\u00e7\\u00e3o e personaliza\\u00e7\\u00e3o de Dog Tags, crach\\u00e1s e acess\\u00f3rios. Produzimos pe\\u00e7as em a\\u00e7o inoxid\\u00e1vel com grava\\u00e7\\u00f5es de alta precis\\u00e3o para identifica\\u00e7\\u00e3o pessoal e profissional.\\\"\",\"sameAs\":[\"https:\/\/blog.dogtagclan.com.br\",\"https:\/\/www.facebook.com\/dogtagclan\",\"https:\/\/www.instagram.com\/dogtagclan\",\"https:\/\/twitter.com\/https:\/\/x.com\/Dogtagclanclan\",\"https:\/\/www.youtube.com\/dogtagclan\"]}]}<\/script>\n<!-- \/ Yoast SEO Premium plugin. -->","_links":{"self":[{"href":"https:\/\/dogtagclan.com.br\/blog\/wp-json\/wp\/v2\/posts\/3031"}],"collection":[{"href":"https:\/\/dogtagclan.com.br\/blog\/wp-json\/wp\/v2\/posts"}],"about":[{"href":"https:\/\/dogtagclan.com.br\/blog\/wp-json\/wp\/v2\/types\/post"}],"author":[{"embeddable":true,"href":"https:\/\/dogtagclan.com.br\/blog\/wp-json\/wp\/v2\/users\/1"}],"replies":[{"embeddable":true,"href":"https:\/\/dogtagclan.com.br\/blog\/wp-json\/wp\/v2\/comments?post=3031"}],"version-history":[{"count":0,"href":"https:\/\/dogtagclan.com.br\/blog\/wp-json\/wp\/v2\/posts\/3031\/revisions"}],"wp:featuredmedia":[{"embeddable":true,"href":"https:\/\/dogtagclan.com.br\/blog\/wp-json\/wp\/v2\/media\/2860"}],"wp:attachment":[{"href":"https:\/\/dogtagclan.com.br\/blog\/wp-json\/wp\/v2\/media?parent=3031"}],"wp:term":[{"taxonomy":"category","embeddable":true,"href":"https:\/\/dogtagclan.com.br\/blog\/wp-json\/wp\/v2\/categories?post=3031"},{"taxonomy":"post_tag","embeddable":true,"href":"https:\/\/dogtagclan.com.br\/blog\/wp-json\/wp\/v2\/tags?post=3031"}],"curies":[{"name":"wp","href":"https:\/\/api.w.org\/{rel}","templated":true}]}}