{"id":3029,"date":"2025-03-21T10:23:25","date_gmt":"2025-03-21T13:23:25","guid":{"rendered":"https:\/\/dogtagclan.com.br\/blog\/?p=3029"},"modified":"2025-03-21T10:23:25","modified_gmt":"2025-03-21T13:23:25","slug":"%f0%9f%8e%af-cordao-de-cracha-personalizado-com-estilo-e-qualidade","status":"publish","type":"post","link":"https:\/\/dogtagclan.com.br\/blog\/%f0%9f%8e%af-cordao-de-cracha-personalizado-com-estilo-e-qualidade\/","title":{"rendered":"\ud83c\udfaf Cord\u00e3o de Crach\u00e1 Personalizado com Estilo e Qualidade!"},"content":{"rendered":"\n<p>\ud83d\ude80 Entrega para todo o Brasil!<\/p>\n\n\n\n<p>J\u00e1 pensou em ter um cord\u00e3o de crach\u00e1 com a sua cara? A <strong>DogTagClan<\/strong> personaliza do seu jeito: nome da empresa, logo, frases e at\u00e9 combina\u00e7\u00f5es de cores exclusivas! Ideal para <strong>eventos, empresas, escolas, igrejas e equipes que valorizam identidade visual<\/strong>.<\/p>\n\n\n\n<figure class=\"wp-block-image size-large\"><img decoding=\"async\" width=\"1024\" height=\"1024\" src=\"https:\/\/dogtagclan.com.br\/blog\/wp-content\/uploads\/2025\/03\/ALZHAIMER1-1024x1024.jpg\" alt=\"Cord\u00e3o de Girassol para identifica\u00e7\u00e3o de pessoas com Alzheimer e defici\u00eancias invis\u00edveis \u2013 DogTagClan.\" class=\"wp-image-3017\" srcset=\"https:\/\/dogtagclan.com.br\/blog\/wp-content\/uploads\/2025\/03\/ALZHAIMER1-1024x1024.jpg 1024w, https:\/\/dogtagclan.com.br\/blog\/wp-content\/uploads\/2025\/03\/ALZHAIMER1-300x300.jpg 300w, https:\/\/dogtagclan.com.br\/blog\/wp-content\/uploads\/2025\/03\/ALZHAIMER1-150x150.jpg 150w, https:\/\/dogtagclan.com.br\/blog\/wp-content\/uploads\/2025\/03\/ALZHAIMER1-768x768.jpg 768w, https:\/\/dogtagclan.com.br\/blog\/wp-content\/uploads\/2025\/03\/ALZHAIMER1.jpg 1200w\" sizes=\"(max-width: 1024px) 100vw, 1024px\" \/><figcaption class=\"wp-element-caption\">&#8220;Cord\u00e3o de Girassol ideal para identifica\u00e7\u00e3o de pessoas com Alzheimer e defici\u00eancias invis\u00edveis. Dispon\u00edvel na DogTagClan.&#8221;<\/figcaption><\/figure>\n\n\n\n<p>\ud83d\udca5 Alta durabilidade<br>\ud83c\udfa8 Impress\u00e3o vibrante<br>\ud83d\udce6 Enviamos para todo o Brasil<br>\ud83d\udd17 <a href=\"https:\/\/dogtagclan.com.br\/departamento\/adicionais\/crachas-de-identificacao\">dogtagclan.com.br<\/a><\/p>\n\n\n\n<p>Mostre quem voc\u00ea \u00e9 com um cord\u00e3o que representa sua marca!<\/p>\n\n\n\n<p>#Cord\u00e3oPersonalizado #DogTagClan #Crach\u00e1ComEstilo #IdentidadeVisual #Cord\u00e3oParaCrach\u00e1 #Cord\u00e3oCorporativo #Acess\u00f3rioPersonalizado #Cord\u00e3oDePesco\u00e7o #FeitoPraVoc\u00ea #DogTagBrasil<\/p>\n","protected":false},"excerpt":{"rendered":"<p>\ud83d\ude80 Entrega para todo o Brasil! J\u00e1 pensou em ter um cord\u00e3o de crach\u00e1 com a sua cara? A DogTagClan<\/p>\n","protected":false},"author":1,"featured_media":3017,"comment_status":"open","ping_status":"open","sticky":false,"template":"","format":"standard","meta":{"footnotes":""},"categories":[554],"tags":[],"yoast_head":"<!-- This site is optimized with the Yoast SEO Premium plugin v15.5 - https:\/\/yoast.com\/wordpress\/plugins\/seo\/ -->\n<title>\ud83c\udfaf Cord\u00e3o de Crach\u00e1 Personalizado com Estilo e Qualidade! | DogTagClan Blog<\/title>\n<meta name=\"description\" content=\"\u00e1 pensou em ter um cord\u00e3o de crach\u00e1 com a sua cara? A DogTagClan personaliza do seu jeito: nome da empresa, logo,\" \/>\n<meta name=\"robots\" content=\"index, follow, max-snippet:-1, max-image-preview:large, max-video-preview:-1\" \/>\n<link rel=\"canonical\" href=\"https:\/\/dogtagclan.com.br\/blog\/\ud83c\udfaf-cordao-de-cracha-personalizado-com-estilo-e-qualidade\/\" \/>\n<meta property=\"og:locale\" content=\"pt_BR\" \/>\n<meta property=\"og:type\" content=\"article\" \/>\n<meta property=\"og:title\" content=\"\ud83c\udfaf Cord\u00e3o de Crach\u00e1 Personalizado com Estilo e Qualidade! | DogTagClan Blog\" \/>\n<meta property=\"og:description\" content=\"\u00e1 pensou em ter um cord\u00e3o de crach\u00e1 com a sua cara? A DogTagClan personaliza do seu jeito: nome da empresa, logo,\" \/>\n<meta property=\"og:url\" content=\"https:\/\/dogtagclan.com.br\/blog\/\ud83c\udfaf-cordao-de-cracha-personalizado-com-estilo-e-qualidade\/\" \/>\n<meta property=\"og:site_name\" content=\"DogTagClan Blog\" \/>\n<meta property=\"article:publisher\" content=\"https:\/\/www.facebook.com\/dogtagclan\" \/>\n<meta property=\"article:author\" content=\"https:\/\/www.facebook.com\/dogtagclan\" \/>\n<meta property=\"article:published_time\" content=\"2025-03-21T13:23:25+00:00\" \/>\n<meta property=\"og:image\" content=\"https:\/\/dogtagclan.com.br\/blog\/wp-content\/uploads\/2025\/03\/ALZHAIMER1.jpg\" \/>\n\t<meta property=\"og:image:width\" content=\"1200\" \/>\n\t<meta property=\"og:image:height\" content=\"1200\" \/>\n<meta name=\"twitter:card\" content=\"summary_large_image\" \/>\n<meta name=\"twitter:creator\" content=\"@https:\/\/x.com\/Dogtagclanclan\" \/>\n<meta name=\"twitter:label1\" content=\"Est. tempo de leitura\">\n\t<meta name=\"twitter:data1\" content=\"0 minuto\">\n<script type=\"application\/ld+json\" class=\"yoast-schema-graph\">{\"@context\":\"https:\/\/schema.org\",\"@graph\":[{\"@type\":\"Organization\",\"@id\":\"https:\/\/dogtagclan.com.br\/blog\/#organization\",\"name\":\"DogTagClan | Dog Tags, Crach\\u00e1s e Acess\\u00f3rios Personalizados\",\"url\":\"https:\/\/dogtagclan.com.br\/blog\/\",\"sameAs\":[\"https:\/\/www.facebook.com\/dogtagclan\"],\"logo\":{\"@type\":\"ImageObject\",\"@id\":\"https:\/\/dogtagclan.com.br\/blog\/#logo\",\"inLanguage\":\"pt-BR\",\"url\":\"https:\/\/dogtagclan.com.br\/blog\/wp-content\/uploads\/2023\/02\/cropped-doftagclan-logo.png\",\"width\":250,\"height\":140,\"caption\":\"DogTagClan | Dog Tags, Crach\\u00e1s e Acess\\u00f3rios Personalizados\"},\"image\":{\"@id\":\"https:\/\/dogtagclan.com.br\/blog\/#logo\"}},{\"@type\":\"WebSite\",\"@id\":\"https:\/\/dogtagclan.com.br\/blog\/#website\",\"url\":\"https:\/\/dogtagclan.com.br\/blog\/\",\"name\":\"DogTagClan Blog\",\"description\":\"A gente faz, do seu Jeito\",\"publisher\":{\"@id\":\"https:\/\/dogtagclan.com.br\/blog\/#organization\"},\"potentialAction\":[{\"@type\":\"SearchAction\",\"target\":\"https:\/\/dogtagclan.com.br\/blog\/?s={search_term_string}\",\"query-input\":\"required name=search_term_string\"}],\"inLanguage\":\"pt-BR\"},{\"@type\":\"ImageObject\",\"@id\":\"https:\/\/dogtagclan.com.br\/blog\/%f0%9f%8e%af-cordao-de-cracha-personalizado-com-estilo-e-qualidade\/#primaryimage\",\"inLanguage\":\"pt-BR\",\"url\":\"https:\/\/dogtagclan.com.br\/blog\/wp-content\/uploads\/2025\/03\/ALZHAIMER1.jpg\",\"width\":1200,\"height\":1200,\"caption\":\"\\\"Cord\\u00e3o de Girassol ideal para identifica\\u00e7\\u00e3o de pessoas com Alzheimer e defici\\u00eancias invis\\u00edveis. Dispon\\u00edvel na DogTagClan.\\\"\"},{\"@type\":\"WebPage\",\"@id\":\"https:\/\/dogtagclan.com.br\/blog\/%f0%9f%8e%af-cordao-de-cracha-personalizado-com-estilo-e-qualidade\/#webpage\",\"url\":\"https:\/\/dogtagclan.com.br\/blog\/%f0%9f%8e%af-cordao-de-cracha-personalizado-com-estilo-e-qualidade\/\",\"name\":\"\\ud83c\\udfaf Cord\\u00e3o de Crach\\u00e1 Personalizado com Estilo e Qualidade! | DogTagClan Blog\",\"isPartOf\":{\"@id\":\"https:\/\/dogtagclan.com.br\/blog\/#website\"},\"primaryImageOfPage\":{\"@id\":\"https:\/\/dogtagclan.com.br\/blog\/%f0%9f%8e%af-cordao-de-cracha-personalizado-com-estilo-e-qualidade\/#primaryimage\"},\"datePublished\":\"2025-03-21T13:23:25+00:00\",\"dateModified\":\"2025-03-21T13:23:25+00:00\",\"description\":\"\\u00e1 pensou em ter um cord\\u00e3o de crach\\u00e1 com a sua cara? A DogTagClan personaliza do seu jeito: nome da empresa, logo,\",\"inLanguage\":\"pt-BR\",\"potentialAction\":[{\"@type\":\"ReadAction\",\"target\":[\"https:\/\/dogtagclan.com.br\/blog\/%f0%9f%8e%af-cordao-de-cracha-personalizado-com-estilo-e-qualidade\/\"]}]},{\"@type\":\"Article\",\"@id\":\"https:\/\/dogtagclan.com.br\/blog\/%f0%9f%8e%af-cordao-de-cracha-personalizado-com-estilo-e-qualidade\/#article\",\"isPartOf\":{\"@id\":\"https:\/\/dogtagclan.com.br\/blog\/%f0%9f%8e%af-cordao-de-cracha-personalizado-com-estilo-e-qualidade\/#webpage\"},\"author\":{\"@id\":\"https:\/\/dogtagclan.com.br\/blog\/#\/schema\/person\/b7279d930f15e2a85c89cd3b2f1d8df5\"},\"headline\":\"\\ud83c\\udfaf Cord\\u00e3o de Crach\\u00e1 Personalizado com Estilo e Qualidade!\",\"datePublished\":\"2025-03-21T13:23:25+00:00\",\"dateModified\":\"2025-03-21T13:23:25+00:00\",\"mainEntityOfPage\":{\"@id\":\"https:\/\/dogtagclan.com.br\/blog\/%f0%9f%8e%af-cordao-de-cracha-personalizado-com-estilo-e-qualidade\/#webpage\"},\"commentCount\":0,\"publisher\":{\"@id\":\"https:\/\/dogtagclan.com.br\/blog\/#organization\"},\"image\":{\"@id\":\"https:\/\/dogtagclan.com.br\/blog\/%f0%9f%8e%af-cordao-de-cracha-personalizado-com-estilo-e-qualidade\/#primaryimage\"},\"articleSection\":\"Crachas e broches personalizados\",\"inLanguage\":\"pt-BR\",\"potentialAction\":[{\"@type\":\"CommentAction\",\"name\":\"Comment\",\"target\":[\"https:\/\/dogtagclan.com.br\/blog\/%f0%9f%8e%af-cordao-de-cracha-personalizado-com-estilo-e-qualidade\/#respond\"]}]},{\"@type\":\"Person\",\"@id\":\"https:\/\/dogtagclan.com.br\/blog\/#\/schema\/person\/b7279d930f15e2a85c89cd3b2f1d8df5\",\"name\":\"dogtagclan\",\"description\":\"\\\"A DogTagClan \\u00e9 especializada na fabrica\\u00e7\\u00e3o e personaliza\\u00e7\\u00e3o de Dog Tags, crach\\u00e1s e acess\\u00f3rios. Produzimos pe\\u00e7as em a\\u00e7o inoxid\\u00e1vel com grava\\u00e7\\u00f5es de alta precis\\u00e3o para identifica\\u00e7\\u00e3o pessoal e profissional.\\\"\",\"sameAs\":[\"https:\/\/blog.dogtagclan.com.br\",\"https:\/\/www.facebook.com\/dogtagclan\",\"https:\/\/www.instagram.com\/dogtagclan\",\"https:\/\/twitter.com\/https:\/\/x.com\/Dogtagclanclan\",\"https:\/\/www.youtube.com\/dogtagclan\"]}]}<\/script>\n<!-- \/ Yoast SEO Premium plugin. -->","_links":{"self":[{"href":"https:\/\/dogtagclan.com.br\/blog\/wp-json\/wp\/v2\/posts\/3029"}],"collection":[{"href":"https:\/\/dogtagclan.com.br\/blog\/wp-json\/wp\/v2\/posts"}],"about":[{"href":"https:\/\/dogtagclan.com.br\/blog\/wp-json\/wp\/v2\/types\/post"}],"author":[{"embeddable":true,"href":"https:\/\/dogtagclan.com.br\/blog\/wp-json\/wp\/v2\/users\/1"}],"replies":[{"embeddable":true,"href":"https:\/\/dogtagclan.com.br\/blog\/wp-json\/wp\/v2\/comments?post=3029"}],"version-history":[{"count":0,"href":"https:\/\/dogtagclan.com.br\/blog\/wp-json\/wp\/v2\/posts\/3029\/revisions"}],"wp:featuredmedia":[{"embeddable":true,"href":"https:\/\/dogtagclan.com.br\/blog\/wp-json\/wp\/v2\/media\/3017"}],"wp:attachment":[{"href":"https:\/\/dogtagclan.com.br\/blog\/wp-json\/wp\/v2\/media?parent=3029"}],"wp:term":[{"taxonomy":"category","embeddable":true,"href":"https:\/\/dogtagclan.com.br\/blog\/wp-json\/wp\/v2\/categories?post=3029"},{"taxonomy":"post_tag","embeddable":true,"href":"https:\/\/dogtagclan.com.br\/blog\/wp-json\/wp\/v2\/tags?post=3029"}],"curies":[{"name":"wp","href":"https:\/\/api.w.org\/{rel}","templated":true}]}}