{"id":3026,"date":"2025-03-21T08:50:44","date_gmt":"2025-03-21T11:50:44","guid":{"rendered":"https:\/\/dogtagclan.com.br\/blog\/?p=3026"},"modified":"2025-03-21T08:50:45","modified_gmt":"2025-03-21T11:50:45","slug":"dicas-essenciais-para-ajustar-o-cordao-de-girassol-e-garantir-mais-conforto","status":"publish","type":"post","link":"https:\/\/dogtagclan.com.br\/blog\/dicas-essenciais-para-ajustar-o-cordao-de-girassol-e-garantir-mais-conforto\/","title":{"rendered":"Dicas Essenciais para Ajustar o Cord\u00e3o de Girassol e Garantir Mais Conforto"},"content":{"rendered":"\n<p>O <strong>Cord\u00e3o de Girassol<\/strong> \u00e9 um acess\u00f3rio essencial para identifica\u00e7\u00e3o de pessoas com <strong>defici\u00eancias invis\u00edveis<\/strong>, como <strong>autismo, TDAH, Alzheimer, epilepsia e cardiopatia cong\u00eanita<\/strong>. No entanto, nem sempre ele vem no tamanho ideal para todos. Pensando nisso, criamos este guia com <strong>dicas pr\u00e1ticas para ajustar seu cord\u00e3o e garantir mais conforto e usabilidade no dia a dia<\/strong>.<\/p>\n\n\n\n<p>Se ainda n\u00e3o conferiu nosso artigo principal, acesse agora: <a href=\"https:\/\/dogtagclan.com.br\/blog\/como-ajustar-o-tamanho-do-cordao-de-girassol-guia-pratico\/\"><strong>Como Ajustar o Tamanho do Cord\u00e3o de Girassol: Guia Pr\u00e1tico<\/strong><\/a>.<\/p>\n\n\n\n<figure class=\"wp-block-image size-large\"><img decoding=\"async\" width=\"1024\" height=\"1024\" src=\"https:\/\/dogtagclan.com.br\/blog\/wp-content\/uploads\/2025\/03\/ALZHAIMER1-1024x1024.jpg\" alt=\"Cord\u00e3o de Girassol para identifica\u00e7\u00e3o de pessoas com Alzheimer e defici\u00eancias invis\u00edveis \u2013 DogTagClan.\" class=\"wp-image-3017\" srcset=\"https:\/\/dogtagclan.com.br\/blog\/wp-content\/uploads\/2025\/03\/ALZHAIMER1-1024x1024.jpg 1024w, https:\/\/dogtagclan.com.br\/blog\/wp-content\/uploads\/2025\/03\/ALZHAIMER1-300x300.jpg 300w, https:\/\/dogtagclan.com.br\/blog\/wp-content\/uploads\/2025\/03\/ALZHAIMER1-150x150.jpg 150w, https:\/\/dogtagclan.com.br\/blog\/wp-content\/uploads\/2025\/03\/ALZHAIMER1-768x768.jpg 768w, https:\/\/dogtagclan.com.br\/blog\/wp-content\/uploads\/2025\/03\/ALZHAIMER1.jpg 1200w\" sizes=\"(max-width: 1024px) 100vw, 1024px\" \/><figcaption class=\"wp-element-caption\">&#8220;Cord\u00e3o de Girassol ideal para identifica\u00e7\u00e3o de pessoas com Alzheimer e defici\u00eancias invis\u00edveis. Dispon\u00edvel na DogTagClan.&#8221;<\/figcaption><\/figure>\n\n\n\n<hr class=\"wp-block-separator has-alpha-channel-opacity\"\/>\n\n\n\n<h2 class=\"wp-block-heading\" id=\"h-1-por-que-o-ajuste-do-cord-o-de-girassol-importante\"><strong>1. Por Que o Ajuste do Cord\u00e3o de Girassol \u00e9 Importante?<\/strong><\/h2>\n\n\n\n<p>Embora o Cord\u00e3o de Girassol tenha um <strong>tamanho padr\u00e3o de cerca de 90 cm<\/strong>, ele pode n\u00e3o ser confort\u00e1vel para todos os usu\u00e1rios. Algumas raz\u00f5es para ajust\u00e1-lo incluem:<\/p>\n\n\n\n<p>\u2714\ufe0f <strong>Crian\u00e7as<\/strong> \u2013 O cord\u00e3o pode ficar longo demais e atrapalhar a movimenta\u00e7\u00e3o.<br>\u2714\ufe0f <strong>Pessoas com mobilidade reduzida<\/strong> \u2013 Um cord\u00e3o mais curto evita que ele enrosque em objetos.<br>\u2714\ufe0f <strong>Usu\u00e1rios de cadeiras de rodas<\/strong> \u2013 O ajuste correto impede que o cord\u00e3o atrapalhe a posi\u00e7\u00e3o do usu\u00e1rio.<br>\u2714\ufe0f <strong>Evitar inc\u00f4modos no uso di\u00e1rio<\/strong> \u2013 O cord\u00e3o ajustado proporciona mais conforto ao longo do dia.<\/p>\n\n\n\n<p>\ud83d\udd39 <strong>O ajuste n\u00e3o compromete a funcionalidade do Cord\u00e3o de Girassol, mas garante um uso mais confort\u00e1vel e seguro!<\/strong><\/p>\n\n\n\n<hr class=\"wp-block-separator has-alpha-channel-opacity\"\/>\n\n\n\n<h2 class=\"wp-block-heading\" id=\"h-2-o-que-considerar-antes-de-ajustar-o-cord-o\"><strong>2. O Que Considerar Antes de Ajustar o Cord\u00e3o?<\/strong><\/h2>\n\n\n\n<p>Antes de encurtar seu Cord\u00e3o de Girassol, considere:<\/p>\n\n\n\n<p>\u2714\ufe0f <strong>O uso pretendido<\/strong> \u2013 Se ser\u00e1 utilizado com um crach\u00e1 de identifica\u00e7\u00e3o, mantenha um comprimento adequado para visualiza\u00e7\u00e3o f\u00e1cil.<br>\u2714\ufe0f <strong>Tamanho ideal para o usu\u00e1rio<\/strong> \u2013 Me\u00e7a o comprimento desejado antes de cortar.<br>\u2714\ufe0f <strong>Preserva\u00e7\u00e3o da funcionalidade<\/strong> \u2013 N\u00e3o aperte demais o cord\u00e3o para evitar desconfortos.<br>\u2714\ufe0f <strong>Possibilidade de reajuste<\/strong> \u2013 Se necess\u00e1rio, fa\u00e7a um corte gradual para testar o melhor ajuste.<\/p>\n\n\n\n<p>\ud83d\udccc <strong>Dica:<\/strong> Se o cord\u00e3o for usado por uma crian\u00e7a, <strong>teste o tamanho antes de fazer o corte definitivo<\/strong>.<\/p>\n\n\n\n<hr class=\"wp-block-separator has-alpha-channel-opacity\"\/>\n\n\n\n<h2 class=\"wp-block-heading\" id=\"h-3-como-ajustar-o-tamanho-do-cord-o-de-girassol-de-forma-segura\"><strong>3. Como Ajustar o Tamanho do Cord\u00e3o de Girassol de Forma Segura?<\/strong><\/h2>\n\n\n\n<p>Se voc\u00ea j\u00e1 decidiu o tamanho ideal do seu cord\u00e3o, siga este passo a passo para ajust\u00e1-lo corretamente:<\/p>\n\n\n\n<h3 class=\"wp-block-heading\" id=\"h-materiais-necess-rios\"><strong>Materiais Necess\u00e1rios:<\/strong><\/h3>\n\n\n\n<p>\ud83d\udd39 <strong>Uma chave de fenda pequena<\/strong> ou objeto similar.<br><\/p>\n\n\n\n<h3 class=\"wp-block-heading\" id=\"h-passo-a-passo\"><strong>Passo a Passo:<\/strong><\/h3>\n\n\n\n<p>1\ufe0f\u20e3 <strong>Encontre as presilhas <\/strong>nas pontas do cord\u00e3o.<br>2\ufe0f\u20e3 <strong>Abra as presilhas<\/strong> levantando com uma chave de fenda. Elas funcionam como fivelas de cinto.<br>3\ufe0f\u20e3 <strong>Retire o cord\u00e3o da presilha e corte no tamanho desejado<\/strong>.<br>4\ufe0f\u20e3 <strong>Recoloque o cord\u00e3o na presilha e feche-a novamente<\/strong>, apertando bem.<br>5\ufe0f\u20e3 <strong>Teste o ajuste e veja se ficou confort\u00e1vel<\/strong>. Se precisar, fa\u00e7a novos ajustes.<\/p>\n\n\n\n<p>\ud83d\udccc <strong>Agora seu Cord\u00e3o de Girassol est\u00e1 no tamanho ideal para voc\u00ea!<\/strong><\/p>\n\n\n\n<hr class=\"wp-block-separator has-alpha-channel-opacity\"\/>\n\n\n\n<h2 class=\"wp-block-heading\" id=\"h-4-perguntas-frequentes-faq\"><strong>4. Perguntas Frequentes (FAQ)<\/strong><\/h2>\n\n\n\n<h3 class=\"wp-block-heading\" id=\"h-1-o-ajuste-do-cord-o-pode-comprometer-sua-seguran-a\"><strong>1. O ajuste do cord\u00e3o pode comprometer sua seguran\u00e7a?<\/strong><\/h3>\n\n\n\n<p>N\u00e3o! Desde que a presilha seja fechada corretamente, o cord\u00e3o continuar\u00e1 funcionando normalmente.<\/p>\n\n\n\n<h3 class=\"wp-block-heading\" id=\"h-2-posso-ajustar-o-cord-o-v-rias-vezes\"><strong>2. Posso ajustar o cord\u00e3o v\u00e1rias vezes?<\/strong><\/h3>\n\n\n\n<p>Sim, mas o ideal \u00e9 medir e cortar com precis\u00e3o para evitar desgastes desnecess\u00e1rios.<\/p>\n\n\n\n<h3 class=\"wp-block-heading\" id=\"h-3-o-cord-o-pode-desfiar-ao-cortar\"><strong>3. O cord\u00e3o pode desfiar ao cortar?<\/strong><\/h3>\n\n\n\n<p>N\u00e3o, pois o material \u00e9 resistente. Caso tenha preocupa\u00e7\u00e3o, selar a ponta com um isqueiro pode ajudar.<\/p>\n\n\n\n<h3 class=\"wp-block-heading\" id=\"h-4-o-cord-o-de-girassol-pode-ser-usado-sem-ajuste\"><strong>4. O Cord\u00e3o de Girassol pode ser usado sem ajuste?<\/strong><\/h3>\n\n\n\n<p>Sim! Ele vem em um tamanho padr\u00e3o, mas para algumas pessoas, o ajuste pode melhorar o conforto.<\/p>\n\n\n\n<hr class=\"wp-block-separator has-alpha-channel-opacity\"\/>\n\n\n\n<h2 class=\"wp-block-heading\" id=\"h-5-onde-comprar-cord-es-de-girassol-ajust-veis\"><strong>5. Onde Comprar Cord\u00f5es de Girassol Ajust\u00e1veis?<\/strong><\/h2>\n\n\n\n<p>Na <strong>DogTagClan<\/strong>, voc\u00ea encontra <strong>Cord\u00f5es de Girassol de alta qualidade<\/strong>, podendo ajust\u00e1-los conforme sua necessidade. Al\u00e9m disso, oferecemos <strong>crach\u00e1s de identifica\u00e7\u00e3o m\u00e9dica personalizados<\/strong> para garantir ainda mais seguran\u00e7a.<\/p>\n\n\n\n<p>\ud83d\udccc <strong>Garanta o seu agora mesmo!<\/strong> \ud83d\udc49 <a href=\"https:\/\/dogtagclan.com.br\/departamento\/adicionais\/crachas-de-identificacao\/cordao-de-girassol-identificacao-para-deficiencias-ocultas\">Cord\u00e3o de Girassol &#8211; Identifica\u00e7\u00e3o para Defici\u00eancias Ocultas<\/a><\/p>\n\n\n\n<p>\ud83d\udcde <strong>Atendimento via WhatsApp:<\/strong> (41) 7400-1990<\/p>\n\n\n\n<hr class=\"wp-block-separator has-alpha-channel-opacity\"\/>\n\n\n\n<h2 class=\"wp-block-heading\" id=\"h-6-conclus-o-o-ajuste-do-cord-o-garante-mais-conforto-e-seguran-a\"><strong>6. Conclus\u00e3o: O Ajuste do Cord\u00e3o Garante Mais Conforto e Seguran\u00e7a<\/strong><\/h2>\n\n\n\n<p>\ud83d\udd39 <strong>Evita inc\u00f4modos no dia a dia<\/strong>.<br>\ud83d\udd39 <strong>Melhora o encaixe para diferentes usu\u00e1rios<\/strong>.<br>\ud83d\udd39 <strong>Facilita o uso para crian\u00e7as e adultos<\/strong>.<br>\ud83d\udd39 <strong>Preserva a funcionalidade do cord\u00e3o sem comprometer a identifica\u00e7\u00e3o<\/strong>.<\/p>\n\n\n\n<p>Ajustar o Cord\u00e3o de Girassol corretamente <strong>garante que ele continue cumprindo seu papel de acessibilidade e seguran\u00e7a<\/strong>.<\/p>\n\n\n\n<p>\ud83d\udccc <strong>Precisa de um Cord\u00e3o de Girassol de alta qualidade?<\/strong> Adquira agora na <strong>DogTagClan<\/strong>! \ud83d\udc49 <a href=\"https:\/\/dogtagclan.com.br\/departamento\/adicionais\/crachas-de-identificacao\">Compre o seu aqui<\/a>.<\/p>\n","protected":false},"excerpt":{"rendered":"<p>O Cord\u00e3o de Girassol \u00e9 um acess\u00f3rio essencial para identifica\u00e7\u00e3o de pessoas com defici\u00eancias invis\u00edveis, como autismo, TDAH, Alzheimer, epilepsia<\/p>\n","protected":false},"author":1,"featured_media":3024,"comment_status":"open","ping_status":"open","sticky":false,"template":"","format":"standard","meta":{"footnotes":""},"categories":[554],"tags":[],"yoast_head":"<!-- This site is optimized with the Yoast SEO Premium plugin v15.5 - https:\/\/yoast.com\/wordpress\/plugins\/seo\/ -->\n<title>Dicas Essenciais para Ajustar o Cord\u00e3o de Girassol e Garantir Mais Conforto | DogTagClan Blog<\/title>\n<meta name=\"description\" content=\"criamos este guia com dicas pr\u00e1ticas para ajustar seu cord\u00e3o e garantir mais conforto e usabilidade no dia a dia.\" \/>\n<meta name=\"robots\" content=\"index, follow, max-snippet:-1, max-image-preview:large, max-video-preview:-1\" \/>\n<link rel=\"canonical\" href=\"https:\/\/dogtagclan.com.br\/blog\/dicas-essenciais-para-ajustar-o-cordao-de-girassol-e-garantir-mais-conforto\/\" \/>\n<meta property=\"og:locale\" content=\"pt_BR\" \/>\n<meta property=\"og:type\" content=\"article\" \/>\n<meta property=\"og:title\" content=\"Dicas Essenciais para Ajustar o Cord\u00e3o de Girassol e Garantir Mais Conforto | DogTagClan Blog\" \/>\n<meta property=\"og:description\" content=\"criamos este guia com dicas pr\u00e1ticas para ajustar seu cord\u00e3o e garantir mais conforto e usabilidade no dia a dia.\" \/>\n<meta property=\"og:url\" content=\"https:\/\/dogtagclan.com.br\/blog\/dicas-essenciais-para-ajustar-o-cordao-de-girassol-e-garantir-mais-conforto\/\" \/>\n<meta property=\"og:site_name\" content=\"DogTagClan Blog\" \/>\n<meta property=\"article:publisher\" content=\"https:\/\/www.facebook.com\/dogtagclan\" \/>\n<meta property=\"article:author\" content=\"https:\/\/www.facebook.com\/dogtagclan\" \/>\n<meta property=\"article:published_time\" content=\"2025-03-21T11:50:44+00:00\" \/>\n<meta property=\"article:modified_time\" content=\"2025-03-21T11:50:45+00:00\" \/>\n<meta property=\"og:image\" content=\"https:\/\/dogtagclan.com.br\/blog\/wp-content\/uploads\/2025\/03\/cordao-de-girasol.jpg\" \/>\n\t<meta property=\"og:image:width\" content=\"500\" \/>\n\t<meta property=\"og:image:height\" content=\"500\" \/>\n<meta name=\"twitter:card\" content=\"summary_large_image\" \/>\n<meta name=\"twitter:creator\" content=\"@https:\/\/x.com\/Dogtagclanclan\" \/>\n<meta name=\"twitter:label1\" content=\"Est. tempo de leitura\">\n\t<meta name=\"twitter:data1\" content=\"3 minutos\">\n<script type=\"application\/ld+json\" class=\"yoast-schema-graph\">{\"@context\":\"https:\/\/schema.org\",\"@graph\":[{\"@type\":\"Organization\",\"@id\":\"https:\/\/dogtagclan.com.br\/blog\/#organization\",\"name\":\"DogTagClan | Dog Tags, Crach\\u00e1s e Acess\\u00f3rios Personalizados\",\"url\":\"https:\/\/dogtagclan.com.br\/blog\/\",\"sameAs\":[\"https:\/\/www.facebook.com\/dogtagclan\"],\"logo\":{\"@type\":\"ImageObject\",\"@id\":\"https:\/\/dogtagclan.com.br\/blog\/#logo\",\"inLanguage\":\"pt-BR\",\"url\":\"https:\/\/dogtagclan.com.br\/blog\/wp-content\/uploads\/2023\/02\/cropped-doftagclan-logo.png\",\"width\":250,\"height\":140,\"caption\":\"DogTagClan | Dog Tags, Crach\\u00e1s e Acess\\u00f3rios Personalizados\"},\"image\":{\"@id\":\"https:\/\/dogtagclan.com.br\/blog\/#logo\"}},{\"@type\":\"WebSite\",\"@id\":\"https:\/\/dogtagclan.com.br\/blog\/#website\",\"url\":\"https:\/\/dogtagclan.com.br\/blog\/\",\"name\":\"DogTagClan Blog\",\"description\":\"A gente faz, do seu Jeito\",\"publisher\":{\"@id\":\"https:\/\/dogtagclan.com.br\/blog\/#organization\"},\"potentialAction\":[{\"@type\":\"SearchAction\",\"target\":\"https:\/\/dogtagclan.com.br\/blog\/?s={search_term_string}\",\"query-input\":\"required name=search_term_string\"}],\"inLanguage\":\"pt-BR\"},{\"@type\":\"ImageObject\",\"@id\":\"https:\/\/dogtagclan.com.br\/blog\/dicas-essenciais-para-ajustar-o-cordao-de-girassol-e-garantir-mais-conforto\/#primaryimage\",\"inLanguage\":\"pt-BR\",\"url\":\"https:\/\/dogtagclan.com.br\/blog\/wp-content\/uploads\/2025\/03\/cordao-de-girasol.jpg\",\"width\":500,\"height\":500,\"caption\":\"\\\"Cord\\u00e3o de Girassol utilizado para identifica\\u00e7\\u00e3o de pessoas com defici\\u00eancias invis\\u00edveis, como autismo e TDAH. Dispon\\u00edvel na DogTagClan.\\\"\"},{\"@type\":\"WebPage\",\"@id\":\"https:\/\/dogtagclan.com.br\/blog\/dicas-essenciais-para-ajustar-o-cordao-de-girassol-e-garantir-mais-conforto\/#webpage\",\"url\":\"https:\/\/dogtagclan.com.br\/blog\/dicas-essenciais-para-ajustar-o-cordao-de-girassol-e-garantir-mais-conforto\/\",\"name\":\"Dicas Essenciais para Ajustar o Cord\\u00e3o de Girassol e Garantir Mais Conforto | DogTagClan Blog\",\"isPartOf\":{\"@id\":\"https:\/\/dogtagclan.com.br\/blog\/#website\"},\"primaryImageOfPage\":{\"@id\":\"https:\/\/dogtagclan.com.br\/blog\/dicas-essenciais-para-ajustar-o-cordao-de-girassol-e-garantir-mais-conforto\/#primaryimage\"},\"datePublished\":\"2025-03-21T11:50:44+00:00\",\"dateModified\":\"2025-03-21T11:50:45+00:00\",\"description\":\"criamos este guia com dicas pr\\u00e1ticas para ajustar seu cord\\u00e3o e garantir mais conforto e usabilidade no dia a dia.\",\"inLanguage\":\"pt-BR\",\"potentialAction\":[{\"@type\":\"ReadAction\",\"target\":[\"https:\/\/dogtagclan.com.br\/blog\/dicas-essenciais-para-ajustar-o-cordao-de-girassol-e-garantir-mais-conforto\/\"]}]},{\"@type\":\"Article\",\"@id\":\"https:\/\/dogtagclan.com.br\/blog\/dicas-essenciais-para-ajustar-o-cordao-de-girassol-e-garantir-mais-conforto\/#article\",\"isPartOf\":{\"@id\":\"https:\/\/dogtagclan.com.br\/blog\/dicas-essenciais-para-ajustar-o-cordao-de-girassol-e-garantir-mais-conforto\/#webpage\"},\"author\":{\"@id\":\"https:\/\/dogtagclan.com.br\/blog\/#\/schema\/person\/b7279d930f15e2a85c89cd3b2f1d8df5\"},\"headline\":\"Dicas Essenciais para Ajustar o Cord\\u00e3o de Girassol e Garantir Mais Conforto\",\"datePublished\":\"2025-03-21T11:50:44+00:00\",\"dateModified\":\"2025-03-21T11:50:45+00:00\",\"mainEntityOfPage\":{\"@id\":\"https:\/\/dogtagclan.com.br\/blog\/dicas-essenciais-para-ajustar-o-cordao-de-girassol-e-garantir-mais-conforto\/#webpage\"},\"commentCount\":0,\"publisher\":{\"@id\":\"https:\/\/dogtagclan.com.br\/blog\/#organization\"},\"image\":{\"@id\":\"https:\/\/dogtagclan.com.br\/blog\/dicas-essenciais-para-ajustar-o-cordao-de-girassol-e-garantir-mais-conforto\/#primaryimage\"},\"articleSection\":\"Crachas e broches personalizados\",\"inLanguage\":\"pt-BR\",\"potentialAction\":[{\"@type\":\"CommentAction\",\"name\":\"Comment\",\"target\":[\"https:\/\/dogtagclan.com.br\/blog\/dicas-essenciais-para-ajustar-o-cordao-de-girassol-e-garantir-mais-conforto\/#respond\"]}]},{\"@type\":\"Person\",\"@id\":\"https:\/\/dogtagclan.com.br\/blog\/#\/schema\/person\/b7279d930f15e2a85c89cd3b2f1d8df5\",\"name\":\"dogtagclan\",\"description\":\"\\\"A DogTagClan \\u00e9 especializada na fabrica\\u00e7\\u00e3o e personaliza\\u00e7\\u00e3o de Dog Tags, crach\\u00e1s e acess\\u00f3rios. Produzimos pe\\u00e7as em a\\u00e7o inoxid\\u00e1vel com grava\\u00e7\\u00f5es de alta precis\\u00e3o para identifica\\u00e7\\u00e3o pessoal e profissional.\\\"\",\"sameAs\":[\"https:\/\/blog.dogtagclan.com.br\",\"https:\/\/www.facebook.com\/dogtagclan\",\"https:\/\/www.instagram.com\/dogtagclan\",\"https:\/\/twitter.com\/https:\/\/x.com\/Dogtagclanclan\",\"https:\/\/www.youtube.com\/dogtagclan\"]}]}<\/script>\n<!-- \/ Yoast SEO Premium plugin. -->","_links":{"self":[{"href":"https:\/\/dogtagclan.com.br\/blog\/wp-json\/wp\/v2\/posts\/3026"}],"collection":[{"href":"https:\/\/dogtagclan.com.br\/blog\/wp-json\/wp\/v2\/posts"}],"about":[{"href":"https:\/\/dogtagclan.com.br\/blog\/wp-json\/wp\/v2\/types\/post"}],"author":[{"embeddable":true,"href":"https:\/\/dogtagclan.com.br\/blog\/wp-json\/wp\/v2\/users\/1"}],"replies":[{"embeddable":true,"href":"https:\/\/dogtagclan.com.br\/blog\/wp-json\/wp\/v2\/comments?post=3026"}],"version-history":[{"count":0,"href":"https:\/\/dogtagclan.com.br\/blog\/wp-json\/wp\/v2\/posts\/3026\/revisions"}],"wp:featuredmedia":[{"embeddable":true,"href":"https:\/\/dogtagclan.com.br\/blog\/wp-json\/wp\/v2\/media\/3024"}],"wp:attachment":[{"href":"https:\/\/dogtagclan.com.br\/blog\/wp-json\/wp\/v2\/media?parent=3026"}],"wp:term":[{"taxonomy":"category","embeddable":true,"href":"https:\/\/dogtagclan.com.br\/blog\/wp-json\/wp\/v2\/categories?post=3026"},{"taxonomy":"post_tag","embeddable":true,"href":"https:\/\/dogtagclan.com.br\/blog\/wp-json\/wp\/v2\/tags?post=3026"}],"curies":[{"name":"wp","href":"https:\/\/api.w.org\/{rel}","templated":true}]}}