{"id":3021,"date":"2025-03-20T22:05:12","date_gmt":"2025-03-21T01:05:12","guid":{"rendered":"https:\/\/dogtagclan.com.br\/blog\/?p=3021"},"modified":"2025-03-20T22:05:13","modified_gmt":"2025-03-21T01:05:13","slug":"como-o-cordao-de-girassol-facilita-a-inclusao-e-identificacao-de-pessoas-com-deficiencias-invisiveis","status":"publish","type":"post","link":"https:\/\/dogtagclan.com.br\/blog\/como-o-cordao-de-girassol-facilita-a-inclusao-e-identificacao-de-pessoas-com-deficiencias-invisiveis\/","title":{"rendered":"Como o Cord\u00e3o de Girassol Facilita a Inclus\u00e3o e Identifica\u00e7\u00e3o de Pessoas com Defici\u00eancias Invis\u00edveis"},"content":{"rendered":"\n<p>O <strong>Cord\u00e3o de Girassol<\/strong> \u00e9 mais do que um simples acess\u00f3rio: ele \u00e9 um s\u00edmbolo global de <strong>identifica\u00e7\u00e3o para pessoas com defici\u00eancias invis\u00edveis<\/strong>, garantindo mais acessibilidade, compreens\u00e3o e respeito em ambientes p\u00fablicos. Sua ado\u00e7\u00e3o vem crescendo no Brasil e no mundo, tornando-se uma ferramenta essencial para inclus\u00e3o social.<\/p>\n\n\n\n<p>Se voc\u00ea ainda n\u00e3o conferiu o artigo principal, acesse agora: <a href=\"https:\/\/dogtagclan.com.br\/blog\/cordao-de-girassol-o-guia-completo-para-identificacao-e-acessibilidade\/\"><strong>Cord\u00e3o de Girassol: O Guia Completo para Identifica\u00e7\u00e3o e Acessibilidade<\/strong><\/a>.<\/p>\n\n\n\n<figure class=\"wp-block-image size-full\"><img decoding=\"async\" src=\"https:\/\/dogtagclan.com.br\/blog\/wp-content\/uploads\/2025\/03\/EPILEPCSIA-pronto-imFprir-.jpg\" alt=\"\" class=\"wp-image-2886\"\/><\/figure>\n\n\n\n<hr class=\"wp-block-separator has-alpha-channel-opacity\"\/>\n\n\n\n<h2 class=\"wp-block-heading\" id=\"h-1-como-o-cord-o-de-girassol-funciona-na-pr-tica\"><strong>1. Como o Cord\u00e3o de Girassol Funciona na Pr\u00e1tica?<\/strong><\/h2>\n\n\n\n<p>O Cord\u00e3o de Girassol \u00e9 utilizado como um sinal discreto para indicar que uma pessoa pode precisar de suporte especial em locais p\u00fablicos. Ele n\u00e3o d\u00e1 direitos legais por si s\u00f3, mas ajuda a conscientizar a sociedade e facilita a inclus\u00e3o.<\/p>\n\n\n\n<p>\ud83d\udd39 <strong>Onde o Cord\u00e3o de Girassol \u00e9 reconhecido?<\/strong> \u2714\ufe0f <strong>Aeroportos e Companhias A\u00e9reas<\/strong> \u2013 Passageiros com o cord\u00e3o podem receber atendimento priorit\u00e1rio e assist\u00eancia especial.<br>\u2714\ufe0f <strong>Supermercados e Shoppings<\/strong> \u2013 Algumas redes j\u00e1 treinam funcion\u00e1rios para identificar e auxiliar clientes que utilizam o cord\u00e3o.<br>\u2714\ufe0f <strong>Transporte P\u00fablico<\/strong> \u2013 Em algumas cidades, o uso do cord\u00e3o pode indicar a necessidade de assentos priorit\u00e1rios.<br>\u2714\ufe0f <strong>Hospitais e Cl\u00ednicas<\/strong> \u2013 Profissionais de sa\u00fade podem dar um atendimento mais humanizado e diferenciado.<br>\u2714\ufe0f <strong>Escolas e Universidades<\/strong> \u2013 Ajuda professores e colegas a compreenderem melhor as necessidades do aluno.<\/p>\n\n\n\n<p>\ud83d\udccc <strong>O reconhecimento do Cord\u00e3o de Girassol cresce a cada dia, tornando o ambiente social mais inclusivo.<\/strong><\/p>\n\n\n\n<hr class=\"wp-block-separator has-alpha-channel-opacity\"\/>\n\n\n\n<h2 class=\"wp-block-heading\" id=\"h-2-quem-pode-usar-o-cord-o-de-girassol\"><strong>2. Quem Pode Usar o Cord\u00e3o de Girassol?<\/strong><\/h2>\n\n\n\n<p>O <strong>Cord\u00e3o de Girassol<\/strong> pode ser usado por qualquer pessoa com uma defici\u00eancia invis\u00edvel, ou seja, uma condi\u00e7\u00e3o que n\u00e3o \u00e9 facilmente percebida por outras pessoas.<\/p>\n\n\n\n<p>\ud83d\udd39 <strong>Principais condi\u00e7\u00f5es associadas ao uso do cord\u00e3o:<\/strong> \u2714\ufe0f <strong>Cardiopatia Cong\u00eanita<\/strong> \u2013 Indica a necessidade de aten\u00e7\u00e3o especial em emerg\u00eancias.<br>\u2714\ufe0f <strong>Autismo e Transtornos do Espectro Autista (TEA)<\/strong> \u2013 Facilita a comunica\u00e7\u00e3o e reduz situa\u00e7\u00f5es desconfort\u00e1veis.<br>\u2714\ufe0f <strong>Epilepsia<\/strong> \u2013 Permite que outras pessoas fiquem alertas para crises convulsivas.<br>\u2714\ufe0f <strong>TDAH e TOD<\/strong> \u2013 Ajuda a explicar comportamentos e necessidades espec\u00edficas.<br>\u2714\ufe0f <strong>Alzheimer e Dem\u00eancia<\/strong> \u2013 Auxilia na identifica\u00e7\u00e3o e localiza\u00e7\u00e3o de pacientes desorientados.<br>\u2714\ufe0f <strong>Outras Defici\u00eancias Invis\u00edveis<\/strong> \u2013 Doen\u00e7as autoimunes, fibromialgia, esclerose m\u00faltipla, surdez parcial, entre outras.<\/p>\n\n\n\n<p>\ud83d\udccc <strong>O Cord\u00e3o de Girassol n\u00e3o substitui laudos m\u00e9dicos ou documentos oficiais, mas \u00e9 uma ferramenta valiosa para a inclus\u00e3o.<\/strong><\/p>\n\n\n\n<hr class=\"wp-block-separator has-alpha-channel-opacity\"\/>\n\n\n\n<h2 class=\"wp-block-heading\" id=\"h-3-o-cord-o-de-girassol-garante-atendimento-priorit-rio\"><strong>3. O Cord\u00e3o de Girassol Garante Atendimento Priorit\u00e1rio?<\/strong><\/h2>\n\n\n\n<p>N\u00e3o. O Cord\u00e3o de Girassol <strong>n\u00e3o \u00e9 um documento oficial de prioridade<\/strong>, mas serve como um <strong>sinal de conscientiza\u00e7\u00e3o<\/strong>. Em alguns locais, como supermercados e aeroportos, os funcion\u00e1rios s\u00e3o treinados para reconhecer o cord\u00e3o e oferecer assist\u00eancia diferenciada.<\/p>\n\n\n\n<p>\ud83d\udccc <strong>Se voc\u00ea precisa de prioridade legal em filas e servi\u00e7os, consulte as leis de acessibilidade e apresente laudos m\u00e9dicos ou documentos espec\u00edficos.<\/strong><\/p>\n\n\n\n<hr class=\"wp-block-separator has-alpha-channel-opacity\"\/>\n\n\n\n<h2 class=\"wp-block-heading\" id=\"h-4-como-o-cord-o-de-girassol-pode-ser-combinado-com-um-crach-de-identifica-o\"><strong>4. Como o Cord\u00e3o de Girassol Pode Ser Combinado com um Crach\u00e1 de Identifica\u00e7\u00e3o?<\/strong><\/h2>\n\n\n\n<p>Para garantir ainda mais seguran\u00e7a, muitas pessoas combinam o <strong>Cord\u00e3o de Girassol<\/strong> com um <strong>Crach\u00e1 de Identifica\u00e7\u00e3o M\u00e9dica<\/strong>. O crach\u00e1 pode conter:<\/p>\n\n\n\n<p>\ud83d\udccc <strong>Nome e contato de emerg\u00eancia<\/strong>.<br>\ud83d\udccc <strong>Condi\u00e7\u00e3o m\u00e9dica ou defici\u00eancia invis\u00edvel<\/strong>.<br>\ud83d\udccc <strong>QR Code com acesso a laudos m\u00e9dicos e hist\u00f3rico de tratamento<\/strong>.<br>\ud83d\udccc <strong>Instru\u00e7\u00f5es para socorristas em caso de emerg\u00eancia<\/strong>.<\/p>\n\n\n\n<p>\ud83d\udd39 <strong>Por que combinar os dois?<\/strong> \u2714\ufe0f O <strong>cord\u00e3o sinaliza a condi\u00e7\u00e3o de forma discreta<\/strong>.<br>\u2714\ufe0f O <strong>crach\u00e1 fornece informa\u00e7\u00f5es detalhadas para emerg\u00eancias<\/strong>.<br>\u2714\ufe0f O <strong>QR Code permite acesso r\u00e1pido a dados m\u00e9dicos essenciais<\/strong>.<\/p>\n\n\n\n<p>\ud83d\udccc <strong>Confira os modelos dispon\u00edveis na DogTagClan:<\/strong> <a href=\"https:\/\/dogtagclan.com.br\/departamento\/adicionais\/crachas-de-identificacao\">Crach\u00e1s de Identifica\u00e7\u00e3o M\u00e9dica<\/a><\/p>\n\n\n\n<hr class=\"wp-block-separator has-alpha-channel-opacity\"\/>\n\n\n\n<h2 class=\"wp-block-heading\" id=\"h-5-perguntas-frequentes-faq\"><strong>5. Perguntas Frequentes (FAQ)<\/strong><\/h2>\n\n\n\n<h3 class=\"wp-block-heading\" id=\"h-1-o-cord-o-de-girassol-tem-validade\"><strong>1. O Cord\u00e3o de Girassol tem validade?<\/strong><\/h3>\n\n\n\n<p>N\u00e3o, ele pode ser usado sempre que necess\u00e1rio.<\/p>\n\n\n\n<h3 class=\"wp-block-heading\" id=\"h-2-o-cord-o-de-girassol-pode-ser-personalizado\"><strong>2. O Cord\u00e3o de Girassol pode ser personalizado?<\/strong><\/h3>\n\n\n\n<p>Sim, ele pode ser combinado com <strong>crach\u00e1s m\u00e9dicos<\/strong> para incluir informa\u00e7\u00f5es personalizadas.<\/p>\n\n\n\n<h3 class=\"wp-block-heading\" id=\"h-3-onde-o-cord-o-de-girassol-j-reconhecido\"><strong>3. Onde o Cord\u00e3o de Girassol j\u00e1 \u00e9 reconhecido?<\/strong><\/h3>\n\n\n\n<p>Ele \u00e9 amplamente reconhecido em aeroportos, hospitais, supermercados e transportes p\u00fablicos ao redor do mundo.<\/p>\n\n\n\n<h3 class=\"wp-block-heading\" id=\"h-4-onde-posso-comprar-o-cord-o-de-girassol\"><strong>4. Onde posso comprar o Cord\u00e3o de Girassol?<\/strong><\/h3>\n\n\n\n<p>Na <strong>DogTagClan<\/strong>, oferecemos o Cord\u00e3o de Girassol com <strong>envio para todo o Brasil<\/strong>.<\/p>\n\n\n\n<p>\ud83d\udccc <strong>Confira aqui:<\/strong> <a href=\"https:\/\/dogtagclan.com.br\/departamento\/adicionais\/crachas-de-identificacao\/cordao-de-girassol-identificacao-para-deficiencias-ocultas\">Cord\u00e3o de Girassol &#8211; Identifica\u00e7\u00e3o para Defici\u00eancias Ocultas<\/a><\/p>\n\n\n\n<hr class=\"wp-block-separator has-alpha-channel-opacity\"\/>\n\n\n\n<h2 class=\"wp-block-heading\" id=\"h-6-onde-comprar-o-cord-o-de-girassol-e-crach-s-de-identifica-o\"><strong>6. Onde Comprar o Cord\u00e3o de Girassol e Crach\u00e1s de Identifica\u00e7\u00e3o?<\/strong><\/h2>\n\n\n\n<p>A <strong>DogTagClan<\/strong> \u00e9 refer\u00eancia na produ\u00e7\u00e3o de <strong>crach\u00e1s m\u00e9dicos personalizados<\/strong> e acess\u00f3rios como o <strong>Cord\u00e3o de Girassol<\/strong>, garantindo <strong>seguran\u00e7a, durabilidade e acessibilidade<\/strong>.<\/p>\n\n\n\n<p>\ud83d\udccc <strong>Garanta mais seguran\u00e7a e identifica\u00e7\u00e3o agora mesmo!<\/strong> <a href=\"https:\/\/dogtagclan.com.br\/departamento\/adicionais\/crachas-de-identificacao\/cordao-de-girassol-identificacao-para-deficiencias-ocultas\">Clique aqui e confira as op\u00e7\u00f5es dispon\u00edveis!<\/a><\/p>\n","protected":false},"excerpt":{"rendered":"<p>O Cord\u00e3o de Girassol \u00e9 mais do que um simples acess\u00f3rio: ele \u00e9 um s\u00edmbolo global de identifica\u00e7\u00e3o para pessoas<\/p>\n","protected":false},"author":1,"featured_media":3017,"comment_status":"open","ping_status":"open","sticky":false,"template":"","format":"standard","meta":{"footnotes":""},"categories":[554],"tags":[],"yoast_head":"<!-- This site is optimized with the Yoast SEO Premium plugin v15.5 - https:\/\/yoast.com\/wordpress\/plugins\/seo\/ -->\n<title>Como o Cord\u00e3o de Girassol Facilita a Inclus\u00e3o e Identifica\u00e7\u00e3o de Pessoas com Defici\u00eancias Invis\u00edveis | DogTagClan Blog<\/title>\n<meta name=\"description\" content=\"O Cord\u00e3o de Girassol \u00e9 mais do que um simples acess\u00f3rio: ele \u00e9 um s\u00edmbolo global de identifica\u00e7\u00e3o para pessoas com defici\u00eancias invis\u00edveis\" \/>\n<meta name=\"robots\" content=\"index, follow, max-snippet:-1, max-image-preview:large, max-video-preview:-1\" \/>\n<link rel=\"canonical\" href=\"https:\/\/dogtagclan.com.br\/blog\/como-o-cordao-de-girassol-facilita-a-inclusao-e-identificacao-de-pessoas-com-deficiencias-invisiveis\/\" \/>\n<meta property=\"og:locale\" content=\"pt_BR\" \/>\n<meta property=\"og:type\" content=\"article\" \/>\n<meta property=\"og:title\" content=\"Como o Cord\u00e3o de Girassol Facilita a Inclus\u00e3o e Identifica\u00e7\u00e3o de Pessoas com Defici\u00eancias Invis\u00edveis | DogTagClan Blog\" \/>\n<meta property=\"og:description\" content=\"O Cord\u00e3o de Girassol \u00e9 mais do que um simples acess\u00f3rio: ele \u00e9 um s\u00edmbolo global de identifica\u00e7\u00e3o para pessoas com defici\u00eancias invis\u00edveis\" \/>\n<meta property=\"og:url\" content=\"https:\/\/dogtagclan.com.br\/blog\/como-o-cordao-de-girassol-facilita-a-inclusao-e-identificacao-de-pessoas-com-deficiencias-invisiveis\/\" \/>\n<meta property=\"og:site_name\" content=\"DogTagClan Blog\" \/>\n<meta property=\"article:publisher\" content=\"https:\/\/www.facebook.com\/dogtagclan\" \/>\n<meta property=\"article:author\" content=\"https:\/\/www.facebook.com\/dogtagclan\" \/>\n<meta property=\"article:published_time\" content=\"2025-03-21T01:05:12+00:00\" \/>\n<meta property=\"article:modified_time\" content=\"2025-03-21T01:05:13+00:00\" \/>\n<meta property=\"og:image\" content=\"https:\/\/dogtagclan.com.br\/blog\/wp-content\/uploads\/2025\/03\/ALZHAIMER1.jpg\" \/>\n\t<meta property=\"og:image:width\" content=\"1200\" \/>\n\t<meta property=\"og:image:height\" content=\"1200\" \/>\n<meta name=\"twitter:card\" content=\"summary_large_image\" \/>\n<meta name=\"twitter:creator\" content=\"@https:\/\/x.com\/Dogtagclanclan\" \/>\n<meta name=\"twitter:label1\" content=\"Est. tempo de leitura\">\n\t<meta name=\"twitter:data1\" content=\"3 minutos\">\n<script type=\"application\/ld+json\" class=\"yoast-schema-graph\">{\"@context\":\"https:\/\/schema.org\",\"@graph\":[{\"@type\":\"Organization\",\"@id\":\"https:\/\/dogtagclan.com.br\/blog\/#organization\",\"name\":\"DogTagClan | Dog Tags, Crach\\u00e1s e Acess\\u00f3rios Personalizados\",\"url\":\"https:\/\/dogtagclan.com.br\/blog\/\",\"sameAs\":[\"https:\/\/www.facebook.com\/dogtagclan\"],\"logo\":{\"@type\":\"ImageObject\",\"@id\":\"https:\/\/dogtagclan.com.br\/blog\/#logo\",\"inLanguage\":\"pt-BR\",\"url\":\"https:\/\/dogtagclan.com.br\/blog\/wp-content\/uploads\/2023\/02\/cropped-doftagclan-logo.png\",\"width\":250,\"height\":140,\"caption\":\"DogTagClan | Dog Tags, Crach\\u00e1s e Acess\\u00f3rios Personalizados\"},\"image\":{\"@id\":\"https:\/\/dogtagclan.com.br\/blog\/#logo\"}},{\"@type\":\"WebSite\",\"@id\":\"https:\/\/dogtagclan.com.br\/blog\/#website\",\"url\":\"https:\/\/dogtagclan.com.br\/blog\/\",\"name\":\"DogTagClan Blog\",\"description\":\"A gente faz, do seu Jeito\",\"publisher\":{\"@id\":\"https:\/\/dogtagclan.com.br\/blog\/#organization\"},\"potentialAction\":[{\"@type\":\"SearchAction\",\"target\":\"https:\/\/dogtagclan.com.br\/blog\/?s={search_term_string}\",\"query-input\":\"required name=search_term_string\"}],\"inLanguage\":\"pt-BR\"},{\"@type\":\"ImageObject\",\"@id\":\"https:\/\/dogtagclan.com.br\/blog\/como-o-cordao-de-girassol-facilita-a-inclusao-e-identificacao-de-pessoas-com-deficiencias-invisiveis\/#primaryimage\",\"inLanguage\":\"pt-BR\",\"url\":\"https:\/\/dogtagclan.com.br\/blog\/wp-content\/uploads\/2025\/03\/ALZHAIMER1.jpg\",\"width\":1200,\"height\":1200,\"caption\":\"\\\"Cord\\u00e3o de Girassol ideal para identifica\\u00e7\\u00e3o de pessoas com Alzheimer e defici\\u00eancias invis\\u00edveis. Dispon\\u00edvel na DogTagClan.\\\"\"},{\"@type\":\"WebPage\",\"@id\":\"https:\/\/dogtagclan.com.br\/blog\/como-o-cordao-de-girassol-facilita-a-inclusao-e-identificacao-de-pessoas-com-deficiencias-invisiveis\/#webpage\",\"url\":\"https:\/\/dogtagclan.com.br\/blog\/como-o-cordao-de-girassol-facilita-a-inclusao-e-identificacao-de-pessoas-com-deficiencias-invisiveis\/\",\"name\":\"Como o Cord\\u00e3o de Girassol Facilita a Inclus\\u00e3o e Identifica\\u00e7\\u00e3o de Pessoas com Defici\\u00eancias Invis\\u00edveis | DogTagClan Blog\",\"isPartOf\":{\"@id\":\"https:\/\/dogtagclan.com.br\/blog\/#website\"},\"primaryImageOfPage\":{\"@id\":\"https:\/\/dogtagclan.com.br\/blog\/como-o-cordao-de-girassol-facilita-a-inclusao-e-identificacao-de-pessoas-com-deficiencias-invisiveis\/#primaryimage\"},\"datePublished\":\"2025-03-21T01:05:12+00:00\",\"dateModified\":\"2025-03-21T01:05:13+00:00\",\"description\":\"O Cord\\u00e3o de Girassol \\u00e9 mais do que um simples acess\\u00f3rio: ele \\u00e9 um s\\u00edmbolo global de identifica\\u00e7\\u00e3o para pessoas com defici\\u00eancias invis\\u00edveis\",\"inLanguage\":\"pt-BR\",\"potentialAction\":[{\"@type\":\"ReadAction\",\"target\":[\"https:\/\/dogtagclan.com.br\/blog\/como-o-cordao-de-girassol-facilita-a-inclusao-e-identificacao-de-pessoas-com-deficiencias-invisiveis\/\"]}]},{\"@type\":\"Article\",\"@id\":\"https:\/\/dogtagclan.com.br\/blog\/como-o-cordao-de-girassol-facilita-a-inclusao-e-identificacao-de-pessoas-com-deficiencias-invisiveis\/#article\",\"isPartOf\":{\"@id\":\"https:\/\/dogtagclan.com.br\/blog\/como-o-cordao-de-girassol-facilita-a-inclusao-e-identificacao-de-pessoas-com-deficiencias-invisiveis\/#webpage\"},\"author\":{\"@id\":\"https:\/\/dogtagclan.com.br\/blog\/#\/schema\/person\/b7279d930f15e2a85c89cd3b2f1d8df5\"},\"headline\":\"Como o Cord\\u00e3o de Girassol Facilita a Inclus\\u00e3o e Identifica\\u00e7\\u00e3o de Pessoas com Defici\\u00eancias Invis\\u00edveis\",\"datePublished\":\"2025-03-21T01:05:12+00:00\",\"dateModified\":\"2025-03-21T01:05:13+00:00\",\"mainEntityOfPage\":{\"@id\":\"https:\/\/dogtagclan.com.br\/blog\/como-o-cordao-de-girassol-facilita-a-inclusao-e-identificacao-de-pessoas-com-deficiencias-invisiveis\/#webpage\"},\"commentCount\":0,\"publisher\":{\"@id\":\"https:\/\/dogtagclan.com.br\/blog\/#organization\"},\"image\":{\"@id\":\"https:\/\/dogtagclan.com.br\/blog\/como-o-cordao-de-girassol-facilita-a-inclusao-e-identificacao-de-pessoas-com-deficiencias-invisiveis\/#primaryimage\"},\"articleSection\":\"Crachas e broches personalizados\",\"inLanguage\":\"pt-BR\",\"potentialAction\":[{\"@type\":\"CommentAction\",\"name\":\"Comment\",\"target\":[\"https:\/\/dogtagclan.com.br\/blog\/como-o-cordao-de-girassol-facilita-a-inclusao-e-identificacao-de-pessoas-com-deficiencias-invisiveis\/#respond\"]}]},{\"@type\":\"Person\",\"@id\":\"https:\/\/dogtagclan.com.br\/blog\/#\/schema\/person\/b7279d930f15e2a85c89cd3b2f1d8df5\",\"name\":\"dogtagclan\",\"description\":\"\\\"A DogTagClan \\u00e9 especializada na fabrica\\u00e7\\u00e3o e personaliza\\u00e7\\u00e3o de Dog Tags, crach\\u00e1s e acess\\u00f3rios. Produzimos pe\\u00e7as em a\\u00e7o inoxid\\u00e1vel com grava\\u00e7\\u00f5es de alta precis\\u00e3o para identifica\\u00e7\\u00e3o pessoal e profissional.\\\"\",\"sameAs\":[\"https:\/\/blog.dogtagclan.com.br\",\"https:\/\/www.facebook.com\/dogtagclan\",\"https:\/\/www.instagram.com\/dogtagclan\",\"https:\/\/twitter.com\/https:\/\/x.com\/Dogtagclanclan\",\"https:\/\/www.youtube.com\/dogtagclan\"]}]}<\/script>\n<!-- \/ Yoast SEO Premium plugin. -->","_links":{"self":[{"href":"https:\/\/dogtagclan.com.br\/blog\/wp-json\/wp\/v2\/posts\/3021"}],"collection":[{"href":"https:\/\/dogtagclan.com.br\/blog\/wp-json\/wp\/v2\/posts"}],"about":[{"href":"https:\/\/dogtagclan.com.br\/blog\/wp-json\/wp\/v2\/types\/post"}],"author":[{"embeddable":true,"href":"https:\/\/dogtagclan.com.br\/blog\/wp-json\/wp\/v2\/users\/1"}],"replies":[{"embeddable":true,"href":"https:\/\/dogtagclan.com.br\/blog\/wp-json\/wp\/v2\/comments?post=3021"}],"version-history":[{"count":0,"href":"https:\/\/dogtagclan.com.br\/blog\/wp-json\/wp\/v2\/posts\/3021\/revisions"}],"wp:featuredmedia":[{"embeddable":true,"href":"https:\/\/dogtagclan.com.br\/blog\/wp-json\/wp\/v2\/media\/3017"}],"wp:attachment":[{"href":"https:\/\/dogtagclan.com.br\/blog\/wp-json\/wp\/v2\/media?parent=3021"}],"wp:term":[{"taxonomy":"category","embeddable":true,"href":"https:\/\/dogtagclan.com.br\/blog\/wp-json\/wp\/v2\/categories?post=3021"},{"taxonomy":"post_tag","embeddable":true,"href":"https:\/\/dogtagclan.com.br\/blog\/wp-json\/wp\/v2\/tags?post=3021"}],"curies":[{"name":"wp","href":"https:\/\/api.w.org\/{rel}","templated":true}]}}