{"id":3016,"date":"2025-03-20T21:55:49","date_gmt":"2025-03-21T00:55:49","guid":{"rendered":"https:\/\/dogtagclan.com.br\/blog\/?p=3016"},"modified":"2025-03-20T21:55:50","modified_gmt":"2025-03-21T00:55:50","slug":"cordao-de-girassol-identificacao-e-acessibilidade-para-pessoas-com-deficiencias-invisiveis","status":"publish","type":"post","link":"https:\/\/dogtagclan.com.br\/blog\/cordao-de-girassol-identificacao-e-acessibilidade-para-pessoas-com-deficiencias-invisiveis\/","title":{"rendered":"Cord\u00e3o de Girassol: Identifica\u00e7\u00e3o e Acessibilidade para Pessoas com Defici\u00eancias Invis\u00edveis"},"content":{"rendered":"\n<p>O <strong>Cord\u00e3o de Girassol<\/strong> \u00e9 um s\u00edmbolo internacionalmente reconhecido para a identifica\u00e7\u00e3o de pessoas com <strong>defici\u00eancias invis\u00edveis<\/strong>. Ele foi criado para indicar que o portador pode precisar de suporte adicional em locais p\u00fablicos, garantindo mais acessibilidade e respeito no dia a dia. Al\u00e9m disso, quando combinado com um <strong>crach\u00e1 de identifica\u00e7\u00e3o m\u00e9dica<\/strong>, como o <strong>Crach\u00e1 para Cardiopatia Cong\u00eanita<\/strong>, ele se torna uma ferramenta essencial para garantir atendimento adequado em emerg\u00eancias.<\/p>\n\n\n\n<figure class=\"wp-block-image size-large\"><img decoding=\"async\" width=\"1024\" height=\"1024\" src=\"https:\/\/dogtagclan.com.br\/blog\/wp-content\/uploads\/2025\/03\/ALZHAIMER1-1024x1024.jpg\" alt=\"\" class=\"wp-image-3017\" srcset=\"https:\/\/dogtagclan.com.br\/blog\/wp-content\/uploads\/2025\/03\/ALZHAIMER1-1024x1024.jpg 1024w, https:\/\/dogtagclan.com.br\/blog\/wp-content\/uploads\/2025\/03\/ALZHAIMER1-300x300.jpg 300w, https:\/\/dogtagclan.com.br\/blog\/wp-content\/uploads\/2025\/03\/ALZHAIMER1-150x150.jpg 150w, https:\/\/dogtagclan.com.br\/blog\/wp-content\/uploads\/2025\/03\/ALZHAIMER1-768x768.jpg 768w, https:\/\/dogtagclan.com.br\/blog\/wp-content\/uploads\/2025\/03\/ALZHAIMER1.jpg 1200w\" sizes=\"(max-width: 1024px) 100vw, 1024px\" \/><\/figure>\n\n\n\n<p>Se ainda n\u00e3o conferiu nosso artigo principal, leia agora: <a href=\"https:\/\/dogtagclan.com.br\/blog\/cracha-para-cardiopatia-congenita-seguranca-identificacao-e-o-papel-do-cordao-de-girassol\/\"><strong>Crach\u00e1 para Cardiopatia Cong\u00eanita: Seguran\u00e7a, Identifica\u00e7\u00e3o e o Papel do Cord\u00e3o de Girassol<\/strong><\/a>.<\/p>\n\n\n\n<hr class=\"wp-block-separator has-alpha-channel-opacity\"\/>\n\n\n\n<h2 class=\"wp-block-heading\" id=\"h-1-o-que-o-cord-o-de-girassol-e-como-ele-surgiu\"><strong>1. O Que \u00e9 o Cord\u00e3o de Girassol e Como Ele Surgiu?<\/strong><\/h2>\n\n\n\n<p>O <strong>Cord\u00e3o de Girassol<\/strong> foi desenvolvido no Reino Unido como um s\u00edmbolo discreto, mas reconhecido por diversos setores da sociedade, incluindo aeroportos, transporte p\u00fablico, supermercados e hospitais. Ele indica que a pessoa pode precisar de:<\/p>\n\n\n\n<p>\u2714\ufe0f <strong>Atendimento priorit\u00e1rio<\/strong> em filas e espa\u00e7os p\u00fablicos.<br>\u2714\ufe0f <strong>Suporte diferenciado<\/strong> em servi\u00e7os de transporte.<br>\u2714\ufe0f <strong>Mais paci\u00eancia e compreens\u00e3o<\/strong> em intera\u00e7\u00f5es sociais.<\/p>\n\n\n\n<p>O cord\u00e3o \u00e9 uma ferramenta de inclus\u00e3o, garantindo que indiv\u00edduos com condi\u00e7\u00f5es n\u00e3o aparentes possam ter um dia a dia mais tranquilo e seguro.<\/p>\n\n\n\n<hr class=\"wp-block-separator has-alpha-channel-opacity\"\/>\n\n\n\n<h2 class=\"wp-block-heading\" id=\"h-2-quem-pode-usar-o-cord-o-de-girassol\"><strong>2. Quem Pode Usar o Cord\u00e3o de Girassol?<\/strong><\/h2>\n\n\n\n<p>O Cord\u00e3o de Girassol pode ser usado por <strong>qualquer pessoa que tenha uma condi\u00e7\u00e3o que exija suporte adicional<\/strong>, como:<\/p>\n\n\n\n<p>\ud83d\udd39 <strong>Pessoas com Cardiopatia Cong\u00eanita<\/strong> \u2013 Facilita a comunica\u00e7\u00e3o sobre a necessidade de assist\u00eancia m\u00e9dica r\u00e1pida.<br>\ud83d\udd39 <strong>Pessoas com Epilepsia<\/strong> \u2013 Permite que outras pessoas estejam atentas a poss\u00edveis crises e saibam como agir.<br>\ud83d\udd39 <strong>Indiv\u00edduos com TDAH ou TOD<\/strong> \u2013 Ajuda a indicar que a pessoa pode precisar de suporte especial em ambientes escolares e sociais.<br>\ud83d\udd39 <strong>Pessoas com Autismo<\/strong> \u2013 Evita constrangimentos e permite que atendentes e funcion\u00e1rios adaptem sua abordagem.<br>\ud83d\udd39 <strong>Portadores de Alzheimer<\/strong> \u2013 Indica que a pessoa pode se desorientar e precisa de aten\u00e7\u00e3o especial.<br>\ud83d\udd39 <strong>Outras Defici\u00eancias Invis\u00edveis<\/strong> \u2013 Como doen\u00e7as autoimunes, fibromialgia e transtornos neurol\u00f3gicos.<\/p>\n\n\n\n<p>\ud83d\udd39 <strong>Importante:<\/strong> O uso do cord\u00e3o <strong>n\u00e3o \u00e9 obrigat\u00f3rio<\/strong>, mas pode <strong>facilitar a vida de muitas pessoas<\/strong>, tornando intera\u00e7\u00f5es sociais mais compreens\u00edveis e acess\u00edveis.<\/p>\n\n\n\n<hr class=\"wp-block-separator has-alpha-channel-opacity\"\/>\n\n\n\n<h2 class=\"wp-block-heading\" id=\"h-3-como-o-cord-o-de-girassol-funciona-junto-com-um-crach-de-identifica-o\"><strong>3. Como o Cord\u00e3o de Girassol Funciona Junto com um Crach\u00e1 de Identifica\u00e7\u00e3o?<\/strong><\/h2>\n\n\n\n<p>Para uma identifica\u00e7\u00e3o ainda mais eficaz, muitas pessoas optam por <strong>combinar o Cord\u00e3o de Girassol com um Crach\u00e1 de Identifica\u00e7\u00e3o M\u00e9dica<\/strong>. Esse crach\u00e1 pode conter:<\/p>\n\n\n\n<p>\ud83d\udccc <strong>Nome e contato de emerg\u00eancia<\/strong>.<br>\ud83d\udccc <strong>Diagn\u00f3stico ou condi\u00e7\u00e3o m\u00e9dica<\/strong>.<br>\ud83d\udccc <strong>QR Code com acesso a laudos m\u00e9dicos<\/strong>.<br>\ud83d\udccc <strong>Instru\u00e7\u00f5es para socorristas em caso de emerg\u00eancia<\/strong>.<\/p>\n\n\n\n<p>\ud83d\udd39 <strong>Por que combinar os dois?<\/strong> \u2714\ufe0f O <strong>cord\u00e3o chama a aten\u00e7\u00e3o<\/strong> e indica que a pessoa pode precisar de suporte.<br>\u2714\ufe0f O <strong>crach\u00e1 fornece informa\u00e7\u00f5es detalhadas<\/strong>, permitindo uma a\u00e7\u00e3o r\u00e1pida e precisa.<br>\u2714\ufe0f O <strong>QR Code pode armazenar dados m\u00e9dicos importantes<\/strong>, garantindo que apenas profissionais autorizados tenham acesso.<\/p>\n\n\n\n<p>\ud83d\udccc <strong>Confira o Cord\u00e3o de Girassol aqui:<\/strong> <a href=\"https:\/\/dogtagclan.com.br\/departamento\/adicionais\/crachas-de-identificacao\/cordao-de-girassol-identificacao-para-deficiencias-ocultas\">Cord\u00e3o de Girassol &#8211; Identifica\u00e7\u00e3o para Defici\u00eancias Ocultas<\/a><\/p>\n\n\n\n<hr class=\"wp-block-separator has-alpha-channel-opacity\"\/>\n\n\n\n<h2 class=\"wp-block-heading\" id=\"h-4-onde-o-cord-o-de-girassol-j-reconhecido\"><strong>4. Onde o Cord\u00e3o de Girassol J\u00e1 \u00e9 Reconhecido?<\/strong><\/h2>\n\n\n\n<p>Atualmente, o <strong>Cord\u00e3o de Girassol<\/strong> j\u00e1 \u00e9 aceito e reconhecido em diversos locais, como:<\/p>\n\n\n\n<p>\u2705 <strong>Aeroportos e Companhias A\u00e9reas<\/strong> \u2013 Proporciona suporte adicional para passageiros com necessidades especiais.<br>\u2705 <strong>Supermercados e Shopping Centers<\/strong> \u2013 Muitos estabelecimentos treinam funcion\u00e1rios para oferecer atendimento diferenciado a quem usa o cord\u00e3o.<br>\u2705 <strong>Hospitais e Cl\u00ednicas<\/strong> \u2013 Ajuda no atendimento priorit\u00e1rio de pacientes com defici\u00eancias invis\u00edveis.<br>\u2705 <strong>Transporte P\u00fablico<\/strong> \u2013 Algumas cidades j\u00e1 implementaram pol\u00edticas para passageiros que utilizam o cord\u00e3o.<\/p>\n\n\n\n<p>\ud83d\udccc <strong>Para garantir que sua necessidade seja compreendida, sempre carregue seu cord\u00e3o com um crach\u00e1 de identifica\u00e7\u00e3o personalizado.<\/strong><\/p>\n\n\n\n<hr class=\"wp-block-separator has-alpha-channel-opacity\"\/>\n\n\n\n<h2 class=\"wp-block-heading\" id=\"h-5-perguntas-frequentes-faq\"><strong>5. Perguntas Frequentes (FAQ)<\/strong><\/h2>\n\n\n\n<h3 class=\"wp-block-heading\" id=\"h-1-qualquer-pessoa-pode-comprar-um-cord-o-de-girassol\"><strong>1. Qualquer pessoa pode comprar um Cord\u00e3o de Girassol?<\/strong><\/h3>\n\n\n\n<p>Sim! Ele est\u00e1 dispon\u00edvel para qualquer pessoa que sinta que pode se beneficiar da identifica\u00e7\u00e3o.<\/p>\n\n\n\n<h3 class=\"wp-block-heading\" id=\"h-2-o-cord-o-de-girassol-me-d-direito-autom-tico-a-atendimento-priorit-rio\"><strong>2. O Cord\u00e3o de Girassol me d\u00e1 direito autom\u00e1tico a atendimento priorit\u00e1rio?<\/strong><\/h3>\n\n\n\n<p>N\u00e3o. O cord\u00e3o <strong>n\u00e3o substitui leis de atendimento priorit\u00e1rio<\/strong>, mas pode ajudar a demonstrar sua necessidade em determinados espa\u00e7os.<\/p>\n\n\n\n<h3 class=\"wp-block-heading\" id=\"h-3-posso-personalizar-meu-crach-de-identifica-o-m-dica\"><strong>3. Posso personalizar meu Crach\u00e1 de Identifica\u00e7\u00e3o M\u00e9dica?<\/strong><\/h3>\n\n\n\n<p>Sim! Na <strong>DogTagClan<\/strong>, oferecemos <strong>crach\u00e1s personalizados com QR Code<\/strong>, permitindo armazenar informa\u00e7\u00f5es m\u00e9dicas importantes.<\/p>\n\n\n\n<h3 class=\"wp-block-heading\" id=\"h-4-o-cord-o-de-girassol-est-dispon-vel-para-entrega-em-todo-o-brasil\"><strong>4. O Cord\u00e3o de Girassol est\u00e1 dispon\u00edvel para entrega em todo o Brasil?<\/strong><\/h3>\n\n\n\n<p>Sim! Fazemos envios para todo o pa\u00eds.<\/p>\n\n\n\n<p>\ud83d\udccc <strong>Confira todas as op\u00e7\u00f5es aqui:<\/strong> <a href=\"https:\/\/dogtagclan.com.br\/departamento\/adicionais\/crachas-de-identificacao\">Crach\u00e1s de Identifica\u00e7\u00e3o M\u00e9dica<\/a><\/p>\n\n\n\n<p>\ud83d\udcde <strong>Atendimento via WhatsApp:<\/strong> (41) 7400-1990<\/p>\n\n\n\n<hr class=\"wp-block-separator has-alpha-channel-opacity\"\/>\n\n\n\n<h2 class=\"wp-block-heading\" id=\"h-6-onde-comprar-o-cord-o-de-girassol-e-crach-s-de-identifica-o\"><strong>6. Onde Comprar o Cord\u00e3o de Girassol e Crach\u00e1s de Identifica\u00e7\u00e3o?<\/strong><\/h2>\n\n\n\n<p>A <strong>DogTagClan<\/strong> \u00e9 refer\u00eancia na produ\u00e7\u00e3o de <strong>crach\u00e1s m\u00e9dicos personalizados<\/strong> e acess\u00f3rios como o <strong>Cord\u00e3o de Girassol<\/strong>, garantindo <strong>seguran\u00e7a, durabilidade e acessibilidade<\/strong>.<\/p>\n\n\n\n<p>\ud83d\udccc <strong>Garanta mais seguran\u00e7a e identifica\u00e7\u00e3o agora mesmo!<\/strong> <a href=\"https:\/\/dogtagclan.com.br\/departamento\/adicionais\/crachas-de-identificacao\/cordao-de-girassol-identificacao-para-deficiencias-ocultas\">Clique aqui e confira as op\u00e7\u00f5es dispon\u00edveis!<\/a><\/p>\n","protected":false},"excerpt":{"rendered":"<p>O Cord\u00e3o de Girassol \u00e9 um s\u00edmbolo internacionalmente reconhecido para a identifica\u00e7\u00e3o de pessoas com defici\u00eancias invis\u00edveis. Ele foi criado<\/p>\n","protected":false},"author":1,"featured_media":3017,"comment_status":"open","ping_status":"open","sticky":false,"template":"","format":"standard","meta":{"footnotes":""},"categories":[554],"tags":[],"yoast_head":"<!-- This site is optimized with the Yoast SEO Premium plugin v15.5 - https:\/\/yoast.com\/wordpress\/plugins\/seo\/ -->\n<title>Cord\u00e3o de Girassol: Identifica\u00e7\u00e3o e Acessibilidade para Pessoas com Defici\u00eancias Invis\u00edveis | DogTagClan Blog<\/title>\n<meta name=\"description\" content=\"O Cord\u00e3o de Girassol \u00e9 um s\u00edmbolo internacionalmente reconhecido para a identifica\u00e7\u00e3o de pessoas com defici\u00eancias invis\u00edveis\" \/>\n<meta name=\"robots\" content=\"index, follow, max-snippet:-1, max-image-preview:large, max-video-preview:-1\" \/>\n<link rel=\"canonical\" href=\"https:\/\/dogtagclan.com.br\/blog\/cordao-de-girassol-identificacao-e-acessibilidade-para-pessoas-com-deficiencias-invisiveis\/\" \/>\n<meta property=\"og:locale\" content=\"pt_BR\" \/>\n<meta property=\"og:type\" content=\"article\" \/>\n<meta property=\"og:title\" content=\"Cord\u00e3o de Girassol: Identifica\u00e7\u00e3o e Acessibilidade para Pessoas com Defici\u00eancias Invis\u00edveis | DogTagClan Blog\" \/>\n<meta property=\"og:description\" content=\"O Cord\u00e3o de Girassol \u00e9 um s\u00edmbolo internacionalmente reconhecido para a identifica\u00e7\u00e3o de pessoas com defici\u00eancias invis\u00edveis\" \/>\n<meta property=\"og:url\" content=\"https:\/\/dogtagclan.com.br\/blog\/cordao-de-girassol-identificacao-e-acessibilidade-para-pessoas-com-deficiencias-invisiveis\/\" \/>\n<meta property=\"og:site_name\" content=\"DogTagClan Blog\" \/>\n<meta property=\"article:publisher\" content=\"https:\/\/www.facebook.com\/dogtagclan\" \/>\n<meta property=\"article:author\" content=\"https:\/\/www.facebook.com\/dogtagclan\" \/>\n<meta property=\"article:published_time\" content=\"2025-03-21T00:55:49+00:00\" \/>\n<meta property=\"article:modified_time\" content=\"2025-03-21T00:55:50+00:00\" \/>\n<meta property=\"og:image\" content=\"https:\/\/dogtagclan.com.br\/blog\/wp-content\/uploads\/2025\/03\/ALZHAIMER1.jpg\" \/>\n\t<meta property=\"og:image:width\" content=\"1200\" \/>\n\t<meta property=\"og:image:height\" content=\"1200\" \/>\n<meta name=\"twitter:card\" content=\"summary_large_image\" \/>\n<meta name=\"twitter:creator\" content=\"@https:\/\/x.com\/Dogtagclanclan\" \/>\n<meta name=\"twitter:label1\" content=\"Est. tempo de leitura\">\n\t<meta name=\"twitter:data1\" content=\"3 minutos\">\n<script type=\"application\/ld+json\" class=\"yoast-schema-graph\">{\"@context\":\"https:\/\/schema.org\",\"@graph\":[{\"@type\":\"Organization\",\"@id\":\"https:\/\/dogtagclan.com.br\/blog\/#organization\",\"name\":\"DogTagClan | Dog Tags, Crach\\u00e1s e Acess\\u00f3rios Personalizados\",\"url\":\"https:\/\/dogtagclan.com.br\/blog\/\",\"sameAs\":[\"https:\/\/www.facebook.com\/dogtagclan\"],\"logo\":{\"@type\":\"ImageObject\",\"@id\":\"https:\/\/dogtagclan.com.br\/blog\/#logo\",\"inLanguage\":\"pt-BR\",\"url\":\"https:\/\/dogtagclan.com.br\/blog\/wp-content\/uploads\/2023\/02\/cropped-doftagclan-logo.png\",\"width\":250,\"height\":140,\"caption\":\"DogTagClan | Dog Tags, Crach\\u00e1s e Acess\\u00f3rios Personalizados\"},\"image\":{\"@id\":\"https:\/\/dogtagclan.com.br\/blog\/#logo\"}},{\"@type\":\"WebSite\",\"@id\":\"https:\/\/dogtagclan.com.br\/blog\/#website\",\"url\":\"https:\/\/dogtagclan.com.br\/blog\/\",\"name\":\"DogTagClan Blog\",\"description\":\"A gente faz, do seu Jeito\",\"publisher\":{\"@id\":\"https:\/\/dogtagclan.com.br\/blog\/#organization\"},\"potentialAction\":[{\"@type\":\"SearchAction\",\"target\":\"https:\/\/dogtagclan.com.br\/blog\/?s={search_term_string}\",\"query-input\":\"required name=search_term_string\"}],\"inLanguage\":\"pt-BR\"},{\"@type\":\"ImageObject\",\"@id\":\"https:\/\/dogtagclan.com.br\/blog\/cordao-de-girassol-identificacao-e-acessibilidade-para-pessoas-com-deficiencias-invisiveis\/#primaryimage\",\"inLanguage\":\"pt-BR\",\"url\":\"https:\/\/dogtagclan.com.br\/blog\/wp-content\/uploads\/2025\/03\/ALZHAIMER1.jpg\",\"width\":1200,\"height\":1200,\"caption\":\"\\\"Cord\\u00e3o de Girassol ideal para identifica\\u00e7\\u00e3o de pessoas com Alzheimer e defici\\u00eancias invis\\u00edveis. Dispon\\u00edvel na DogTagClan.\\\"\"},{\"@type\":\"WebPage\",\"@id\":\"https:\/\/dogtagclan.com.br\/blog\/cordao-de-girassol-identificacao-e-acessibilidade-para-pessoas-com-deficiencias-invisiveis\/#webpage\",\"url\":\"https:\/\/dogtagclan.com.br\/blog\/cordao-de-girassol-identificacao-e-acessibilidade-para-pessoas-com-deficiencias-invisiveis\/\",\"name\":\"Cord\\u00e3o de Girassol: Identifica\\u00e7\\u00e3o e Acessibilidade para Pessoas com Defici\\u00eancias Invis\\u00edveis | DogTagClan Blog\",\"isPartOf\":{\"@id\":\"https:\/\/dogtagclan.com.br\/blog\/#website\"},\"primaryImageOfPage\":{\"@id\":\"https:\/\/dogtagclan.com.br\/blog\/cordao-de-girassol-identificacao-e-acessibilidade-para-pessoas-com-deficiencias-invisiveis\/#primaryimage\"},\"datePublished\":\"2025-03-21T00:55:49+00:00\",\"dateModified\":\"2025-03-21T00:55:50+00:00\",\"description\":\"O Cord\\u00e3o de Girassol \\u00e9 um s\\u00edmbolo internacionalmente reconhecido para a identifica\\u00e7\\u00e3o de pessoas com defici\\u00eancias invis\\u00edveis\",\"inLanguage\":\"pt-BR\",\"potentialAction\":[{\"@type\":\"ReadAction\",\"target\":[\"https:\/\/dogtagclan.com.br\/blog\/cordao-de-girassol-identificacao-e-acessibilidade-para-pessoas-com-deficiencias-invisiveis\/\"]}]},{\"@type\":\"Article\",\"@id\":\"https:\/\/dogtagclan.com.br\/blog\/cordao-de-girassol-identificacao-e-acessibilidade-para-pessoas-com-deficiencias-invisiveis\/#article\",\"isPartOf\":{\"@id\":\"https:\/\/dogtagclan.com.br\/blog\/cordao-de-girassol-identificacao-e-acessibilidade-para-pessoas-com-deficiencias-invisiveis\/#webpage\"},\"author\":{\"@id\":\"https:\/\/dogtagclan.com.br\/blog\/#\/schema\/person\/b7279d930f15e2a85c89cd3b2f1d8df5\"},\"headline\":\"Cord\\u00e3o de Girassol: Identifica\\u00e7\\u00e3o e Acessibilidade para Pessoas com Defici\\u00eancias Invis\\u00edveis\",\"datePublished\":\"2025-03-21T00:55:49+00:00\",\"dateModified\":\"2025-03-21T00:55:50+00:00\",\"mainEntityOfPage\":{\"@id\":\"https:\/\/dogtagclan.com.br\/blog\/cordao-de-girassol-identificacao-e-acessibilidade-para-pessoas-com-deficiencias-invisiveis\/#webpage\"},\"commentCount\":0,\"publisher\":{\"@id\":\"https:\/\/dogtagclan.com.br\/blog\/#organization\"},\"image\":{\"@id\":\"https:\/\/dogtagclan.com.br\/blog\/cordao-de-girassol-identificacao-e-acessibilidade-para-pessoas-com-deficiencias-invisiveis\/#primaryimage\"},\"articleSection\":\"Crachas e broches personalizados\",\"inLanguage\":\"pt-BR\",\"potentialAction\":[{\"@type\":\"CommentAction\",\"name\":\"Comment\",\"target\":[\"https:\/\/dogtagclan.com.br\/blog\/cordao-de-girassol-identificacao-e-acessibilidade-para-pessoas-com-deficiencias-invisiveis\/#respond\"]}]},{\"@type\":\"Person\",\"@id\":\"https:\/\/dogtagclan.com.br\/blog\/#\/schema\/person\/b7279d930f15e2a85c89cd3b2f1d8df5\",\"name\":\"dogtagclan\",\"description\":\"\\\"A DogTagClan \\u00e9 especializada na fabrica\\u00e7\\u00e3o e personaliza\\u00e7\\u00e3o de Dog Tags, crach\\u00e1s e acess\\u00f3rios. Produzimos pe\\u00e7as em a\\u00e7o inoxid\\u00e1vel com grava\\u00e7\\u00f5es de alta precis\\u00e3o para identifica\\u00e7\\u00e3o pessoal e profissional.\\\"\",\"sameAs\":[\"https:\/\/blog.dogtagclan.com.br\",\"https:\/\/www.facebook.com\/dogtagclan\",\"https:\/\/www.instagram.com\/dogtagclan\",\"https:\/\/twitter.com\/https:\/\/x.com\/Dogtagclanclan\",\"https:\/\/www.youtube.com\/dogtagclan\"]}]}<\/script>\n<!-- \/ Yoast SEO Premium plugin. -->","_links":{"self":[{"href":"https:\/\/dogtagclan.com.br\/blog\/wp-json\/wp\/v2\/posts\/3016"}],"collection":[{"href":"https:\/\/dogtagclan.com.br\/blog\/wp-json\/wp\/v2\/posts"}],"about":[{"href":"https:\/\/dogtagclan.com.br\/blog\/wp-json\/wp\/v2\/types\/post"}],"author":[{"embeddable":true,"href":"https:\/\/dogtagclan.com.br\/blog\/wp-json\/wp\/v2\/users\/1"}],"replies":[{"embeddable":true,"href":"https:\/\/dogtagclan.com.br\/blog\/wp-json\/wp\/v2\/comments?post=3016"}],"version-history":[{"count":0,"href":"https:\/\/dogtagclan.com.br\/blog\/wp-json\/wp\/v2\/posts\/3016\/revisions"}],"wp:featuredmedia":[{"embeddable":true,"href":"https:\/\/dogtagclan.com.br\/blog\/wp-json\/wp\/v2\/media\/3017"}],"wp:attachment":[{"href":"https:\/\/dogtagclan.com.br\/blog\/wp-json\/wp\/v2\/media?parent=3016"}],"wp:term":[{"taxonomy":"category","embeddable":true,"href":"https:\/\/dogtagclan.com.br\/blog\/wp-json\/wp\/v2\/categories?post=3016"},{"taxonomy":"post_tag","embeddable":true,"href":"https:\/\/dogtagclan.com.br\/blog\/wp-json\/wp\/v2\/tags?post=3016"}],"curies":[{"name":"wp","href":"https:\/\/api.w.org\/{rel}","templated":true}]}}