{"id":2956,"date":"2025-03-17T20:25:28","date_gmt":"2025-03-17T23:25:28","guid":{"rendered":"https:\/\/dogtagclan.com.br\/blog\/?p=2956"},"modified":"2025-03-17T20:25:29","modified_gmt":"2025-03-17T23:25:29","slug":"%f0%9f%93%a2-cracha-de-identificacao-para-alzheimer-seguranca-e-tranquilidade-para-seu-familiar-%f0%9f%92%9c","status":"publish","type":"post","link":"https:\/\/dogtagclan.com.br\/blog\/%f0%9f%93%a2-cracha-de-identificacao-para-alzheimer-seguranca-e-tranquilidade-para-seu-familiar-%f0%9f%92%9c\/","title":{"rendered":"\ud83d\udce2 Crach\u00e1 de Identifica\u00e7\u00e3o para Alzheimer: Seguran\u00e7a e Tranquilidade para Seu Familiar \ud83d\udc9c"},"content":{"rendered":"\n<p>\ud83d\udd0d Voc\u00ea j\u00e1 pensou no quanto um <strong>crach\u00e1 de identifica\u00e7\u00e3o<\/strong> pode ser essencial para a seguran\u00e7a de um <strong>idoso com Alzheimer<\/strong>? Imagine seu ente querido saindo de casa e, em caso de desorienta\u00e7\u00e3o, contar com um <strong>crach\u00e1 personalizado<\/strong> com <strong>nome, contato de emerg\u00eancia e QR Code<\/strong> para informa\u00e7\u00f5es adicionais.<\/p>\n\n\n\n<figure class=\"wp-block-image size-full\"><a href=\"https:\/\/dogtagclan.com.br\/departamento\/adicionais\/crachas-de-identificacao\"><img decoding=\"async\" width=\"500\" height=\"500\" src=\"https:\/\/dogtagclan.com.br\/blog\/wp-content\/uploads\/2025\/03\/ALZAMIER.jpg\" alt=\"\" class=\"wp-image-2933\" srcset=\"https:\/\/dogtagclan.com.br\/blog\/wp-content\/uploads\/2025\/03\/ALZAMIER.jpg 500w, https:\/\/dogtagclan.com.br\/blog\/wp-content\/uploads\/2025\/03\/ALZAMIER-300x300.jpg 300w, https:\/\/dogtagclan.com.br\/blog\/wp-content\/uploads\/2025\/03\/ALZAMIER-150x150.jpg 150w\" sizes=\"(max-width: 500px) 100vw, 500px\" \/><\/a><\/figure>\n\n\n\n<p>\ud83d\udca1 <strong>Por que um Crach\u00e1 de Identifica\u00e7\u00e3o para Alzheimer?<\/strong><br>\u2705 Facilita a <strong>identifica\u00e7\u00e3o r\u00e1pida<\/strong> em caso de desorienta\u00e7\u00e3o<br>\u2705 Inclui <strong>nome, telefone de emerg\u00eancia e QR Code<\/strong> com laudo m\u00e9dico<br>\u2705 Garante <strong>acesso preferencial<\/strong> e respeito aos direitos do idoso<br>\u2705 <strong>Cord\u00e3o confort\u00e1vel e seguro<\/strong>, com trava anti-sufocamento<br>\u2705 Material <strong>r\u00edgido e dur\u00e1vel<\/strong>, resistente ao uso di\u00e1rio<\/p>\n\n\n\n<p>\ud83d\udd17 <strong>Como Personalizar o Crach\u00e1?<\/strong><br>1\ufe0f\u20e3 Escolha seu modelo e insira os dados do idoso<br>2\ufe0f\u20e3 Envie o <strong>QR Code<\/strong> com laudo m\u00e9dico para facilitar o atendimento<br>3\ufe0f\u20e3 Receba em casa um crach\u00e1 seguro, pronto para uso!<\/p>\n\n\n\n<p>\ud83d\udce6 <strong>Entrega para todo o Brasil<\/strong> \ud83d\ude80<\/p>\n\n\n\n<p>\ud83d\udc9c Garanta a seguran\u00e7a de quem voc\u00ea ama!<br>\ud83d\uded2 <strong>Pe\u00e7a o seu agora mesmo!<\/strong> \ud83d\udc49 <a href=\"https:\/\/dogtagclan.com.br\/departamento\/adicionais\/crachas-de-identificacao\">DogTagClan &#8211; Crach\u00e1s de Identifica\u00e7\u00e3o<\/a><\/p>\n\n\n\n<p>#Alzheimer #Crach\u00e1DeIdentifica\u00e7\u00e3o #Seguran\u00e7aParaIdosos #DogTagClan #Mem\u00f3riaProtegida \ud83d\udc9c<\/p>\n","protected":false},"excerpt":{"rendered":"<p>\ud83d\udd0d Voc\u00ea j\u00e1 pensou no quanto um crach\u00e1 de identifica\u00e7\u00e3o pode ser essencial para a seguran\u00e7a de um idoso com<\/p>\n","protected":false},"author":1,"featured_media":2957,"comment_status":"open","ping_status":"open","sticky":false,"template":"","format":"standard","meta":{"footnotes":""},"categories":[554],"tags":[],"yoast_head":"<!-- This site is optimized with the Yoast SEO Premium plugin v15.5 - https:\/\/yoast.com\/wordpress\/plugins\/seo\/ -->\n<title>\ud83d\udce2 Crach\u00e1 de Identifica\u00e7\u00e3o para Alzheimer: Seguran\u00e7a e Tranquilidade para Seu Familiar \ud83d\udc9c | DogTagClan Blog<\/title>\n<meta name=\"description\" content=\"\ud83d\udd0d Voc\u00ea j\u00e1 pensou no quanto um crach\u00e1 de identifica\u00e7\u00e3o pode ser essencial para a seguran\u00e7a de um idoso com Alzheimer?\" \/>\n<meta name=\"robots\" content=\"index, follow, max-snippet:-1, max-image-preview:large, max-video-preview:-1\" \/>\n<link rel=\"canonical\" href=\"https:\/\/dogtagclan.com.br\/blog\/\ud83d\udce2-cracha-de-identificacao-para-alzheimer-seguranca-e-tranquilidade-para-seu-familiar-\ud83d\udc9c\/\" \/>\n<meta property=\"og:locale\" content=\"pt_BR\" \/>\n<meta property=\"og:type\" content=\"article\" \/>\n<meta property=\"og:title\" content=\"\ud83d\udce2 Crach\u00e1 de Identifica\u00e7\u00e3o para Alzheimer: Seguran\u00e7a e Tranquilidade para Seu Familiar \ud83d\udc9c | DogTagClan Blog\" \/>\n<meta property=\"og:description\" content=\"\ud83d\udd0d Voc\u00ea j\u00e1 pensou no quanto um crach\u00e1 de identifica\u00e7\u00e3o pode ser essencial para a seguran\u00e7a de um idoso com Alzheimer?\" \/>\n<meta property=\"og:url\" content=\"https:\/\/dogtagclan.com.br\/blog\/\ud83d\udce2-cracha-de-identificacao-para-alzheimer-seguranca-e-tranquilidade-para-seu-familiar-\ud83d\udc9c\/\" \/>\n<meta property=\"og:site_name\" content=\"DogTagClan Blog\" \/>\n<meta property=\"article:publisher\" content=\"https:\/\/www.facebook.com\/dogtagclan\" \/>\n<meta property=\"article:author\" content=\"https:\/\/www.facebook.com\/dogtagclan\" \/>\n<meta property=\"article:published_time\" content=\"2025-03-17T23:25:28+00:00\" \/>\n<meta property=\"article:modified_time\" content=\"2025-03-17T23:25:29+00:00\" \/>\n<meta property=\"og:image\" content=\"https:\/\/dogtagclan.com.br\/blog\/wp-content\/uploads\/2025\/03\/file-LGtXdXch3JfkaSASx2GcXj.jpg\" \/>\n\t<meta property=\"og:image:width\" content=\"1024\" \/>\n\t<meta property=\"og:image:height\" content=\"1024\" \/>\n<meta name=\"twitter:card\" content=\"summary_large_image\" \/>\n<meta name=\"twitter:creator\" content=\"@https:\/\/x.com\/Dogtagclanclan\" \/>\n<meta name=\"twitter:label1\" content=\"Est. tempo de leitura\">\n\t<meta name=\"twitter:data1\" content=\"1 minuto\">\n<script type=\"application\/ld+json\" class=\"yoast-schema-graph\">{\"@context\":\"https:\/\/schema.org\",\"@graph\":[{\"@type\":\"Organization\",\"@id\":\"https:\/\/dogtagclan.com.br\/blog\/#organization\",\"name\":\"DogTagClan | Dog Tags, Crach\\u00e1s e Acess\\u00f3rios Personalizados\",\"url\":\"https:\/\/dogtagclan.com.br\/blog\/\",\"sameAs\":[\"https:\/\/www.facebook.com\/dogtagclan\"],\"logo\":{\"@type\":\"ImageObject\",\"@id\":\"https:\/\/dogtagclan.com.br\/blog\/#logo\",\"inLanguage\":\"pt-BR\",\"url\":\"https:\/\/dogtagclan.com.br\/blog\/wp-content\/uploads\/2023\/02\/cropped-doftagclan-logo.png\",\"width\":250,\"height\":140,\"caption\":\"DogTagClan | Dog Tags, Crach\\u00e1s e Acess\\u00f3rios Personalizados\"},\"image\":{\"@id\":\"https:\/\/dogtagclan.com.br\/blog\/#logo\"}},{\"@type\":\"WebSite\",\"@id\":\"https:\/\/dogtagclan.com.br\/blog\/#website\",\"url\":\"https:\/\/dogtagclan.com.br\/blog\/\",\"name\":\"DogTagClan Blog\",\"description\":\"A gente faz, do seu Jeito\",\"publisher\":{\"@id\":\"https:\/\/dogtagclan.com.br\/blog\/#organization\"},\"potentialAction\":[{\"@type\":\"SearchAction\",\"target\":\"https:\/\/dogtagclan.com.br\/blog\/?s={search_term_string}\",\"query-input\":\"required name=search_term_string\"}],\"inLanguage\":\"pt-BR\"},{\"@type\":\"ImageObject\",\"@id\":\"https:\/\/dogtagclan.com.br\/blog\/%f0%9f%93%a2-cracha-de-identificacao-para-alzheimer-seguranca-e-tranquilidade-para-seu-familiar-%f0%9f%92%9c\/#primaryimage\",\"inLanguage\":\"pt-BR\",\"url\":\"https:\/\/dogtagclan.com.br\/blog\/wp-content\/uploads\/2025\/03\/file-LGtXdXch3JfkaSASx2GcXj.jpg\",\"width\":1024,\"height\":1024},{\"@type\":\"WebPage\",\"@id\":\"https:\/\/dogtagclan.com.br\/blog\/%f0%9f%93%a2-cracha-de-identificacao-para-alzheimer-seguranca-e-tranquilidade-para-seu-familiar-%f0%9f%92%9c\/#webpage\",\"url\":\"https:\/\/dogtagclan.com.br\/blog\/%f0%9f%93%a2-cracha-de-identificacao-para-alzheimer-seguranca-e-tranquilidade-para-seu-familiar-%f0%9f%92%9c\/\",\"name\":\"\\ud83d\\udce2 Crach\\u00e1 de Identifica\\u00e7\\u00e3o para Alzheimer: Seguran\\u00e7a e Tranquilidade para Seu Familiar \\ud83d\\udc9c | DogTagClan Blog\",\"isPartOf\":{\"@id\":\"https:\/\/dogtagclan.com.br\/blog\/#website\"},\"primaryImageOfPage\":{\"@id\":\"https:\/\/dogtagclan.com.br\/blog\/%f0%9f%93%a2-cracha-de-identificacao-para-alzheimer-seguranca-e-tranquilidade-para-seu-familiar-%f0%9f%92%9c\/#primaryimage\"},\"datePublished\":\"2025-03-17T23:25:28+00:00\",\"dateModified\":\"2025-03-17T23:25:29+00:00\",\"description\":\"\\ud83d\\udd0d Voc\\u00ea j\\u00e1 pensou no quanto um crach\\u00e1 de identifica\\u00e7\\u00e3o pode ser essencial para a seguran\\u00e7a de um idoso com Alzheimer?\",\"inLanguage\":\"pt-BR\",\"potentialAction\":[{\"@type\":\"ReadAction\",\"target\":[\"https:\/\/dogtagclan.com.br\/blog\/%f0%9f%93%a2-cracha-de-identificacao-para-alzheimer-seguranca-e-tranquilidade-para-seu-familiar-%f0%9f%92%9c\/\"]}]},{\"@type\":\"Article\",\"@id\":\"https:\/\/dogtagclan.com.br\/blog\/%f0%9f%93%a2-cracha-de-identificacao-para-alzheimer-seguranca-e-tranquilidade-para-seu-familiar-%f0%9f%92%9c\/#article\",\"isPartOf\":{\"@id\":\"https:\/\/dogtagclan.com.br\/blog\/%f0%9f%93%a2-cracha-de-identificacao-para-alzheimer-seguranca-e-tranquilidade-para-seu-familiar-%f0%9f%92%9c\/#webpage\"},\"author\":{\"@id\":\"https:\/\/dogtagclan.com.br\/blog\/#\/schema\/person\/b7279d930f15e2a85c89cd3b2f1d8df5\"},\"headline\":\"\\ud83d\\udce2 Crach\\u00e1 de Identifica\\u00e7\\u00e3o para Alzheimer: Seguran\\u00e7a e Tranquilidade para Seu Familiar \\ud83d\\udc9c\",\"datePublished\":\"2025-03-17T23:25:28+00:00\",\"dateModified\":\"2025-03-17T23:25:29+00:00\",\"mainEntityOfPage\":{\"@id\":\"https:\/\/dogtagclan.com.br\/blog\/%f0%9f%93%a2-cracha-de-identificacao-para-alzheimer-seguranca-e-tranquilidade-para-seu-familiar-%f0%9f%92%9c\/#webpage\"},\"commentCount\":0,\"publisher\":{\"@id\":\"https:\/\/dogtagclan.com.br\/blog\/#organization\"},\"image\":{\"@id\":\"https:\/\/dogtagclan.com.br\/blog\/%f0%9f%93%a2-cracha-de-identificacao-para-alzheimer-seguranca-e-tranquilidade-para-seu-familiar-%f0%9f%92%9c\/#primaryimage\"},\"articleSection\":\"Crachas e broches personalizados\",\"inLanguage\":\"pt-BR\",\"potentialAction\":[{\"@type\":\"CommentAction\",\"name\":\"Comment\",\"target\":[\"https:\/\/dogtagclan.com.br\/blog\/%f0%9f%93%a2-cracha-de-identificacao-para-alzheimer-seguranca-e-tranquilidade-para-seu-familiar-%f0%9f%92%9c\/#respond\"]}]},{\"@type\":\"Person\",\"@id\":\"https:\/\/dogtagclan.com.br\/blog\/#\/schema\/person\/b7279d930f15e2a85c89cd3b2f1d8df5\",\"name\":\"dogtagclan\",\"description\":\"\\\"A DogTagClan \\u00e9 especializada na fabrica\\u00e7\\u00e3o e personaliza\\u00e7\\u00e3o de Dog Tags, crach\\u00e1s e acess\\u00f3rios. Produzimos pe\\u00e7as em a\\u00e7o inoxid\\u00e1vel com grava\\u00e7\\u00f5es de alta precis\\u00e3o para identifica\\u00e7\\u00e3o pessoal e profissional.\\\"\",\"sameAs\":[\"https:\/\/blog.dogtagclan.com.br\",\"https:\/\/www.facebook.com\/dogtagclan\",\"https:\/\/www.instagram.com\/dogtagclan\",\"https:\/\/twitter.com\/https:\/\/x.com\/Dogtagclanclan\",\"https:\/\/www.youtube.com\/dogtagclan\"]}]}<\/script>\n<!-- \/ Yoast SEO Premium plugin. -->","_links":{"self":[{"href":"https:\/\/dogtagclan.com.br\/blog\/wp-json\/wp\/v2\/posts\/2956"}],"collection":[{"href":"https:\/\/dogtagclan.com.br\/blog\/wp-json\/wp\/v2\/posts"}],"about":[{"href":"https:\/\/dogtagclan.com.br\/blog\/wp-json\/wp\/v2\/types\/post"}],"author":[{"embeddable":true,"href":"https:\/\/dogtagclan.com.br\/blog\/wp-json\/wp\/v2\/users\/1"}],"replies":[{"embeddable":true,"href":"https:\/\/dogtagclan.com.br\/blog\/wp-json\/wp\/v2\/comments?post=2956"}],"version-history":[{"count":0,"href":"https:\/\/dogtagclan.com.br\/blog\/wp-json\/wp\/v2\/posts\/2956\/revisions"}],"wp:featuredmedia":[{"embeddable":true,"href":"https:\/\/dogtagclan.com.br\/blog\/wp-json\/wp\/v2\/media\/2957"}],"wp:attachment":[{"href":"https:\/\/dogtagclan.com.br\/blog\/wp-json\/wp\/v2\/media?parent=2956"}],"wp:term":[{"taxonomy":"category","embeddable":true,"href":"https:\/\/dogtagclan.com.br\/blog\/wp-json\/wp\/v2\/categories?post=2956"},{"taxonomy":"post_tag","embeddable":true,"href":"https:\/\/dogtagclan.com.br\/blog\/wp-json\/wp\/v2\/tags?post=2956"}],"curies":[{"name":"wp","href":"https:\/\/api.w.org\/{rel}","templated":true}]}}