{"id":2950,"date":"2025-03-17T20:18:00","date_gmt":"2025-03-17T23:18:00","guid":{"rendered":"https:\/\/dogtagclan.com.br\/blog\/?p=2950"},"modified":"2025-03-17T20:18:01","modified_gmt":"2025-03-17T23:18:01","slug":"cracha-para-autista-seguranca-acessibilidade-e-identificacao-personalizada-%f0%9f%a7%a9%f0%9f%94%96","status":"publish","type":"post","link":"https:\/\/dogtagclan.com.br\/blog\/cracha-para-autista-seguranca-acessibilidade-e-identificacao-personalizada-%f0%9f%a7%a9%f0%9f%94%96\/","title":{"rendered":"Crach\u00e1 para Autista: Seguran\u00e7a, Acessibilidade e Identifica\u00e7\u00e3o Personalizada \ud83e\udde9\ud83d\udd16"},"content":{"rendered":"\n<p>\ud83d\udccc <strong>Identifica\u00e7\u00e3o r\u00e1pida e eficaz para o dia a dia!<\/strong><\/p>\n\n\n\n<p>O <strong>Crach\u00e1 para Autista<\/strong> \u00e9 um item essencial para garantir <strong>seguran\u00e7a, acessibilidade e reconhecimento imediato<\/strong> em qualquer ambiente. Personalizado com <strong>nome, foto, telefone de emerg\u00eancia e QR Code<\/strong>, ele auxilia na comunica\u00e7\u00e3o e oferece tranquilidade para familiares e respons\u00e1veis.<\/p>\n\n\n\n<figure class=\"wp-block-image size-full\"><a href=\"https:\/\/dogtagclan.com.br\/departamento\/adicionais\/crachas-de-identificacao\"><img decoding=\"async\" width=\"500\" height=\"500\" src=\"https:\/\/dogtagclan.com.br\/blog\/wp-content\/uploads\/2025\/03\/crachas-13.jpg\" alt=\"\" class=\"wp-image-2864\" srcset=\"https:\/\/dogtagclan.com.br\/blog\/wp-content\/uploads\/2025\/03\/crachas-13.jpg 500w, https:\/\/dogtagclan.com.br\/blog\/wp-content\/uploads\/2025\/03\/crachas-13-300x300.jpg 300w, https:\/\/dogtagclan.com.br\/blog\/wp-content\/uploads\/2025\/03\/crachas-13-150x150.jpg 150w\" sizes=\"(max-width: 500px) 100vw, 500px\" \/><\/a><\/figure>\n\n\n\n<p>\ud83d\uded2 <strong>Onde comprar?<\/strong> Na <strong>DogTagClan<\/strong>, produzimos crach\u00e1s de alta qualidade, resistentes e adapt\u00e1veis \u00e0s necessidades de cada pessoa!<\/p>\n\n\n\n<p>\u2705 <strong>Por que usar um crach\u00e1 de identifica\u00e7\u00e3o para autismo?<\/strong><br>\ud83d\udd39 Evita situa\u00e7\u00f5es de risco em locais p\u00fablicos<br>\ud83d\udd39 Facilita a comunica\u00e7\u00e3o em caso de emerg\u00eancia<br>\ud83d\udd39 Garante atendimento preferencial conforme a Lei 12.764<br>\ud83d\udd39 Inclui <strong>QR Code opcional<\/strong> com laudo m\u00e9dico ou informa\u00e7\u00f5es essenciais<br>\ud83d\udd39 Acompanha <strong>cord\u00e3o confort\u00e1vel e seguro com trava anti-sufocamento<\/strong><\/p>\n\n\n\n<p>\ud83d\udce9 <strong>Como personalizar o seu?<\/strong><br>1\ufe0f\u20e3 Envie os dados, foto e informa\u00e7\u00f5es que deseja incluir.<br>2\ufe0f\u20e3 Se desejar, gere um <strong>QR Code com laudo m\u00e9dico<\/strong> (seguindo o nosso passo a passo).<br>3\ufe0f\u20e3 Receba em sua casa, com entrega r\u00e1pida para todo o Brasil!<\/p>\n\n\n\n<p>\ud83d\ude80 <strong>Garanta j\u00e1 o seu Crach\u00e1 para Autista<\/strong> e tenha mais seguran\u00e7a e tranquilidade no dia a dia!<\/p>\n\n\n\n<p>\ud83d\udd17 <strong>Pe\u00e7a o seu agora na DogTagClan<\/strong> \u27a1\ufe0f<a href=\"https:\/\/dogtagclan.com.br\/departamento\/adicionais\/crachas-de-identificacao\"> Acesse aqui!<\/a><\/p>\n\n\n\n<p>#Autismo #CrachaParaAutista #Identifica\u00e7\u00e3oAutismo #Seguran\u00e7a #Acessibilidade #DogTagClan<\/p>\n","protected":false},"excerpt":{"rendered":"<p>\ud83d\udccc Identifica\u00e7\u00e3o r\u00e1pida e eficaz para o dia a dia! O Crach\u00e1 para Autista \u00e9 um item essencial para garantir<\/p>\n","protected":false},"author":1,"featured_media":2951,"comment_status":"open","ping_status":"open","sticky":false,"template":"","format":"standard","meta":{"footnotes":""},"categories":[554],"tags":[],"yoast_head":"<!-- This site is optimized with the Yoast SEO Premium plugin v15.5 - https:\/\/yoast.com\/wordpress\/plugins\/seo\/ -->\n<title>Crach\u00e1 para Autista: Seguran\u00e7a, Acessibilidade e Identifica\u00e7\u00e3o Personalizada \ud83e\udde9\ud83d\udd16 | DogTagClan Blog<\/title>\n<meta name=\"description\" content=\"O Crach\u00e1 para Autista \u00e9 um item essencial para garantir seguran\u00e7a, acessibilidade e reconhecimento imediato em qualquer ambiente.\" \/>\n<meta name=\"robots\" content=\"index, follow, max-snippet:-1, max-image-preview:large, max-video-preview:-1\" \/>\n<link rel=\"canonical\" href=\"https:\/\/dogtagclan.com.br\/blog\/cracha-para-autista-seguranca-acessibilidade-e-identificacao-personalizada-\ud83e\udde9\ud83d\udd16\/\" \/>\n<meta property=\"og:locale\" content=\"pt_BR\" \/>\n<meta property=\"og:type\" content=\"article\" \/>\n<meta property=\"og:title\" content=\"Crach\u00e1 para Autista: Seguran\u00e7a, Acessibilidade e Identifica\u00e7\u00e3o Personalizada \ud83e\udde9\ud83d\udd16 | DogTagClan Blog\" \/>\n<meta property=\"og:description\" content=\"O Crach\u00e1 para Autista \u00e9 um item essencial para garantir seguran\u00e7a, acessibilidade e reconhecimento imediato em qualquer ambiente.\" \/>\n<meta property=\"og:url\" content=\"https:\/\/dogtagclan.com.br\/blog\/cracha-para-autista-seguranca-acessibilidade-e-identificacao-personalizada-\ud83e\udde9\ud83d\udd16\/\" \/>\n<meta property=\"og:site_name\" content=\"DogTagClan Blog\" \/>\n<meta property=\"article:publisher\" content=\"https:\/\/www.facebook.com\/dogtagclan\" \/>\n<meta property=\"article:author\" content=\"https:\/\/www.facebook.com\/dogtagclan\" \/>\n<meta property=\"article:published_time\" content=\"2025-03-17T23:18:00+00:00\" \/>\n<meta property=\"article:modified_time\" content=\"2025-03-17T23:18:01+00:00\" \/>\n<meta property=\"og:image\" content=\"https:\/\/dogtagclan.com.br\/blog\/wp-content\/uploads\/2025\/03\/file-ACWrmq5R65ABe7gRA6HPjP.jpg\" \/>\n\t<meta property=\"og:image:width\" content=\"1024\" \/>\n\t<meta property=\"og:image:height\" content=\"1024\" \/>\n<meta name=\"twitter:card\" content=\"summary_large_image\" \/>\n<meta name=\"twitter:creator\" content=\"@https:\/\/x.com\/Dogtagclanclan\" \/>\n<meta name=\"twitter:label1\" content=\"Est. tempo de leitura\">\n\t<meta name=\"twitter:data1\" content=\"1 minuto\">\n<script type=\"application\/ld+json\" class=\"yoast-schema-graph\">{\"@context\":\"https:\/\/schema.org\",\"@graph\":[{\"@type\":\"Organization\",\"@id\":\"https:\/\/dogtagclan.com.br\/blog\/#organization\",\"name\":\"DogTagClan | Dog Tags, Crach\\u00e1s e Acess\\u00f3rios Personalizados\",\"url\":\"https:\/\/dogtagclan.com.br\/blog\/\",\"sameAs\":[\"https:\/\/www.facebook.com\/dogtagclan\"],\"logo\":{\"@type\":\"ImageObject\",\"@id\":\"https:\/\/dogtagclan.com.br\/blog\/#logo\",\"inLanguage\":\"pt-BR\",\"url\":\"https:\/\/dogtagclan.com.br\/blog\/wp-content\/uploads\/2023\/02\/cropped-doftagclan-logo.png\",\"width\":250,\"height\":140,\"caption\":\"DogTagClan | Dog Tags, Crach\\u00e1s e Acess\\u00f3rios Personalizados\"},\"image\":{\"@id\":\"https:\/\/dogtagclan.com.br\/blog\/#logo\"}},{\"@type\":\"WebSite\",\"@id\":\"https:\/\/dogtagclan.com.br\/blog\/#website\",\"url\":\"https:\/\/dogtagclan.com.br\/blog\/\",\"name\":\"DogTagClan Blog\",\"description\":\"A gente faz, do seu Jeito\",\"publisher\":{\"@id\":\"https:\/\/dogtagclan.com.br\/blog\/#organization\"},\"potentialAction\":[{\"@type\":\"SearchAction\",\"target\":\"https:\/\/dogtagclan.com.br\/blog\/?s={search_term_string}\",\"query-input\":\"required name=search_term_string\"}],\"inLanguage\":\"pt-BR\"},{\"@type\":\"ImageObject\",\"@id\":\"https:\/\/dogtagclan.com.br\/blog\/cracha-para-autista-seguranca-acessibilidade-e-identificacao-personalizada-%f0%9f%a7%a9%f0%9f%94%96\/#primaryimage\",\"inLanguage\":\"pt-BR\",\"url\":\"https:\/\/dogtagclan.com.br\/blog\/wp-content\/uploads\/2025\/03\/file-ACWrmq5R65ABe7gRA6HPjP.jpg\",\"width\":1024,\"height\":1024},{\"@type\":\"WebPage\",\"@id\":\"https:\/\/dogtagclan.com.br\/blog\/cracha-para-autista-seguranca-acessibilidade-e-identificacao-personalizada-%f0%9f%a7%a9%f0%9f%94%96\/#webpage\",\"url\":\"https:\/\/dogtagclan.com.br\/blog\/cracha-para-autista-seguranca-acessibilidade-e-identificacao-personalizada-%f0%9f%a7%a9%f0%9f%94%96\/\",\"name\":\"Crach\\u00e1 para Autista: Seguran\\u00e7a, Acessibilidade e Identifica\\u00e7\\u00e3o Personalizada \\ud83e\\udde9\\ud83d\\udd16 | DogTagClan Blog\",\"isPartOf\":{\"@id\":\"https:\/\/dogtagclan.com.br\/blog\/#website\"},\"primaryImageOfPage\":{\"@id\":\"https:\/\/dogtagclan.com.br\/blog\/cracha-para-autista-seguranca-acessibilidade-e-identificacao-personalizada-%f0%9f%a7%a9%f0%9f%94%96\/#primaryimage\"},\"datePublished\":\"2025-03-17T23:18:00+00:00\",\"dateModified\":\"2025-03-17T23:18:01+00:00\",\"description\":\"O Crach\\u00e1 para Autista \\u00e9 um item essencial para garantir seguran\\u00e7a, acessibilidade e reconhecimento imediato em qualquer ambiente.\",\"inLanguage\":\"pt-BR\",\"potentialAction\":[{\"@type\":\"ReadAction\",\"target\":[\"https:\/\/dogtagclan.com.br\/blog\/cracha-para-autista-seguranca-acessibilidade-e-identificacao-personalizada-%f0%9f%a7%a9%f0%9f%94%96\/\"]}]},{\"@type\":\"Article\",\"@id\":\"https:\/\/dogtagclan.com.br\/blog\/cracha-para-autista-seguranca-acessibilidade-e-identificacao-personalizada-%f0%9f%a7%a9%f0%9f%94%96\/#article\",\"isPartOf\":{\"@id\":\"https:\/\/dogtagclan.com.br\/blog\/cracha-para-autista-seguranca-acessibilidade-e-identificacao-personalizada-%f0%9f%a7%a9%f0%9f%94%96\/#webpage\"},\"author\":{\"@id\":\"https:\/\/dogtagclan.com.br\/blog\/#\/schema\/person\/b7279d930f15e2a85c89cd3b2f1d8df5\"},\"headline\":\"Crach\\u00e1 para Autista: Seguran\\u00e7a, Acessibilidade e Identifica\\u00e7\\u00e3o Personalizada \\ud83e\\udde9\\ud83d\\udd16\",\"datePublished\":\"2025-03-17T23:18:00+00:00\",\"dateModified\":\"2025-03-17T23:18:01+00:00\",\"mainEntityOfPage\":{\"@id\":\"https:\/\/dogtagclan.com.br\/blog\/cracha-para-autista-seguranca-acessibilidade-e-identificacao-personalizada-%f0%9f%a7%a9%f0%9f%94%96\/#webpage\"},\"commentCount\":0,\"publisher\":{\"@id\":\"https:\/\/dogtagclan.com.br\/blog\/#organization\"},\"image\":{\"@id\":\"https:\/\/dogtagclan.com.br\/blog\/cracha-para-autista-seguranca-acessibilidade-e-identificacao-personalizada-%f0%9f%a7%a9%f0%9f%94%96\/#primaryimage\"},\"articleSection\":\"Crachas e broches personalizados\",\"inLanguage\":\"pt-BR\",\"potentialAction\":[{\"@type\":\"CommentAction\",\"name\":\"Comment\",\"target\":[\"https:\/\/dogtagclan.com.br\/blog\/cracha-para-autista-seguranca-acessibilidade-e-identificacao-personalizada-%f0%9f%a7%a9%f0%9f%94%96\/#respond\"]}]},{\"@type\":\"Person\",\"@id\":\"https:\/\/dogtagclan.com.br\/blog\/#\/schema\/person\/b7279d930f15e2a85c89cd3b2f1d8df5\",\"name\":\"dogtagclan\",\"description\":\"\\\"A DogTagClan \\u00e9 especializada na fabrica\\u00e7\\u00e3o e personaliza\\u00e7\\u00e3o de Dog Tags, crach\\u00e1s e acess\\u00f3rios. Produzimos pe\\u00e7as em a\\u00e7o inoxid\\u00e1vel com grava\\u00e7\\u00f5es de alta precis\\u00e3o para identifica\\u00e7\\u00e3o pessoal e profissional.\\\"\",\"sameAs\":[\"https:\/\/blog.dogtagclan.com.br\",\"https:\/\/www.facebook.com\/dogtagclan\",\"https:\/\/www.instagram.com\/dogtagclan\",\"https:\/\/twitter.com\/https:\/\/x.com\/Dogtagclanclan\",\"https:\/\/www.youtube.com\/dogtagclan\"]}]}<\/script>\n<!-- \/ Yoast SEO Premium plugin. -->","_links":{"self":[{"href":"https:\/\/dogtagclan.com.br\/blog\/wp-json\/wp\/v2\/posts\/2950"}],"collection":[{"href":"https:\/\/dogtagclan.com.br\/blog\/wp-json\/wp\/v2\/posts"}],"about":[{"href":"https:\/\/dogtagclan.com.br\/blog\/wp-json\/wp\/v2\/types\/post"}],"author":[{"embeddable":true,"href":"https:\/\/dogtagclan.com.br\/blog\/wp-json\/wp\/v2\/users\/1"}],"replies":[{"embeddable":true,"href":"https:\/\/dogtagclan.com.br\/blog\/wp-json\/wp\/v2\/comments?post=2950"}],"version-history":[{"count":0,"href":"https:\/\/dogtagclan.com.br\/blog\/wp-json\/wp\/v2\/posts\/2950\/revisions"}],"wp:featuredmedia":[{"embeddable":true,"href":"https:\/\/dogtagclan.com.br\/blog\/wp-json\/wp\/v2\/media\/2951"}],"wp:attachment":[{"href":"https:\/\/dogtagclan.com.br\/blog\/wp-json\/wp\/v2\/media?parent=2950"}],"wp:term":[{"taxonomy":"category","embeddable":true,"href":"https:\/\/dogtagclan.com.br\/blog\/wp-json\/wp\/v2\/categories?post=2950"},{"taxonomy":"post_tag","embeddable":true,"href":"https:\/\/dogtagclan.com.br\/blog\/wp-json\/wp\/v2\/tags?post=2950"}],"curies":[{"name":"wp","href":"https:\/\/api.w.org\/{rel}","templated":true}]}}