{"id":2931,"date":"2025-03-16T21:49:33","date_gmt":"2025-03-17T00:49:33","guid":{"rendered":"https:\/\/dogtagclan.com.br\/blog\/?p=2931"},"modified":"2025-03-16T21:49:34","modified_gmt":"2025-03-17T00:49:34","slug":"cracha-para-portadores-de-alzheimer-identificacao-com-nome-e-qr-code-%f0%9f%a7%a0","status":"publish","type":"post","link":"https:\/\/dogtagclan.com.br\/blog\/cracha-para-portadores-de-alzheimer-identificacao-com-nome-e-qr-code-%f0%9f%a7%a0\/","title":{"rendered":"Crach\u00e1 para Portadores de Alzheimer \u2013 Identifica\u00e7\u00e3o com Nome e QR Code \ud83e\udde0"},"content":{"rendered":"\n<h3 class=\"wp-block-heading\" id=\"h-\"><strong>\ud83d\udccc<\/strong><\/h3>\n\n\n\n<p>A identifica\u00e7\u00e3o adequada de uma pessoa com Alzheimer \u00e9 essencial para sua seguran\u00e7a e tranquilidade dos familiares. Com o <strong>Crach\u00e1 para Portadores de Alzheimer<\/strong>, voc\u00ea garante que as informa\u00e7\u00f5es essenciais estejam sempre acess\u00edveis, facilitando o atendimento priorit\u00e1rio e emergencial. Neste artigo, vamos explicar como esse crach\u00e1 pode ajudar no dia a dia, como personaliz\u00e1-lo e os benef\u00edcios do QR Code para armazenamento de informa\u00e7\u00f5es m\u00e9dicas.<\/p>\n\n\n\n<figure class=\"wp-block-image size-full\"><img decoding=\"async\" width=\"500\" height=\"500\" src=\"https:\/\/dogtagclan.com.br\/blog\/wp-content\/uploads\/2025\/03\/ALZAMIER.jpg\" alt=\"\" class=\"wp-image-2933\" srcset=\"https:\/\/dogtagclan.com.br\/blog\/wp-content\/uploads\/2025\/03\/ALZAMIER.jpg 500w, https:\/\/dogtagclan.com.br\/blog\/wp-content\/uploads\/2025\/03\/ALZAMIER-300x300.jpg 300w, https:\/\/dogtagclan.com.br\/blog\/wp-content\/uploads\/2025\/03\/ALZAMIER-150x150.jpg 150w\" sizes=\"(max-width: 500px) 100vw, 500px\" \/><\/figure>\n\n\n\n<hr class=\"wp-block-separator has-alpha-channel-opacity\"\/>\n\n\n\n<h2 class=\"wp-block-heading\" id=\"h-por-que-usar-um-crach-de-identifica-o-para-alzheimer\"><strong>\ud83d\udccc Por Que Usar um Crach\u00e1 de Identifica\u00e7\u00e3o para Alzheimer?<\/strong><\/h2>\n\n\n\n<p>O <strong>Alzheimer<\/strong> \u00e9 uma condi\u00e7\u00e3o neurodegenerativa progressiva que pode levar a epis\u00f3dios de desorienta\u00e7\u00e3o, dificuldade de comunica\u00e7\u00e3o e at\u00e9 mesmo perdas tempor\u00e1rias. O uso de um <strong>crach\u00e1 de identifica\u00e7\u00e3o<\/strong> facilita o reconhecimento e a presta\u00e7\u00e3o de ajuda caso o portador da condi\u00e7\u00e3o precise de assist\u00eancia.<\/p>\n\n\n\n<p>\u2705 <strong>Facilita a comunica\u00e7\u00e3o<\/strong> \u2013 Dados como nome, telefone de contato e condi\u00e7\u00e3o m\u00e9dica ficam vis\u00edveis para qualquer pessoa que encontrar o portador.<br>\u2705 <strong>Ajuda em emerg\u00eancias<\/strong> \u2013 Informa\u00e7\u00f5es m\u00e9dicas, como o CID-G30 (Alzheimer), podem ser gravadas para garantir atendimento m\u00e9dico mais r\u00e1pido e eficaz.<br>\u2705 <strong>QR Code com informa\u00e7\u00f5es extras<\/strong> \u2013 Permite que laudos m\u00e9dicos, contatos e detalhes sobre o paciente sejam armazenados de forma segura e acess\u00edvel.<br>\u2705 <strong>Atendimento preferencial garantido<\/strong> \u2013 Conforme previsto em lei, pessoas com Alzheimer t\u00eam direito a prioridade em filas e servi\u00e7os essenciais.<\/p>\n\n\n\n<hr class=\"wp-block-separator has-alpha-channel-opacity\"\/>\n\n\n\n<h2 class=\"wp-block-heading\" id=\"h-como-personalizar-seu-crach-para-alzheimer\"><strong>\ud83d\udee0\ufe0f Como Personalizar Seu Crach\u00e1 para Alzheimer?<\/strong><\/h2>\n\n\n\n<p>Na <strong>DogTagClan<\/strong>, oferecemos a personaliza\u00e7\u00e3o completa do crach\u00e1 para que ele atenda \u00e0s suas necessidades. Voc\u00ea pode incluir:<\/p>\n\n\n\n<p>\u2714 <strong>Nome Completo do Portador<\/strong><br>\u2714 <strong>Telefone de Emerg\u00eancia<\/strong><br>\u2714 <strong>Contato de Respons\u00e1veis<\/strong><br>\u2714 <strong>QR Code para Laudo M\u00e9dico (Opcional)<\/strong><br>\u2714 <strong>CID-G30 (C\u00f3digo da Doen\u00e7a de Alzheimer)<\/strong><\/p>\n\n\n\n<p>Nosso <strong>crach\u00e1 \u00e9 feito em PVC r\u00edgido<\/strong>, altamente dur\u00e1vel, resistente ao uso di\u00e1rio e com impress\u00e3o de alta qualidade. Ele acompanha um <strong>cord\u00e3o seguro e confort\u00e1vel<\/strong> para uso prolongado.<\/p>\n\n\n\n<hr class=\"wp-block-separator has-alpha-channel-opacity\"\/>\n\n\n\n<h2 class=\"wp-block-heading\" id=\"h-como-enviar-seu-laudo-m-dico-para-gera-o-do-qr-code\"><strong>\ud83d\udcc2 Como Enviar seu Laudo M\u00e9dico para Gera\u00e7\u00e3o do QR Code?<\/strong><\/h2>\n\n\n\n<p>Caso deseje que seu <strong>QR Code direcione para um laudo m\u00e9dico<\/strong>, basta seguir estas etapas simples:<\/p>\n\n\n\n<h3 class=\"wp-block-heading\" id=\"h-1-fa-a-o-upload-do-laudo-no-google-drive\"><strong>1\ufe0f\u20e3 Fa\u00e7a o Upload do Laudo no Google Drive<\/strong><\/h3>\n\n\n\n<ul>\n<li>Acesse o <strong><a href=\"https:\/\/drive.google.com\/\" target=\"_blank\" rel=\"noopener\">Google Drive<\/a><\/strong>.<\/li>\n\n\n\n<li>Clique no bot\u00e3o <strong>&#8220;+ Novo&#8221;<\/strong> (canto superior esquerdo).<\/li>\n\n\n\n<li>Selecione <strong>&#8220;Upload de arquivo&#8221;<\/strong> e escolha o laudo salvo no seu dispositivo.<\/li>\n\n\n\n<li>Aguarde o upload ser conclu\u00eddo.<\/li>\n<\/ul>\n\n\n\n<h3 class=\"wp-block-heading\" id=\"h-2-gere-o-link-de-compartilhamento\"><strong>2\ufe0f\u20e3 Gere o Link de Compartilhamento<\/strong><\/h3>\n\n\n\n<ul>\n<li>No Google Drive, clique com o bot\u00e3o direito no arquivo enviado.<\/li>\n\n\n\n<li>Escolha <strong>&#8220;Compartilhar&#8221;<\/strong>.<\/li>\n\n\n\n<li>No campo <strong>&#8220;Geral&#8221;<\/strong>, altere de <strong>&#8220;Restrito&#8221;<\/strong> para <strong>&#8220;Qualquer pessoa com o link&#8221;<\/strong>.<\/li>\n\n\n\n<li>Clique em <strong>&#8220;Copiar link&#8221;<\/strong>.<\/li>\n<\/ul>\n\n\n\n<h3 class=\"wp-block-heading\" id=\"h-3-envie-o-link-para-n-s\"><strong>3\ufe0f\u20e3 Envie o Link para N\u00f3s<\/strong><\/h3>\n\n\n\n<ul>\n<li>\ud83d\udce9 <strong>Envie o link copiado para nossa equipe<\/strong> para que possamos gerar o QR Code e incluir no seu crach\u00e1.<\/li>\n\n\n\n<li>O c\u00f3digo ser\u00e1 gravado com precis\u00e3o para f\u00e1cil leitura por qualquer celular.<\/li>\n<\/ul>\n\n\n\n<p>Se precisar de ajuda, nossa equipe est\u00e1 dispon\u00edvel para auxiliar no processo! \ud83d\ude0a<\/p>\n\n\n\n<hr class=\"wp-block-separator has-alpha-channel-opacity\"\/>\n\n\n\n<h2 class=\"wp-block-heading\" id=\"h-o-que-voc-vai-receber\"><strong>\ud83d\udce6 O Que Voc\u00ea Vai Receber?<\/strong><\/h2>\n\n\n\n<p>\ud83d\uded2 <strong>Ao adquirir o Crach\u00e1 para Alzheimer, voc\u00ea receber\u00e1:<\/strong><\/p>\n\n\n\n<p>\u2705 <strong>1 Crach\u00e1 personalizado<\/strong> com nome, contato e QR Code opcional.<br>\u2705 <strong>1 Cord\u00e3o seguro e confort\u00e1vel<\/strong> para prender o crach\u00e1.<br>\u2705 <strong>Impress\u00e3o de alta qualidade e resistente<\/strong>, garantindo durabilidade.<br>\u2705 <strong>Envio para todo o Brasil<\/strong> \u2013 Entregamos diretamente na sua casa!<\/p>\n\n\n\n<hr class=\"wp-block-separator has-alpha-channel-opacity\"\/>\n\n\n\n<h2 class=\"wp-block-heading\" id=\"h-benef-cios-do-crach-para-alzheimer\"><strong>\ud83d\ude80 Benef\u00edcios do Crach\u00e1 para Alzheimer<\/strong><\/h2>\n\n\n\n<p>\u2714 <strong>Ajuda na identifica\u00e7\u00e3o r\u00e1pida<\/strong> em casos de desorienta\u00e7\u00e3o ou emerg\u00eancia.<br>\u2714 <strong>Facilita a comunica\u00e7\u00e3o<\/strong> para que pessoas ao redor possam prestar ajuda corretamente.<br>\u2714 <strong>Proporciona seguran\u00e7a<\/strong> e tranquilidade para familiares e respons\u00e1veis.<br>\u2714 <strong>Atende \u00e0s normas legais de atendimento priorit\u00e1rio<\/strong> para idosos com Alzheimer.<br>\u2714 <strong>QR Code opcional para acesso r\u00e1pido a informa\u00e7\u00f5es m\u00e9dicas importantes.<\/strong><\/p>\n\n\n\n<hr class=\"wp-block-separator has-alpha-channel-opacity\"\/>\n\n\n\n<h2 class=\"wp-block-heading\" id=\"h-onde-comprar-um-crach-para-alzheimer\"><strong>\ud83d\udccd Onde Comprar um Crach\u00e1 para Alzheimer?<\/strong><\/h2>\n\n\n\n<p>Voc\u00ea pode adquirir seu <strong>Crach\u00e1 Personalizado para Portadores de Alzheimer<\/strong> diretamente no site da <strong><a href=\"https:\/\/dogtagclan.com.br\/departamento\/adicionais\/crachas-de-identificacao\">DogTagClan<\/a><\/strong>.<\/p>\n\n\n\n<p>\ud83d\udd17 <strong>Link direto para compra<\/strong> \u27a1\ufe0f <a href=\"https:\/\/dogtagclan.com.br\/departamento\/adicionais\/crachas-de-identificacao\">Crach\u00e1s de Identifica\u00e7\u00e3o<\/a><\/p>\n\n\n\n<p>\ud83d\udcac <strong>Precisa de Ajuda?<\/strong> Fale conosco pelo WhatsApp: <strong>(41) 7400-1990<\/strong> \ud83d\udcf2<\/p>\n\n\n\n<p>A seguran\u00e7a de quem voc\u00ea ama come\u00e7a com uma identifica\u00e7\u00e3o correta! Pe\u00e7a j\u00e1 o seu. \ud83c\udff7\ufe0f\u2764\ufe0f<\/p>\n","protected":false},"excerpt":{"rendered":"<p>\ud83d\udccc A identifica\u00e7\u00e3o adequada de uma pessoa com Alzheimer \u00e9 essencial para sua seguran\u00e7a e tranquilidade dos familiares. Com o<\/p>\n","protected":false},"author":1,"featured_media":2934,"comment_status":"open","ping_status":"open","sticky":false,"template":"","format":"standard","meta":{"footnotes":""},"categories":[554],"tags":[],"yoast_head":"<!-- This site is optimized with the Yoast SEO Premium plugin v15.5 - https:\/\/yoast.com\/wordpress\/plugins\/seo\/ -->\n<title>Crach\u00e1 para Portadores de Alzheimer \u2013 Identifica\u00e7\u00e3o com Nome e QR Code \ud83e\udde0 | DogTagClan Blog<\/title>\n<meta name=\"description\" content=\"A identifica\u00e7\u00e3o adequada de uma pessoa com Alzheimer \u00e9 essencial para sua seguran\u00e7a e tranquilidade dos familiares. Com\" \/>\n<meta name=\"robots\" content=\"index, follow, max-snippet:-1, max-image-preview:large, max-video-preview:-1\" \/>\n<link rel=\"canonical\" href=\"https:\/\/dogtagclan.com.br\/blog\/cracha-para-portadores-de-alzheimer-identificacao-com-nome-e-qr-code-\ud83e\udde0\/\" \/>\n<meta property=\"og:locale\" content=\"pt_BR\" \/>\n<meta property=\"og:type\" content=\"article\" \/>\n<meta property=\"og:title\" content=\"Crach\u00e1 para Portadores de Alzheimer \u2013 Identifica\u00e7\u00e3o com Nome e QR Code \ud83e\udde0 | DogTagClan Blog\" \/>\n<meta property=\"og:description\" content=\"A identifica\u00e7\u00e3o adequada de uma pessoa com Alzheimer \u00e9 essencial para sua seguran\u00e7a e tranquilidade dos familiares. Com\" \/>\n<meta property=\"og:url\" content=\"https:\/\/dogtagclan.com.br\/blog\/cracha-para-portadores-de-alzheimer-identificacao-com-nome-e-qr-code-\ud83e\udde0\/\" \/>\n<meta property=\"og:site_name\" content=\"DogTagClan Blog\" \/>\n<meta property=\"article:publisher\" content=\"https:\/\/www.facebook.com\/dogtagclan\" \/>\n<meta property=\"article:author\" content=\"https:\/\/www.facebook.com\/dogtagclan\" \/>\n<meta property=\"article:published_time\" content=\"2025-03-17T00:49:33+00:00\" \/>\n<meta property=\"article:modified_time\" content=\"2025-03-17T00:49:34+00:00\" \/>\n<meta property=\"og:image\" content=\"https:\/\/dogtagclan.com.br\/blog\/wp-content\/uploads\/2025\/03\/ALZHAIMER-3.jpg\" \/>\n\t<meta property=\"og:image:width\" content=\"500\" \/>\n\t<meta property=\"og:image:height\" content=\"500\" \/>\n<meta name=\"twitter:card\" content=\"summary_large_image\" \/>\n<meta name=\"twitter:creator\" content=\"@https:\/\/x.com\/Dogtagclanclan\" \/>\n<meta name=\"twitter:label1\" content=\"Est. tempo de leitura\">\n\t<meta name=\"twitter:data1\" content=\"3 minutos\">\n<script type=\"application\/ld+json\" class=\"yoast-schema-graph\">{\"@context\":\"https:\/\/schema.org\",\"@graph\":[{\"@type\":\"Organization\",\"@id\":\"https:\/\/dogtagclan.com.br\/blog\/#organization\",\"name\":\"DogTagClan | Dog Tags, Crach\\u00e1s e Acess\\u00f3rios Personalizados\",\"url\":\"https:\/\/dogtagclan.com.br\/blog\/\",\"sameAs\":[\"https:\/\/www.facebook.com\/dogtagclan\"],\"logo\":{\"@type\":\"ImageObject\",\"@id\":\"https:\/\/dogtagclan.com.br\/blog\/#logo\",\"inLanguage\":\"pt-BR\",\"url\":\"https:\/\/dogtagclan.com.br\/blog\/wp-content\/uploads\/2023\/02\/cropped-doftagclan-logo.png\",\"width\":250,\"height\":140,\"caption\":\"DogTagClan | Dog Tags, Crach\\u00e1s e Acess\\u00f3rios Personalizados\"},\"image\":{\"@id\":\"https:\/\/dogtagclan.com.br\/blog\/#logo\"}},{\"@type\":\"WebSite\",\"@id\":\"https:\/\/dogtagclan.com.br\/blog\/#website\",\"url\":\"https:\/\/dogtagclan.com.br\/blog\/\",\"name\":\"DogTagClan Blog\",\"description\":\"A gente faz, do seu Jeito\",\"publisher\":{\"@id\":\"https:\/\/dogtagclan.com.br\/blog\/#organization\"},\"potentialAction\":[{\"@type\":\"SearchAction\",\"target\":\"https:\/\/dogtagclan.com.br\/blog\/?s={search_term_string}\",\"query-input\":\"required name=search_term_string\"}],\"inLanguage\":\"pt-BR\"},{\"@type\":\"ImageObject\",\"@id\":\"https:\/\/dogtagclan.com.br\/blog\/cracha-para-portadores-de-alzheimer-identificacao-com-nome-e-qr-code-%f0%9f%a7%a0\/#primaryimage\",\"inLanguage\":\"pt-BR\",\"url\":\"https:\/\/dogtagclan.com.br\/blog\/wp-content\/uploads\/2025\/03\/ALZHAIMER-3.jpg\",\"width\":500,\"height\":500},{\"@type\":\"WebPage\",\"@id\":\"https:\/\/dogtagclan.com.br\/blog\/cracha-para-portadores-de-alzheimer-identificacao-com-nome-e-qr-code-%f0%9f%a7%a0\/#webpage\",\"url\":\"https:\/\/dogtagclan.com.br\/blog\/cracha-para-portadores-de-alzheimer-identificacao-com-nome-e-qr-code-%f0%9f%a7%a0\/\",\"name\":\"Crach\\u00e1 para Portadores de Alzheimer \\u2013 Identifica\\u00e7\\u00e3o com Nome e QR Code \\ud83e\\udde0 | DogTagClan Blog\",\"isPartOf\":{\"@id\":\"https:\/\/dogtagclan.com.br\/blog\/#website\"},\"primaryImageOfPage\":{\"@id\":\"https:\/\/dogtagclan.com.br\/blog\/cracha-para-portadores-de-alzheimer-identificacao-com-nome-e-qr-code-%f0%9f%a7%a0\/#primaryimage\"},\"datePublished\":\"2025-03-17T00:49:33+00:00\",\"dateModified\":\"2025-03-17T00:49:34+00:00\",\"description\":\"A identifica\\u00e7\\u00e3o adequada de uma pessoa com Alzheimer \\u00e9 essencial para sua seguran\\u00e7a e tranquilidade dos familiares. Com\",\"inLanguage\":\"pt-BR\",\"potentialAction\":[{\"@type\":\"ReadAction\",\"target\":[\"https:\/\/dogtagclan.com.br\/blog\/cracha-para-portadores-de-alzheimer-identificacao-com-nome-e-qr-code-%f0%9f%a7%a0\/\"]}]},{\"@type\":\"Article\",\"@id\":\"https:\/\/dogtagclan.com.br\/blog\/cracha-para-portadores-de-alzheimer-identificacao-com-nome-e-qr-code-%f0%9f%a7%a0\/#article\",\"isPartOf\":{\"@id\":\"https:\/\/dogtagclan.com.br\/blog\/cracha-para-portadores-de-alzheimer-identificacao-com-nome-e-qr-code-%f0%9f%a7%a0\/#webpage\"},\"author\":{\"@id\":\"https:\/\/dogtagclan.com.br\/blog\/#\/schema\/person\/b7279d930f15e2a85c89cd3b2f1d8df5\"},\"headline\":\"Crach\\u00e1 para Portadores de Alzheimer \\u2013 Identifica\\u00e7\\u00e3o com Nome e QR Code \\ud83e\\udde0\",\"datePublished\":\"2025-03-17T00:49:33+00:00\",\"dateModified\":\"2025-03-17T00:49:34+00:00\",\"mainEntityOfPage\":{\"@id\":\"https:\/\/dogtagclan.com.br\/blog\/cracha-para-portadores-de-alzheimer-identificacao-com-nome-e-qr-code-%f0%9f%a7%a0\/#webpage\"},\"commentCount\":0,\"publisher\":{\"@id\":\"https:\/\/dogtagclan.com.br\/blog\/#organization\"},\"image\":{\"@id\":\"https:\/\/dogtagclan.com.br\/blog\/cracha-para-portadores-de-alzheimer-identificacao-com-nome-e-qr-code-%f0%9f%a7%a0\/#primaryimage\"},\"articleSection\":\"Crachas e broches personalizados\",\"inLanguage\":\"pt-BR\",\"potentialAction\":[{\"@type\":\"CommentAction\",\"name\":\"Comment\",\"target\":[\"https:\/\/dogtagclan.com.br\/blog\/cracha-para-portadores-de-alzheimer-identificacao-com-nome-e-qr-code-%f0%9f%a7%a0\/#respond\"]}]},{\"@type\":\"Person\",\"@id\":\"https:\/\/dogtagclan.com.br\/blog\/#\/schema\/person\/b7279d930f15e2a85c89cd3b2f1d8df5\",\"name\":\"dogtagclan\",\"description\":\"\\\"A DogTagClan \\u00e9 especializada na fabrica\\u00e7\\u00e3o e personaliza\\u00e7\\u00e3o de Dog Tags, crach\\u00e1s e acess\\u00f3rios. Produzimos pe\\u00e7as em a\\u00e7o inoxid\\u00e1vel com grava\\u00e7\\u00f5es de alta precis\\u00e3o para identifica\\u00e7\\u00e3o pessoal e profissional.\\\"\",\"sameAs\":[\"https:\/\/blog.dogtagclan.com.br\",\"https:\/\/www.facebook.com\/dogtagclan\",\"https:\/\/www.instagram.com\/dogtagclan\",\"https:\/\/twitter.com\/https:\/\/x.com\/Dogtagclanclan\",\"https:\/\/www.youtube.com\/dogtagclan\"]}]}<\/script>\n<!-- \/ Yoast SEO Premium plugin. -->","_links":{"self":[{"href":"https:\/\/dogtagclan.com.br\/blog\/wp-json\/wp\/v2\/posts\/2931"}],"collection":[{"href":"https:\/\/dogtagclan.com.br\/blog\/wp-json\/wp\/v2\/posts"}],"about":[{"href":"https:\/\/dogtagclan.com.br\/blog\/wp-json\/wp\/v2\/types\/post"}],"author":[{"embeddable":true,"href":"https:\/\/dogtagclan.com.br\/blog\/wp-json\/wp\/v2\/users\/1"}],"replies":[{"embeddable":true,"href":"https:\/\/dogtagclan.com.br\/blog\/wp-json\/wp\/v2\/comments?post=2931"}],"version-history":[{"count":0,"href":"https:\/\/dogtagclan.com.br\/blog\/wp-json\/wp\/v2\/posts\/2931\/revisions"}],"wp:featuredmedia":[{"embeddable":true,"href":"https:\/\/dogtagclan.com.br\/blog\/wp-json\/wp\/v2\/media\/2934"}],"wp:attachment":[{"href":"https:\/\/dogtagclan.com.br\/blog\/wp-json\/wp\/v2\/media?parent=2931"}],"wp:term":[{"taxonomy":"category","embeddable":true,"href":"https:\/\/dogtagclan.com.br\/blog\/wp-json\/wp\/v2\/categories?post=2931"},{"taxonomy":"post_tag","embeddable":true,"href":"https:\/\/dogtagclan.com.br\/blog\/wp-json\/wp\/v2\/tags?post=2931"}],"curies":[{"name":"wp","href":"https:\/\/api.w.org\/{rel}","templated":true}]}}