{"id":2783,"date":"2025-03-09T10:40:36","date_gmt":"2025-03-09T13:40:36","guid":{"rendered":"https:\/\/blog.dogtagclan.com.br\/?p=2783"},"modified":"2025-03-09T10:40:37","modified_gmt":"2025-03-09T13:40:37","slug":"fixacao-por-ima-ou-alfinete-qual-a-melhor-opcao-para-crachas-e-broches","status":"publish","type":"post","link":"https:\/\/dogtagclan.com.br\/blog\/fixacao-por-ima-ou-alfinete-qual-a-melhor-opcao-para-crachas-e-broches\/","title":{"rendered":"Fixa\u00e7\u00e3o por Im\u00e3 ou Alfinete: Qual a Melhor Op\u00e7\u00e3o para Crach\u00e1s e Broches?"},"content":{"rendered":"\n<p>Ao escolher um <strong>crach\u00e1 ou broche personalizado<\/strong>, um dos fatores mais importantes \u00e9 o tipo de <strong>fixa\u00e7\u00e3o<\/strong>. Os dois modelos mais populares s\u00e3o <strong>fixa\u00e7\u00e3o por im\u00e3<\/strong> e <strong>fixa\u00e7\u00e3o por alfinete<\/strong>, cada um com suas vantagens e desvantagens. Mas qual \u00e9 o melhor para sua necessidade?<\/p>\n\n\n\n<figure class=\"wp-block-image size-full\"><img decoding=\"async\" width=\"627\" height=\"537\" src=\"https:\/\/blog.dogtagclan.com.br\/wp-content\/uploads\/2024\/11\/465568852_966303285536115_8472791808170482584_n.jpg\" alt=\"\" class=\"wp-image-2115\" srcset=\"https:\/\/dogtagclan.com.br\/blog\/wp-content\/uploads\/2024\/11\/465568852_966303285536115_8472791808170482584_n.jpg 627w, https:\/\/dogtagclan.com.br\/blog\/wp-content\/uploads\/2024\/11\/465568852_966303285536115_8472791808170482584_n-300x257.jpg 300w\" sizes=\"(max-width: 627px) 100vw, 627px\" \/><\/figure>\n\n\n\n<p>Neste guia, vamos comparar os dois tipos de fixa\u00e7\u00e3o, ajudando voc\u00ea a escolher a op\u00e7\u00e3o ideal para sua empresa, evento ou identifica\u00e7\u00e3o corporativa.<\/p>\n\n\n\n<p>\ud83d\udccc <strong>Leia tamb\u00e9m:<\/strong> <a href=\"https:\/\/blog.dogtagclan.com.br\/crachas-e-broches-personalizados-guia-completo-sobre-fixacao-com-ima-ou-alfinete\/\">Crach\u00e1s e Broches Personalizados: Guia Completo sobre Fixa\u00e7\u00e3o com Im\u00e3 ou Alfinete<\/a><\/p>\n\n\n\n<hr class=\"wp-block-separator has-alpha-channel-opacity\"\/>\n\n\n\n<h2 class=\"wp-block-heading\" id=\"h-1-como-funciona-cada-tipo-de-fixa-o\">1. Como Funciona Cada Tipo de Fixa\u00e7\u00e3o?<\/h2>\n\n\n\n<h3 class=\"wp-block-heading\" id=\"h-crach-s-e-broches-com-im\"><strong>\ud83d\udd39 Crach\u00e1s e Broches com Im\u00e3<\/strong><\/h3>\n\n\n\n<p>A fixa\u00e7\u00e3o por im\u00e3 \u00e9 composta por duas pe\u00e7as:<\/p>\n\n\n\n<ul>\n<li>Uma \u00e9 acoplada ao broche ou crach\u00e1.<\/li>\n\n\n\n<li>A outra fica por dentro da roupa, segurando firmemente sem precisar de fura\u00e7\u00e3o.<\/li>\n<\/ul>\n\n\n\n<p><strong>Principais vantagens:<\/strong> \u2705 <strong>N\u00e3o danifica a roupa<\/strong> \u2013 O im\u00e3 fixa o crach\u00e1 sem precisar furar o tecido. \u2705 <strong>F\u00e1cil remo\u00e7\u00e3o<\/strong> \u2013 Ideal para quem precisa tirar e colocar o crach\u00e1 rapidamente. \u2705 <strong>Design mais sofisticado<\/strong> \u2013 Mant\u00e9m um visual mais profissional e discreto. \u2705 <strong>Seguro para tecidos finos<\/strong> \u2013 Perfeito para ternos, camisas sociais e uniformes de alto padr\u00e3o.<\/p>\n\n\n\n<p><strong>Desvantagens:<\/strong> \u274c Pode ser um pouco mais caro do que os modelos com alfinete. \u274c Pode n\u00e3o fixar bem em roupas muito grossas (como casacos pesados).<\/p>\n\n\n\n<p>\ud83d\udccc <strong>Indicado para:<\/strong> Escrit\u00f3rios, recepcionistas, lojas de luxo, atendentes corporativos e uniformes sociais.<\/p>\n\n\n\n<hr class=\"wp-block-separator has-alpha-channel-opacity\"\/>\n\n\n\n<h3 class=\"wp-block-heading\" id=\"h-crach-s-e-broches-com-alfinete\"><strong>\ud83d\udd39 Crach\u00e1s e Broches com Alfinete<\/strong><\/h3>\n\n\n\n<p>O modelo com alfinete tem um <strong>pino de metal<\/strong> na parte de tr\u00e1s do crach\u00e1 ou broche, que permite fixa\u00e7\u00e3o atrav\u00e9s da roupa.<\/p>\n\n\n\n<p><strong>Principais vantagens:<\/strong> \u2705 <strong>Mais seguro para roupas grossas<\/strong> \u2013 Uniformes, jaquetas e jalecos fixam melhor com alfinete. \u2705 <strong>Baixo custo<\/strong> \u2013 Geralmente, os modelos com alfinete s\u00e3o mais acess\u00edveis. \u2705 <strong>Maior estabilidade<\/strong> \u2013 Dif\u00edcil de soltar, ideal para atividades que exigem movimenta\u00e7\u00e3o constante.<\/p>\n\n\n\n<p><strong>Desvantagens:<\/strong> \u274c Perfura o tecido, podendo danificar roupas mais delicadas. \u274c Pode ser mais dif\u00edcil de prender e remover rapidamente.<\/p>\n\n\n\n<p>\ud83d\udccc <strong>Indicado para:<\/strong> Uniformes de f\u00e1bricas, hospitais, eventos, aventais, seguran\u00e7a e uso prolongado.<\/p>\n\n\n\n<hr class=\"wp-block-separator has-alpha-channel-opacity\"\/>\n\n\n\n<h2 class=\"wp-block-heading\" id=\"h-2-qual-a-melhor-op-o-para-cada-situa-o\">2. Qual a Melhor Op\u00e7\u00e3o para Cada Situa\u00e7\u00e3o?<\/h2>\n\n\n\n<figure class=\"wp-block-table\"><table><tbody><tr><th>Situa\u00e7\u00e3o<\/th><th>Melhor Op\u00e7\u00e3o<\/th><\/tr><tr><td><strong>Uniformes sociais e lojas de luxo<\/strong><\/td><td>Im\u00e3<\/td><\/tr><tr><td><strong>Eventos e congressos tempor\u00e1rios<\/strong><\/td><td>Im\u00e3<\/td><\/tr><tr><td><strong>Funcion\u00e1rios com jalecos e aventais<\/strong><\/td><td>Alfinete<\/td><\/tr><tr><td><strong>F\u00e1bricas e ind\u00fastrias<\/strong><\/td><td>Alfinete<\/td><\/tr><tr><td><strong>Uso frequente sem danificar roupa<\/strong><\/td><td>Im\u00e3<\/td><\/tr><tr><td><strong>Brindes promocionais personalizados<\/strong><\/td><td>Depende do or\u00e7amento<\/td><\/tr><\/tbody><\/table><\/figure>\n\n\n\n<p>Se voc\u00ea busca <strong>sofistica\u00e7\u00e3o e praticidade<\/strong>, o <strong>im\u00e3<\/strong> \u00e9 a melhor escolha. Se o foco \u00e9 <strong>baixo custo e seguran\u00e7a no lugar<\/strong>, o <strong>alfinete<\/strong> \u00e9 mais indicado.<\/p>\n\n\n\n<hr class=\"wp-block-separator has-alpha-channel-opacity\"\/>\n\n\n\n<h2 class=\"wp-block-heading\" id=\"h-3-personaliza-o-como-escolher-o-melhor-crach-ou-broche\">3. Personaliza\u00e7\u00e3o: Como Escolher o Melhor Crach\u00e1 ou Broche?<\/h2>\n\n\n\n<p>Na <strong>Dog Tag Clan<\/strong>, oferecemos <strong>crach\u00e1s e broches personalizados<\/strong> em <strong>a\u00e7o inox 430<\/strong>, com grava\u00e7\u00e3o por <strong>sublima\u00e7\u00e3o<\/strong>, permitindo:<\/p>\n\n\n\n<p>\u2714 <strong>Personaliza\u00e7\u00e3o colorida<\/strong> com imagens, logotipos e textos. \u2714 <strong>Durabilidade e resist\u00eancia<\/strong> do a\u00e7o inoxid\u00e1vel. \u2714 <strong>Escolha entre fixa\u00e7\u00e3o por im\u00e3 ou alfinete<\/strong> conforme a necessidade. \u2714 <strong>Encomendas para empresas, eventos e brindes corporativos.<\/strong><\/p>\n\n\n\n<p>\ud83d\udd17 <strong>Pe\u00e7a o seu agora:<\/strong> <a href=\"https:\/\/dogtagclan.com.br\/departamento\/adicionais\/boton-cracha\">DogTagClan.com.br &#8211; Crach\u00e1s e Broches Personalizados<\/a><\/p>\n\n\n\n<hr class=\"wp-block-separator has-alpha-channel-opacity\"\/>\n\n\n\n<h2 class=\"wp-block-heading\" id=\"h-4-conclus-o\">4. Conclus\u00e3o<\/h2>\n\n\n\n<p>A escolha entre <strong>im\u00e3 ou alfinete<\/strong> para crach\u00e1s e broches depende da <strong>necessidade do usu\u00e1rio<\/strong> e do <strong>tipo de roupa onde ser\u00e1 fixado<\/strong>.<\/p>\n\n\n\n<p>\u2705 <strong>Se voc\u00ea busca praticidade, eleg\u00e2ncia e n\u00e3o quer danificar a roupa, o im\u00e3 \u00e9 a melhor escolha.<\/strong><br>\u2705 <strong>Se precisa de um crach\u00e1 firme, com fixa\u00e7\u00e3o segura e um menor custo, o alfinete \u00e9 mais indicado.<\/strong><\/p>\n\n\n\n<p>Seja qual for a sua necessidade, os <strong>crach\u00e1s e broches de a\u00e7o inox<\/strong> da Dog Tag Clan oferecem <strong>durabilidade e personaliza\u00e7\u00e3o de alta qualidade<\/strong>.<\/p>\n\n\n\n<p><strong>Pe\u00e7a agora o seu e garanta um produto profissional e sofisticado!<\/strong> \ud83d\ude80\ud83d\udd25<\/p>\n\n\n\n<p>\ud83d\udccc <strong>Leia tamb\u00e9m:<\/strong> <a href=\"https:\/\/blog.dogtagclan.com.br\/crachas-e-broches-personalizados-guia-completo-sobre-fixacao-com-ima-ou-alfinete\/\">Crach\u00e1s e Broches Personalizados: Guia Completo sobre Fixa\u00e7\u00e3o com Im\u00e3 ou Alfinete<\/a><\/p>\n\n\n\n<p>#Crach\u00e1Personalizado #Broches #DogTagClan #Identifica\u00e7\u00e3oCorporativa #A\u00e7oInox #Sublima\u00e7\u00e3o<\/p>\n","protected":false},"excerpt":{"rendered":"<p>Ao escolher um crach\u00e1 ou broche personalizado, um dos fatores mais importantes \u00e9 o tipo de fixa\u00e7\u00e3o. Os dois modelos<\/p>\n","protected":false},"author":1,"featured_media":2465,"comment_status":"open","ping_status":"open","sticky":false,"template":"","format":"standard","meta":{"footnotes":""},"categories":[554],"tags":[],"yoast_head":"<!-- This site is optimized with the Yoast SEO Premium plugin v15.5 - https:\/\/yoast.com\/wordpress\/plugins\/seo\/ -->\n<title>Fixa\u00e7\u00e3o por Im\u00e3 ou Alfinete: Qual a Melhor Op\u00e7\u00e3o para Crach\u00e1s e Broches? | DogTagClan Blog<\/title>\n<meta name=\"description\" content=\"Ao escolher um crach\u00e1 ou broche personalizado, um dos fatores mais importantes \u00e9 o tipo de fixa\u00e7\u00e3o. Os dois modelos mais populares\" \/>\n<meta name=\"robots\" content=\"index, follow, max-snippet:-1, max-image-preview:large, max-video-preview:-1\" \/>\n<link rel=\"canonical\" href=\"https:\/\/dogtagclan.com.br\/blog\/fixacao-por-ima-ou-alfinete-qual-a-melhor-opcao-para-crachas-e-broches\/\" \/>\n<meta property=\"og:locale\" content=\"pt_BR\" \/>\n<meta property=\"og:type\" content=\"article\" \/>\n<meta property=\"og:title\" content=\"Fixa\u00e7\u00e3o por Im\u00e3 ou Alfinete: Qual a Melhor Op\u00e7\u00e3o para Crach\u00e1s e Broches? | DogTagClan Blog\" \/>\n<meta property=\"og:description\" content=\"Ao escolher um crach\u00e1 ou broche personalizado, um dos fatores mais importantes \u00e9 o tipo de fixa\u00e7\u00e3o. Os dois modelos mais populares\" \/>\n<meta property=\"og:url\" content=\"https:\/\/dogtagclan.com.br\/blog\/fixacao-por-ima-ou-alfinete-qual-a-melhor-opcao-para-crachas-e-broches\/\" \/>\n<meta property=\"og:site_name\" content=\"DogTagClan Blog\" \/>\n<meta property=\"article:publisher\" content=\"https:\/\/www.facebook.com\/dogtagclan\" \/>\n<meta property=\"article:author\" content=\"https:\/\/www.facebook.com\/dogtagclan\" \/>\n<meta property=\"article:published_time\" content=\"2025-03-09T13:40:36+00:00\" \/>\n<meta property=\"article:modified_time\" content=\"2025-03-09T13:40:37+00:00\" \/>\n<meta property=\"og:image\" content=\"https:\/\/dogtagclan.com.br\/blog\/wp-content\/uploads\/2025\/02\/crachas.jpg\" \/>\n\t<meta property=\"og:image:width\" content=\"500\" \/>\n\t<meta property=\"og:image:height\" content=\"500\" \/>\n<meta name=\"twitter:card\" content=\"summary_large_image\" \/>\n<meta name=\"twitter:creator\" content=\"@https:\/\/x.com\/Dogtagclanclan\" \/>\n<meta name=\"twitter:label1\" content=\"Est. tempo de leitura\">\n\t<meta name=\"twitter:data1\" content=\"2 minutos\">\n<script type=\"application\/ld+json\" class=\"yoast-schema-graph\">{\"@context\":\"https:\/\/schema.org\",\"@graph\":[{\"@type\":\"Organization\",\"@id\":\"https:\/\/dogtagclan.com.br\/blog\/#organization\",\"name\":\"DogTagClan | Dog Tags, Crach\\u00e1s e Acess\\u00f3rios Personalizados\",\"url\":\"https:\/\/dogtagclan.com.br\/blog\/\",\"sameAs\":[\"https:\/\/www.facebook.com\/dogtagclan\"],\"logo\":{\"@type\":\"ImageObject\",\"@id\":\"https:\/\/dogtagclan.com.br\/blog\/#logo\",\"inLanguage\":\"pt-BR\",\"url\":\"https:\/\/dogtagclan.com.br\/blog\/wp-content\/uploads\/2023\/02\/cropped-doftagclan-logo.png\",\"width\":250,\"height\":140,\"caption\":\"DogTagClan | Dog Tags, Crach\\u00e1s e Acess\\u00f3rios Personalizados\"},\"image\":{\"@id\":\"https:\/\/dogtagclan.com.br\/blog\/#logo\"}},{\"@type\":\"WebSite\",\"@id\":\"https:\/\/dogtagclan.com.br\/blog\/#website\",\"url\":\"https:\/\/dogtagclan.com.br\/blog\/\",\"name\":\"DogTagClan Blog\",\"description\":\"A gente faz, do seu Jeito\",\"publisher\":{\"@id\":\"https:\/\/dogtagclan.com.br\/blog\/#organization\"},\"potentialAction\":[{\"@type\":\"SearchAction\",\"target\":\"https:\/\/dogtagclan.com.br\/blog\/?s={search_term_string}\",\"query-input\":\"required name=search_term_string\"}],\"inLanguage\":\"pt-BR\"},{\"@type\":\"ImageObject\",\"@id\":\"https:\/\/dogtagclan.com.br\/blog\/fixacao-por-ima-ou-alfinete-qual-a-melhor-opcao-para-crachas-e-broches\/#primaryimage\",\"inLanguage\":\"pt-BR\",\"url\":\"https:\/\/dogtagclan.com.br\/blog\/wp-content\/uploads\/2025\/02\/crachas.jpg\",\"width\":500,\"height\":500},{\"@type\":\"WebPage\",\"@id\":\"https:\/\/dogtagclan.com.br\/blog\/fixacao-por-ima-ou-alfinete-qual-a-melhor-opcao-para-crachas-e-broches\/#webpage\",\"url\":\"https:\/\/dogtagclan.com.br\/blog\/fixacao-por-ima-ou-alfinete-qual-a-melhor-opcao-para-crachas-e-broches\/\",\"name\":\"Fixa\\u00e7\\u00e3o por Im\\u00e3 ou Alfinete: Qual a Melhor Op\\u00e7\\u00e3o para Crach\\u00e1s e Broches? | DogTagClan Blog\",\"isPartOf\":{\"@id\":\"https:\/\/dogtagclan.com.br\/blog\/#website\"},\"primaryImageOfPage\":{\"@id\":\"https:\/\/dogtagclan.com.br\/blog\/fixacao-por-ima-ou-alfinete-qual-a-melhor-opcao-para-crachas-e-broches\/#primaryimage\"},\"datePublished\":\"2025-03-09T13:40:36+00:00\",\"dateModified\":\"2025-03-09T13:40:37+00:00\",\"description\":\"Ao escolher um crach\\u00e1 ou broche personalizado, um dos fatores mais importantes \\u00e9 o tipo de fixa\\u00e7\\u00e3o. Os dois modelos mais populares\",\"inLanguage\":\"pt-BR\",\"potentialAction\":[{\"@type\":\"ReadAction\",\"target\":[\"https:\/\/dogtagclan.com.br\/blog\/fixacao-por-ima-ou-alfinete-qual-a-melhor-opcao-para-crachas-e-broches\/\"]}]},{\"@type\":\"Article\",\"@id\":\"https:\/\/dogtagclan.com.br\/blog\/fixacao-por-ima-ou-alfinete-qual-a-melhor-opcao-para-crachas-e-broches\/#article\",\"isPartOf\":{\"@id\":\"https:\/\/dogtagclan.com.br\/blog\/fixacao-por-ima-ou-alfinete-qual-a-melhor-opcao-para-crachas-e-broches\/#webpage\"},\"author\":{\"@id\":\"https:\/\/dogtagclan.com.br\/blog\/#\/schema\/person\/b7279d930f15e2a85c89cd3b2f1d8df5\"},\"headline\":\"Fixa\\u00e7\\u00e3o por Im\\u00e3 ou Alfinete: Qual a Melhor Op\\u00e7\\u00e3o para Crach\\u00e1s e Broches?\",\"datePublished\":\"2025-03-09T13:40:36+00:00\",\"dateModified\":\"2025-03-09T13:40:37+00:00\",\"mainEntityOfPage\":{\"@id\":\"https:\/\/dogtagclan.com.br\/blog\/fixacao-por-ima-ou-alfinete-qual-a-melhor-opcao-para-crachas-e-broches\/#webpage\"},\"commentCount\":0,\"publisher\":{\"@id\":\"https:\/\/dogtagclan.com.br\/blog\/#organization\"},\"image\":{\"@id\":\"https:\/\/dogtagclan.com.br\/blog\/fixacao-por-ima-ou-alfinete-qual-a-melhor-opcao-para-crachas-e-broches\/#primaryimage\"},\"articleSection\":\"Crachas e broches personalizados\",\"inLanguage\":\"pt-BR\",\"potentialAction\":[{\"@type\":\"CommentAction\",\"name\":\"Comment\",\"target\":[\"https:\/\/dogtagclan.com.br\/blog\/fixacao-por-ima-ou-alfinete-qual-a-melhor-opcao-para-crachas-e-broches\/#respond\"]}]},{\"@type\":\"Person\",\"@id\":\"https:\/\/dogtagclan.com.br\/blog\/#\/schema\/person\/b7279d930f15e2a85c89cd3b2f1d8df5\",\"name\":\"dogtagclan\",\"description\":\"\\\"A DogTagClan \\u00e9 especializada na fabrica\\u00e7\\u00e3o e personaliza\\u00e7\\u00e3o de Dog Tags, crach\\u00e1s e acess\\u00f3rios. Produzimos pe\\u00e7as em a\\u00e7o inoxid\\u00e1vel com grava\\u00e7\\u00f5es de alta precis\\u00e3o para identifica\\u00e7\\u00e3o pessoal e profissional.\\\"\",\"sameAs\":[\"https:\/\/blog.dogtagclan.com.br\",\"https:\/\/www.facebook.com\/dogtagclan\",\"https:\/\/www.instagram.com\/dogtagclan\",\"https:\/\/twitter.com\/https:\/\/x.com\/Dogtagclanclan\",\"https:\/\/www.youtube.com\/dogtagclan\"]}]}<\/script>\n<!-- \/ Yoast SEO Premium plugin. -->","_links":{"self":[{"href":"https:\/\/dogtagclan.com.br\/blog\/wp-json\/wp\/v2\/posts\/2783"}],"collection":[{"href":"https:\/\/dogtagclan.com.br\/blog\/wp-json\/wp\/v2\/posts"}],"about":[{"href":"https:\/\/dogtagclan.com.br\/blog\/wp-json\/wp\/v2\/types\/post"}],"author":[{"embeddable":true,"href":"https:\/\/dogtagclan.com.br\/blog\/wp-json\/wp\/v2\/users\/1"}],"replies":[{"embeddable":true,"href":"https:\/\/dogtagclan.com.br\/blog\/wp-json\/wp\/v2\/comments?post=2783"}],"version-history":[{"count":0,"href":"https:\/\/dogtagclan.com.br\/blog\/wp-json\/wp\/v2\/posts\/2783\/revisions"}],"wp:featuredmedia":[{"embeddable":true,"href":"https:\/\/dogtagclan.com.br\/blog\/wp-json\/wp\/v2\/media\/2465"}],"wp:attachment":[{"href":"https:\/\/dogtagclan.com.br\/blog\/wp-json\/wp\/v2\/media?parent=2783"}],"wp:term":[{"taxonomy":"category","embeddable":true,"href":"https:\/\/dogtagclan.com.br\/blog\/wp-json\/wp\/v2\/categories?post=2783"},{"taxonomy":"post_tag","embeddable":true,"href":"https:\/\/dogtagclan.com.br\/blog\/wp-json\/wp\/v2\/tags?post=2783"}],"curies":[{"name":"wp","href":"https:\/\/api.w.org\/{rel}","templated":true}]}}