{"id":2781,"date":"2025-03-09T10:37:57","date_gmt":"2025-03-09T13:37:57","guid":{"rendered":"https:\/\/blog.dogtagclan.com.br\/?p=2781"},"modified":"2025-03-09T10:37:58","modified_gmt":"2025-03-09T13:37:58","slug":"crachas-e-broches-personalizados-guia-completo-sobre-fixacao-com-ima-ou-alfinete","status":"publish","type":"post","link":"https:\/\/dogtagclan.com.br\/blog\/crachas-e-broches-personalizados-guia-completo-sobre-fixacao-com-ima-ou-alfinete\/","title":{"rendered":"Crach\u00e1s e Broches Personalizados: Guia Completo sobre Fixa\u00e7\u00e3o com Im\u00e3 ou Alfinete"},"content":{"rendered":"\n<p>Os <strong>crach\u00e1s e broches personalizados<\/strong> s\u00e3o essenciais para identifica\u00e7\u00e3o profissional, eventos corporativos e branding. Sejam usados por empresas, feiras, conven\u00e7\u00f5es ou at\u00e9 mesmo como brindes promocionais, a escolha do <strong>tipo de fixa\u00e7\u00e3o<\/strong> \u00e9 um fator determinante para conforto, praticidade e durabilidade.<\/p>\n\n\n\n<p>Dentre as op\u00e7\u00f5es mais populares, destacam-se os modelos com <strong>im\u00e3<\/strong> e <strong>alfinete<\/strong>, cada um com suas vantagens e aplica\u00e7\u00f5es espec\u00edficas. Neste guia, voc\u00ea vai descobrir qual \u00e9 a melhor op\u00e7\u00e3o para o seu uso e como personalizar crach\u00e1s e broches de <strong>a\u00e7o inox 430<\/strong> com qualidade profissional.<\/p>\n\n\n\n<p>\ud83d\udccc <strong>Leia tamb\u00e9m:<\/strong> <a href=\"https:\/\/blog.dogtagclan.com.br\/cracha-e-broche-personalizado-em-aco-inox-guia-definitivo-para-escolher-o-melhor-modelo\/\">Crach\u00e1 e Broche Personalizado em A\u00e7o Inox &#8211; Guia Definitivo<\/a><\/p>\n\n\n\n<h2 class=\"wp-block-heading\" id=\"h-1-por-que-escolher-crach-s-e-broches-personalizados\">1. Por que Escolher Crach\u00e1s e Broches Personalizados?<\/h2>\n\n\n\n<figure class=\"wp-block-image size-full is-resized\"><img decoding=\"async\" width=\"500\" height=\"500\" src=\"https:\/\/blog.dogtagclan.com.br\/wp-content\/uploads\/2025\/02\/Sem-Titulo-1-2.jpg\" alt=\"\" class=\"wp-image-2464\" style=\"width:696px;height:auto\" srcset=\"https:\/\/dogtagclan.com.br\/blog\/wp-content\/uploads\/2025\/02\/Sem-Titulo-1-2.jpg 500w, https:\/\/dogtagclan.com.br\/blog\/wp-content\/uploads\/2025\/02\/Sem-Titulo-1-2-300x300.jpg 300w, https:\/\/dogtagclan.com.br\/blog\/wp-content\/uploads\/2025\/02\/Sem-Titulo-1-2-150x150.jpg 150w\" sizes=\"(max-width: 500px) 100vw, 500px\" \/><\/figure>\n\n\n\n<p>Os <strong>crach\u00e1s e broches personalizados<\/strong> s\u00e3o ideais para:<\/p>\n\n\n\n<ul>\n<li><strong>Identifica\u00e7\u00e3o corporativa<\/strong> em empresas e organiza\u00e7\u00f5es.<\/li>\n\n\n\n<li><strong>Eventos e feiras<\/strong> para destacar marcas e patrocinadores.<\/li>\n\n\n\n<li><strong>Brindes personalizados<\/strong> para promo\u00e7\u00f5es e fideliza\u00e7\u00e3o de clientes.<\/li>\n\n\n\n<li><strong>Identifica\u00e7\u00e3o profissional e uniformes.<\/strong><\/li>\n<\/ul>\n\n\n\n<p>Com um design exclusivo, esses itens refor\u00e7am a <strong>identidade visual da empresa<\/strong>, trazendo um toque de profissionalismo e sofistica\u00e7\u00e3o.<\/p>\n\n\n\n<h2 class=\"wp-block-heading\" id=\"h-2-materiais-utilizados-em-crach-s-e-broches-personalizados\">2. Materiais Utilizados em Crach\u00e1s e Broches Personalizados<\/h2>\n\n\n\n<p>Os crach\u00e1s e broches podem ser fabricados em diversos materiais, mas o <strong>a\u00e7o inox 430<\/strong> se destaca pela sua:<\/p>\n\n\n\n<p>\u2705 <strong>Alta resist\u00eancia<\/strong>: Material dur\u00e1vel e resistente \u00e0 corros\u00e3o.<br>\u2705 <strong>Acabamento premium<\/strong>: Ideal para um visual profissional e sofisticado.<br>\u2705 <strong>Personaliza\u00e7\u00e3o detalhada<\/strong>: Permite impress\u00e3o colorida de alta qualidade via <strong>sublima\u00e7\u00e3o<\/strong>.<\/p>\n\n\n\n<h2 class=\"wp-block-heading\" id=\"h-3-tipos-de-fixa-o-im-ou-alfinete\">3. Tipos de Fixa\u00e7\u00e3o: Im\u00e3 ou Alfinete?<\/h2>\n\n\n\n<p>A escolha da fixa\u00e7\u00e3o \u00e9 crucial para garantir conforto e seguran\u00e7a no uso dos crach\u00e1s e broches personalizados. Vamos analisar as diferen\u00e7as entre <strong>im\u00e3<\/strong> e <strong>alfinete<\/strong>.<\/p>\n\n\n\n<h3 class=\"wp-block-heading\" id=\"h-crach-s-e-broches-com-im\"><strong>\ud83d\udd39 Crach\u00e1s e Broches com Im\u00e3<\/strong><\/h3>\n\n\n\n<p>O <strong>im\u00e3<\/strong> \u00e9 um sistema moderno de fixa\u00e7\u00e3o que se destaca por ser:<\/p>\n\n\n\n<p>\u2705 <strong>Pr\u00e1tico<\/strong> \u2013 F\u00e1cil de colocar e retirar, ideal para quem precisa remover o crach\u00e1 frequentemente.<br>\u2705 <strong>N\u00e3o danifica a roupa<\/strong> \u2013 Diferente do alfinete, o im\u00e3 n\u00e3o fura o tecido.<br>\u2705 <strong>Visual sofisticado<\/strong> \u2013 Perfeito para uniformes sociais, ternos e roupas finas.<br>\u2705 <strong>Resistente e seguro<\/strong> \u2013 Mant\u00e9m o crach\u00e1 firme sem necessidade de grampos ou presilhas.<\/p>\n\n\n\n<p>\ud83d\udccc <strong>Indicado para:<\/strong> Escrit\u00f3rios, lojas, eventos corporativos, recepcionistas e profissionais que n\u00e3o podem danificar suas roupas.<\/p>\n\n\n\n<hr class=\"wp-block-separator has-alpha-channel-opacity\"\/>\n\n\n\n<h3 class=\"wp-block-heading\" id=\"h-crach-s-e-broches-com-alfinete\"><strong>\ud83d\udd39 Crach\u00e1s e Broches com Alfinete<\/strong><\/h3>\n\n\n\n<p>O <strong>alfinete<\/strong> \u00e9 um dos m\u00e9todos mais tradicionais de fixa\u00e7\u00e3o, sendo:<\/p>\n\n\n\n<p>\u2705 <strong>Seguro e fixo<\/strong> \u2013 Ideal para uniformes e jalecos, pois n\u00e3o cai facilmente.<br>\u2705 <strong>Custo-benef\u00edcio<\/strong> \u2013 Normalmente mais barato que o modelo com im\u00e3.<br>\u2705 <strong>Vers\u00e1til<\/strong> \u2013 Funciona bem em tecidos grossos e para usos prolongados.<\/p>\n\n\n\n<p>\ud83d\udccc <strong>Indicado para:<\/strong> Uniformes, aventais, equipes de atendimento, feiras e crach\u00e1s de longa dura\u00e7\u00e3o.<\/p>\n\n\n\n<hr class=\"wp-block-separator has-alpha-channel-opacity\"\/>\n\n\n\n<h2 class=\"wp-block-heading\" id=\"h-4-como-personalizar-seu-crach-ou-broche-de-a-o-inox\">4. Como Personalizar seu Crach\u00e1 ou Broche de A\u00e7o Inox?<\/h2>\n\n\n\n<p>Na <strong>Dog Tag Clan<\/strong>, a personaliza\u00e7\u00e3o dos crach\u00e1s e broches de a\u00e7o inox 430 \u00e9 feita via <strong>sublima\u00e7\u00e3o<\/strong>, permitindo grava\u00e7\u00e3o de:<\/p>\n\n\n\n<p>\u2714\ufe0f <strong>Nomes e cargos de colaboradores<\/strong> \u2714\ufe0f <strong>Logotipos e identidade visual da empresa<\/strong> \u2714\ufe0f <strong>Cores vibrantes e imagens detalhadas<\/strong> \u2714\ufe0f <strong>Elementos personalizados conforme a necessidade do cliente<\/strong><\/p>\n\n\n\n<h2 class=\"wp-block-heading\" id=\"h-5-benef-cios-dos-crach-s-e-broches-de-a-o-inox\">5. Benef\u00edcios dos Crach\u00e1s e Broches de A\u00e7o Inox<\/h2>\n\n\n\n<p>\ud83d\udd39 <strong>Durabilidade superior<\/strong> \u2013 Resistente ao tempo e ao uso di\u00e1rio.<br>\ud83d\udd39 <strong>Sofistica\u00e7\u00e3o<\/strong> \u2013 Material premium para um acabamento profissional.<br>\ud83d\udd39 <strong>Personaliza\u00e7\u00e3o completa<\/strong> \u2013 Sublima\u00e7\u00e3o de alta qualidade para resultados impec\u00e1veis.<br>\ud83d\udd39 <strong>Versatilidade<\/strong> \u2013 Op\u00e7\u00f5es de fixa\u00e7\u00e3o conforme a necessidade do cliente.<\/p>\n\n\n\n<h2 class=\"wp-block-heading\" id=\"h-6-como-escolher-o-melhor-crach-ou-broche-para-sua-empresa\">6. Como Escolher o Melhor Crach\u00e1 ou Broche para sua Empresa?<\/h2>\n\n\n\n<p>\ud83d\udd39 <strong>Para eventos corporativos:<\/strong> Crach\u00e1s e broches com <strong>im\u00e3<\/strong> s\u00e3o ideais.<br>\ud83d\udd39 <strong>Para uniformes de equipes:<\/strong> O modelo com <strong>alfinete<\/strong> \u00e9 mais indicado.<br>\ud83d\udd39 <strong>Para brindes e personaliza\u00e7\u00e3o de marca:<\/strong> Ambos os modelos funcionam bem, dependendo do tipo de roupa onde ser\u00e3o utilizados.<\/p>\n\n\n\n<h2 class=\"wp-block-heading\" id=\"h-7-onde-comprar-crach-s-e-broches-personalizados-de-a-o-inox\">7. Onde Comprar Crach\u00e1s e Broches Personalizados de A\u00e7o Inox?<\/h2>\n\n\n\n<p>Se voc\u00ea deseja um <strong>crach\u00e1 ou broche personalizado de alta qualidade<\/strong>, conte com a <strong>Dog Tag Clan<\/strong>! Oferecemos produtos com <strong>grava\u00e7\u00e3o de sublima\u00e7\u00e3o de alta defini\u00e7\u00e3o<\/strong> e op\u00e7\u00f5es de fixa\u00e7\u00e3o sob medida para cada necessidade.<\/p>\n\n\n\n<p>\ud83d\udd17 <strong>Pe\u00e7a o seu agora:<\/strong> <a href=\"https:\/\/dogtagclan.com.br\/departamento\/adicionais\/boton-cracha\">DogTagClan.com.br &#8211; Crach\u00e1s e Broches Personalizados<\/a><\/p>\n\n\n\n<h2 class=\"wp-block-heading\" id=\"h-conclus-o\">Conclus\u00e3o<\/h2>\n\n\n\n<p>Escolher um <strong>crach\u00e1 ou broche personalizado<\/strong> requer aten\u00e7\u00e3o ao material, tipo de grava\u00e7\u00e3o e fixa\u00e7\u00e3o. <strong>Os modelos de a\u00e7o inox 430<\/strong> s\u00e3o a op\u00e7\u00e3o mais dur\u00e1vel e elegante, enquanto a fixa\u00e7\u00e3o com <strong>im\u00e3 ou alfinete<\/strong> garante praticidade para cada tipo de necessidade.<\/p>\n\n\n\n<p><strong>Garanta agora um crach\u00e1 profissional e sofisticado na Dog Tag Clan!<\/strong> \ud83d\ude80\ud83d\udd25<\/p>\n\n\n\n<p>#Crach\u00e1Personalizado #Broches #DogTagClan #Identifica\u00e7\u00e3oCorporativa #A\u00e7oInox #Sublima\u00e7\u00e3o<\/p>\n","protected":false},"excerpt":{"rendered":"<p>Os crach\u00e1s e broches personalizados s\u00e3o essenciais para identifica\u00e7\u00e3o profissional, eventos corporativos e branding. Sejam usados por empresas, feiras, conven\u00e7\u00f5es<\/p>\n","protected":false},"author":1,"featured_media":2498,"comment_status":"open","ping_status":"open","sticky":false,"template":"","format":"standard","meta":{"footnotes":""},"categories":[554],"tags":[],"yoast_head":"<!-- This site is optimized with the Yoast SEO Premium plugin v15.5 - https:\/\/yoast.com\/wordpress\/plugins\/seo\/ -->\n<title>Crach\u00e1s e Broches Personalizados: Guia Completo sobre Fixa\u00e7\u00e3o com Im\u00e3 ou Alfinete | DogTagClan Blog<\/title>\n<meta name=\"description\" content=\"Os crach\u00e1s e broches personalizados s\u00e3o essenciais para identifica\u00e7\u00e3o profissional, eventos corporativos e branding. Sejam usados\" \/>\n<meta name=\"robots\" content=\"index, follow, max-snippet:-1, max-image-preview:large, max-video-preview:-1\" \/>\n<link rel=\"canonical\" href=\"https:\/\/dogtagclan.com.br\/blog\/crachas-e-broches-personalizados-guia-completo-sobre-fixacao-com-ima-ou-alfinete\/\" \/>\n<meta property=\"og:locale\" content=\"pt_BR\" \/>\n<meta property=\"og:type\" content=\"article\" \/>\n<meta property=\"og:title\" content=\"Crach\u00e1s e Broches Personalizados: Guia Completo sobre Fixa\u00e7\u00e3o com Im\u00e3 ou Alfinete | DogTagClan Blog\" \/>\n<meta property=\"og:description\" content=\"Os crach\u00e1s e broches personalizados s\u00e3o essenciais para identifica\u00e7\u00e3o profissional, eventos corporativos e branding. Sejam usados\" \/>\n<meta property=\"og:url\" content=\"https:\/\/dogtagclan.com.br\/blog\/crachas-e-broches-personalizados-guia-completo-sobre-fixacao-com-ima-ou-alfinete\/\" \/>\n<meta property=\"og:site_name\" content=\"DogTagClan Blog\" \/>\n<meta property=\"article:publisher\" content=\"https:\/\/www.facebook.com\/dogtagclan\" \/>\n<meta property=\"article:author\" content=\"https:\/\/www.facebook.com\/dogtagclan\" \/>\n<meta property=\"article:published_time\" content=\"2025-03-09T13:37:57+00:00\" \/>\n<meta property=\"article:modified_time\" content=\"2025-03-09T13:37:58+00:00\" \/>\n<meta property=\"og:image\" content=\"https:\/\/dogtagclan.com.br\/blog\/wp-content\/uploads\/2025\/02\/03-Titulo-1.jpg\" \/>\n\t<meta property=\"og:image:width\" content=\"500\" \/>\n\t<meta property=\"og:image:height\" content=\"500\" \/>\n<meta name=\"twitter:card\" content=\"summary_large_image\" \/>\n<meta name=\"twitter:creator\" content=\"@https:\/\/x.com\/Dogtagclanclan\" \/>\n<meta name=\"twitter:label1\" content=\"Est. tempo de leitura\">\n\t<meta name=\"twitter:data1\" content=\"3 minutos\">\n<script type=\"application\/ld+json\" class=\"yoast-schema-graph\">{\"@context\":\"https:\/\/schema.org\",\"@graph\":[{\"@type\":\"Organization\",\"@id\":\"https:\/\/dogtagclan.com.br\/blog\/#organization\",\"name\":\"DogTagClan | Dog Tags, Crach\\u00e1s e Acess\\u00f3rios Personalizados\",\"url\":\"https:\/\/dogtagclan.com.br\/blog\/\",\"sameAs\":[\"https:\/\/www.facebook.com\/dogtagclan\"],\"logo\":{\"@type\":\"ImageObject\",\"@id\":\"https:\/\/dogtagclan.com.br\/blog\/#logo\",\"inLanguage\":\"pt-BR\",\"url\":\"https:\/\/dogtagclan.com.br\/blog\/wp-content\/uploads\/2023\/02\/cropped-doftagclan-logo.png\",\"width\":250,\"height\":140,\"caption\":\"DogTagClan | Dog Tags, Crach\\u00e1s e Acess\\u00f3rios Personalizados\"},\"image\":{\"@id\":\"https:\/\/dogtagclan.com.br\/blog\/#logo\"}},{\"@type\":\"WebSite\",\"@id\":\"https:\/\/dogtagclan.com.br\/blog\/#website\",\"url\":\"https:\/\/dogtagclan.com.br\/blog\/\",\"name\":\"DogTagClan Blog\",\"description\":\"A gente faz, do seu Jeito\",\"publisher\":{\"@id\":\"https:\/\/dogtagclan.com.br\/blog\/#organization\"},\"potentialAction\":[{\"@type\":\"SearchAction\",\"target\":\"https:\/\/dogtagclan.com.br\/blog\/?s={search_term_string}\",\"query-input\":\"required name=search_term_string\"}],\"inLanguage\":\"pt-BR\"},{\"@type\":\"ImageObject\",\"@id\":\"https:\/\/dogtagclan.com.br\/blog\/crachas-e-broches-personalizados-guia-completo-sobre-fixacao-com-ima-ou-alfinete\/#primaryimage\",\"inLanguage\":\"pt-BR\",\"url\":\"https:\/\/dogtagclan.com.br\/blog\/wp-content\/uploads\/2025\/02\/03-Titulo-1.jpg\",\"width\":500,\"height\":500},{\"@type\":\"WebPage\",\"@id\":\"https:\/\/dogtagclan.com.br\/blog\/crachas-e-broches-personalizados-guia-completo-sobre-fixacao-com-ima-ou-alfinete\/#webpage\",\"url\":\"https:\/\/dogtagclan.com.br\/blog\/crachas-e-broches-personalizados-guia-completo-sobre-fixacao-com-ima-ou-alfinete\/\",\"name\":\"Crach\\u00e1s e Broches Personalizados: Guia Completo sobre Fixa\\u00e7\\u00e3o com Im\\u00e3 ou Alfinete | DogTagClan Blog\",\"isPartOf\":{\"@id\":\"https:\/\/dogtagclan.com.br\/blog\/#website\"},\"primaryImageOfPage\":{\"@id\":\"https:\/\/dogtagclan.com.br\/blog\/crachas-e-broches-personalizados-guia-completo-sobre-fixacao-com-ima-ou-alfinete\/#primaryimage\"},\"datePublished\":\"2025-03-09T13:37:57+00:00\",\"dateModified\":\"2025-03-09T13:37:58+00:00\",\"description\":\"Os crach\\u00e1s e broches personalizados s\\u00e3o essenciais para identifica\\u00e7\\u00e3o profissional, eventos corporativos e branding. Sejam usados\",\"inLanguage\":\"pt-BR\",\"potentialAction\":[{\"@type\":\"ReadAction\",\"target\":[\"https:\/\/dogtagclan.com.br\/blog\/crachas-e-broches-personalizados-guia-completo-sobre-fixacao-com-ima-ou-alfinete\/\"]}]},{\"@type\":\"Article\",\"@id\":\"https:\/\/dogtagclan.com.br\/blog\/crachas-e-broches-personalizados-guia-completo-sobre-fixacao-com-ima-ou-alfinete\/#article\",\"isPartOf\":{\"@id\":\"https:\/\/dogtagclan.com.br\/blog\/crachas-e-broches-personalizados-guia-completo-sobre-fixacao-com-ima-ou-alfinete\/#webpage\"},\"author\":{\"@id\":\"https:\/\/dogtagclan.com.br\/blog\/#\/schema\/person\/b7279d930f15e2a85c89cd3b2f1d8df5\"},\"headline\":\"Crach\\u00e1s e Broches Personalizados: Guia Completo sobre Fixa\\u00e7\\u00e3o com Im\\u00e3 ou Alfinete\",\"datePublished\":\"2025-03-09T13:37:57+00:00\",\"dateModified\":\"2025-03-09T13:37:58+00:00\",\"mainEntityOfPage\":{\"@id\":\"https:\/\/dogtagclan.com.br\/blog\/crachas-e-broches-personalizados-guia-completo-sobre-fixacao-com-ima-ou-alfinete\/#webpage\"},\"commentCount\":0,\"publisher\":{\"@id\":\"https:\/\/dogtagclan.com.br\/blog\/#organization\"},\"image\":{\"@id\":\"https:\/\/dogtagclan.com.br\/blog\/crachas-e-broches-personalizados-guia-completo-sobre-fixacao-com-ima-ou-alfinete\/#primaryimage\"},\"articleSection\":\"Crachas e broches personalizados\",\"inLanguage\":\"pt-BR\",\"potentialAction\":[{\"@type\":\"CommentAction\",\"name\":\"Comment\",\"target\":[\"https:\/\/dogtagclan.com.br\/blog\/crachas-e-broches-personalizados-guia-completo-sobre-fixacao-com-ima-ou-alfinete\/#respond\"]}]},{\"@type\":\"Person\",\"@id\":\"https:\/\/dogtagclan.com.br\/blog\/#\/schema\/person\/b7279d930f15e2a85c89cd3b2f1d8df5\",\"name\":\"dogtagclan\",\"description\":\"\\\"A DogTagClan \\u00e9 especializada na fabrica\\u00e7\\u00e3o e personaliza\\u00e7\\u00e3o de Dog Tags, crach\\u00e1s e acess\\u00f3rios. Produzimos pe\\u00e7as em a\\u00e7o inoxid\\u00e1vel com grava\\u00e7\\u00f5es de alta precis\\u00e3o para identifica\\u00e7\\u00e3o pessoal e profissional.\\\"\",\"sameAs\":[\"https:\/\/blog.dogtagclan.com.br\",\"https:\/\/www.facebook.com\/dogtagclan\",\"https:\/\/www.instagram.com\/dogtagclan\",\"https:\/\/twitter.com\/https:\/\/x.com\/Dogtagclanclan\",\"https:\/\/www.youtube.com\/dogtagclan\"]}]}<\/script>\n<!-- \/ Yoast SEO Premium plugin. -->","_links":{"self":[{"href":"https:\/\/dogtagclan.com.br\/blog\/wp-json\/wp\/v2\/posts\/2781"}],"collection":[{"href":"https:\/\/dogtagclan.com.br\/blog\/wp-json\/wp\/v2\/posts"}],"about":[{"href":"https:\/\/dogtagclan.com.br\/blog\/wp-json\/wp\/v2\/types\/post"}],"author":[{"embeddable":true,"href":"https:\/\/dogtagclan.com.br\/blog\/wp-json\/wp\/v2\/users\/1"}],"replies":[{"embeddable":true,"href":"https:\/\/dogtagclan.com.br\/blog\/wp-json\/wp\/v2\/comments?post=2781"}],"version-history":[{"count":0,"href":"https:\/\/dogtagclan.com.br\/blog\/wp-json\/wp\/v2\/posts\/2781\/revisions"}],"wp:featuredmedia":[{"embeddable":true,"href":"https:\/\/dogtagclan.com.br\/blog\/wp-json\/wp\/v2\/media\/2498"}],"wp:attachment":[{"href":"https:\/\/dogtagclan.com.br\/blog\/wp-json\/wp\/v2\/media?parent=2781"}],"wp:term":[{"taxonomy":"category","embeddable":true,"href":"https:\/\/dogtagclan.com.br\/blog\/wp-json\/wp\/v2\/categories?post=2781"},{"taxonomy":"post_tag","embeddable":true,"href":"https:\/\/dogtagclan.com.br\/blog\/wp-json\/wp\/v2\/tags?post=2781"}],"curies":[{"name":"wp","href":"https:\/\/api.w.org\/{rel}","templated":true}]}}