{"id":2754,"date":"2025-03-08T20:07:12","date_gmt":"2025-03-08T23:07:12","guid":{"rendered":"https:\/\/blog.dogtagclan.com.br\/?p=2754"},"modified":"2025-03-09T13:57:03","modified_gmt":"2025-03-09T16:57:03","slug":"verde-militar-o-significado-e-a-identidade-por-tras-dessa-cor","status":"publish","type":"post","link":"https:\/\/dogtagclan.com.br\/blog\/verde-militar-o-significado-e-a-identidade-por-tras-dessa-cor\/","title":{"rendered":"Verde Militar: O Significado e a Identidade por Tr\u00e1s Dessa Cor"},"content":{"rendered":"\n<p>O <strong>verde militar<\/strong> \u00e9 uma das cores mais ic\u00f4nicas no mundo t\u00e1tico e de defesa. Mas voc\u00ea sabe o que ela representa?<\/p>\n\n\n\n<p>\ud83d\udca1 <strong>Curiosidade<\/strong>: O verde militar remete \u00e0 resist\u00eancia, coragem e estrat\u00e9gia, sendo utilizado em uniformes desde a Primeira Guerra Mundial para camuflagem e identidade visual das tropas.<\/p>\n\n\n\n<figure class=\"wp-block-image size-full\"><a href=\"https:\/\/dogtagclan.com.br\/\"><img decoding=\"async\" width=\"692\" height=\"916\" src=\"https:\/\/blog.dogtagclan.com.br\/wp-content\/uploads\/2025\/02\/dog-tag-alto-relevo-23.jpg\" alt=\"\" class=\"wp-image-2322\" srcset=\"https:\/\/dogtagclan.com.br\/blog\/wp-content\/uploads\/2025\/02\/dog-tag-alto-relevo-23.jpg 692w, https:\/\/dogtagclan.com.br\/blog\/wp-content\/uploads\/2025\/02\/dog-tag-alto-relevo-23-227x300.jpg 227w\" sizes=\"(max-width: 692px) 100vw, 692px\" \/><\/a><\/figure>\n\n\n\n<p>\ud83d\udee1\ufe0f Se voc\u00ea \u00e9 apaixonado por itens t\u00e1ticos, as <strong>Dog Tags<\/strong> personalizadas na <strong><a href=\"https:\/\/dogtagclan.com.br\/\">DogTagClan<\/a><\/strong> s\u00e3o uma maneira incr\u00edvel de carregar sua identidade militar com orgulho. Temos op\u00e7\u00f5es em <strong>a\u00e7o inox<\/strong>, com grava\u00e7\u00e3o personalizada e envio para todo o Brasil!<\/p>\n\n\n\n<p>\ud83d\udccc <strong>Explore as melhores Dog Tags militares personalizadas:<\/strong><br>\ud83d\udd17 <a href=\"https:\/\/dogtagclan.com.br\/\">DogTagClan &#8211; Identifica\u00e7\u00e3o Militar<\/a><\/p>\n","protected":false},"excerpt":{"rendered":"<p>O verde militar \u00e9 uma das cores mais ic\u00f4nicas no mundo t\u00e1tico e de defesa. Mas voc\u00ea sabe o que<\/p>\n","protected":false},"author":1,"featured_media":2755,"comment_status":"open","ping_status":"open","sticky":false,"template":"","format":"standard","meta":{"footnotes":""},"categories":[615],"tags":[631,685,680,650,626,637,700,665,663,618,705,694,678,666,707,634,713,662,720,677,672,617,658,687,651,31,702,698,627,688,664,624,706,619,641,686,667,670,620,711,674,668,718,656,712,629,689,646,719,642,644,623,639,635,701,703,652,669,710,671,616,660,691,717,681,654,697,653,676,657,675,640,661,696,632,692,405,704,645,630,683,684,655,714,633,648,693,638,721,716,622,708,643,621,715,673,649,628,682,679,659,625,647,699,690,709,636,695],"yoast_head":"<!-- This site is optimized with the Yoast SEO Premium plugin v15.5 - https:\/\/yoast.com\/wordpress\/plugins\/seo\/ -->\n<title>Verde Militar: O Significado e a Identidade por Tr\u00e1s Dessa Cor | DogTagClan Blog<\/title>\n<meta name=\"description\" content=\"O verde militar \u00e9 uma das cores mais ic\u00f4nicas no mundo t\u00e1tico e de defesa. Mas voc\u00ea sabe o que ela representa?\" \/>\n<meta name=\"robots\" content=\"index, follow, max-snippet:-1, max-image-preview:large, max-video-preview:-1\" \/>\n<link rel=\"canonical\" href=\"https:\/\/dogtagclan.com.br\/blog\/verde-militar-o-significado-e-a-identidade-por-tras-dessa-cor\/\" \/>\n<meta property=\"og:locale\" content=\"pt_BR\" \/>\n<meta property=\"og:type\" content=\"article\" \/>\n<meta property=\"og:title\" content=\"Verde Militar: O Significado e a Identidade por Tr\u00e1s Dessa Cor | DogTagClan Blog\" \/>\n<meta property=\"og:description\" content=\"O verde militar \u00e9 uma das cores mais ic\u00f4nicas no mundo t\u00e1tico e de defesa. Mas voc\u00ea sabe o que ela representa?\" \/>\n<meta property=\"og:url\" content=\"https:\/\/dogtagclan.com.br\/blog\/verde-militar-o-significado-e-a-identidade-por-tras-dessa-cor\/\" \/>\n<meta property=\"og:site_name\" content=\"DogTagClan Blog\" \/>\n<meta property=\"article:publisher\" content=\"https:\/\/www.facebook.com\/dogtagclan\" \/>\n<meta property=\"article:author\" content=\"https:\/\/www.facebook.com\/dogtagclan\" \/>\n<meta property=\"article:published_time\" content=\"2025-03-08T23:07:12+00:00\" \/>\n<meta property=\"article:modified_time\" content=\"2025-03-09T16:57:03+00:00\" \/>\n<meta property=\"og:image\" content=\"https:\/\/dogtagclan.com.br\/blog\/wp-content\/uploads\/2025\/03\/Captusrar.jpg\" \/>\n\t<meta property=\"og:image:width\" content=\"755\" \/>\n\t<meta property=\"og:image:height\" content=\"762\" \/>\n<meta name=\"twitter:card\" content=\"summary_large_image\" \/>\n<meta name=\"twitter:creator\" content=\"@https:\/\/x.com\/Dogtagclanclan\" \/>\n<meta name=\"twitter:label1\" content=\"Est. tempo de leitura\">\n\t<meta name=\"twitter:data1\" content=\"0 minuto\">\n<script type=\"application\/ld+json\" class=\"yoast-schema-graph\">{\"@context\":\"https:\/\/schema.org\",\"@graph\":[{\"@type\":\"Organization\",\"@id\":\"https:\/\/dogtagclan.com.br\/blog\/#organization\",\"name\":\"DogTagClan | Dog Tags, Crach\\u00e1s e Acess\\u00f3rios Personalizados\",\"url\":\"https:\/\/dogtagclan.com.br\/blog\/\",\"sameAs\":[\"https:\/\/www.facebook.com\/dogtagclan\"],\"logo\":{\"@type\":\"ImageObject\",\"@id\":\"https:\/\/dogtagclan.com.br\/blog\/#logo\",\"inLanguage\":\"pt-BR\",\"url\":\"https:\/\/dogtagclan.com.br\/blog\/wp-content\/uploads\/2023\/02\/cropped-doftagclan-logo.png\",\"width\":250,\"height\":140,\"caption\":\"DogTagClan | Dog Tags, Crach\\u00e1s e Acess\\u00f3rios Personalizados\"},\"image\":{\"@id\":\"https:\/\/dogtagclan.com.br\/blog\/#logo\"}},{\"@type\":\"WebSite\",\"@id\":\"https:\/\/dogtagclan.com.br\/blog\/#website\",\"url\":\"https:\/\/dogtagclan.com.br\/blog\/\",\"name\":\"DogTagClan Blog\",\"description\":\"A gente faz, do seu Jeito\",\"publisher\":{\"@id\":\"https:\/\/dogtagclan.com.br\/blog\/#organization\"},\"potentialAction\":[{\"@type\":\"SearchAction\",\"target\":\"https:\/\/dogtagclan.com.br\/blog\/?s={search_term_string}\",\"query-input\":\"required name=search_term_string\"}],\"inLanguage\":\"pt-BR\"},{\"@type\":\"ImageObject\",\"@id\":\"https:\/\/dogtagclan.com.br\/blog\/verde-militar-o-significado-e-a-identidade-por-tras-dessa-cor\/#primaryimage\",\"inLanguage\":\"pt-BR\",\"url\":\"https:\/\/dogtagclan.com.br\/blog\/wp-content\/uploads\/2025\/03\/Captusrar.jpg\",\"width\":755,\"height\":762},{\"@type\":\"WebPage\",\"@id\":\"https:\/\/dogtagclan.com.br\/blog\/verde-militar-o-significado-e-a-identidade-por-tras-dessa-cor\/#webpage\",\"url\":\"https:\/\/dogtagclan.com.br\/blog\/verde-militar-o-significado-e-a-identidade-por-tras-dessa-cor\/\",\"name\":\"Verde Militar: O Significado e a Identidade por Tr\\u00e1s Dessa Cor | DogTagClan Blog\",\"isPartOf\":{\"@id\":\"https:\/\/dogtagclan.com.br\/blog\/#website\"},\"primaryImageOfPage\":{\"@id\":\"https:\/\/dogtagclan.com.br\/blog\/verde-militar-o-significado-e-a-identidade-por-tras-dessa-cor\/#primaryimage\"},\"datePublished\":\"2025-03-08T23:07:12+00:00\",\"dateModified\":\"2025-03-09T16:57:03+00:00\",\"description\":\"O verde militar \\u00e9 uma das cores mais ic\\u00f4nicas no mundo t\\u00e1tico e de defesa. Mas voc\\u00ea sabe o que ela representa?\",\"inLanguage\":\"pt-BR\",\"potentialAction\":[{\"@type\":\"ReadAction\",\"target\":[\"https:\/\/dogtagclan.com.br\/blog\/verde-militar-o-significado-e-a-identidade-por-tras-dessa-cor\/\"]}]},{\"@type\":\"Article\",\"@id\":\"https:\/\/dogtagclan.com.br\/blog\/verde-militar-o-significado-e-a-identidade-por-tras-dessa-cor\/#article\",\"isPartOf\":{\"@id\":\"https:\/\/dogtagclan.com.br\/blog\/verde-militar-o-significado-e-a-identidade-por-tras-dessa-cor\/#webpage\"},\"author\":{\"@id\":\"https:\/\/dogtagclan.com.br\/blog\/#\/schema\/person\/b7279d930f15e2a85c89cd3b2f1d8df5\"},\"headline\":\"Verde Militar: O Significado e a Identidade por Tr\\u00e1s Dessa Cor\",\"datePublished\":\"2025-03-08T23:07:12+00:00\",\"dateModified\":\"2025-03-09T16:57:03+00:00\",\"mainEntityOfPage\":{\"@id\":\"https:\/\/dogtagclan.com.br\/blog\/verde-militar-o-significado-e-a-identidade-por-tras-dessa-cor\/#webpage\"},\"commentCount\":0,\"publisher\":{\"@id\":\"https:\/\/dogtagclan.com.br\/blog\/#organization\"},\"image\":{\"@id\":\"https:\/\/dogtagclan.com.br\/blog\/verde-militar-o-significado-e-a-identidade-por-tras-dessa-cor\/#primaryimage\"},\"keywords\":\"aeron\\u00e1utica brasileira,aeron\\u00e1utica mundial,aeronaves de combate,armamento nuclear,armamentos militares,armas da segunda guerra,armas hist\\u00f3ricas,ataque militar,bases militares,batalhas famosas,batalhas famosas da hist\\u00f3ria,batalhas medievais,blindados militares,comandos militares,conflitos armados,conflitos globais,conflitos internacionais,conflitos militares,conflitos na am\\u00e9rica latina,confronto militar,curiosidades da segunda guerra,curiosidades militares,curiosidades sobre guerras,defesa estrat\\u00e9gica,defesa nacional,dog tag,doutrinas militares,equipamentos de defesa,equipamentos de guerra,espionagem militar,estrat\\u00e9gias de defesa,estrat\\u00e9gias militares,estrat\\u00e9gias militares antigas,ex\\u00e9rcito brasileiro,ex\\u00e9rcito dos estados unidos,ex\\u00e9rcito mundial,ex\\u00e9rcito russo,fatos hist\\u00f3ricos militares,for\\u00e7as armadas,for\\u00e7as armadas de pa\\u00edses,for\\u00e7as armadas do brasil,for\\u00e7as armadas mundiais,for\\u00e7as da ONU,for\\u00e7as de opera\\u00e7\\u00f5es especiais,for\\u00e7as de seguran\\u00e7a,for\\u00e7as especiais,for\\u00e7as t\\u00e1ticas,guerra civil americana,guerra da coreia,guerra da independ\\u00eancia,guerra do vietn\\u00e3,guerra fria,guerra moderna,guerra no oriente m\\u00e9dio,guerra psicol\\u00f3gica,guerra tecnol\\u00f3gica,guerras da idade m\\u00e9dia,guerras do s\\u00e9culo XXI,guerras e revolu\\u00e7\\u00f5es,guerras esquecidas,guerras hist\\u00f3ricas,guerras mundiais,guerras no brasil,guerras recentes,helic\\u00f3pteros de guerra,her\\u00f3is de guerra,her\\u00f3is militares,hist\\u00f3ria b\\u00e9lica,hist\\u00f3ria da aeron\\u00e1utica,hist\\u00f3ria da guerra,hist\\u00f3ria da marinha,hist\\u00f3ria das for\\u00e7as armadas,hist\\u00f3ria das guerras,hist\\u00f3ria de soldados,hist\\u00f3ria do ex\\u00e9rcito,hist\\u00f3ria do ex\\u00e9rcito brasileiro,Hist\\u00f3ria Militar,intelig\\u00eancia militar,invas\\u00e3o do iraque,marinha brasileira,marinha dos estados unidos,marinha russa,medalha de honra,mercen\\u00e1rios,militares famosos,miss\\u00f5es de paz,miss\\u00f5es militares internacionais,opera\\u00e7\\u00f5es militares,opera\\u00e7\\u00f5es secretas,planejamento militar,primeira guerra mundial,revoltas militares,revolu\\u00e7\\u00e3o francesa,segunda guerra mundial,seguran\\u00e7a nacional,soldados brasileiros na guerra,soldados da ONU,soldados hist\\u00f3ricos,submarinos nucleares,tanques de guerra,t\\u00e1ticas de combate,t\\u00e1ticas de guerra,tecnologia militar,tecnologias de guerra,treinamentos militares,tropas de choque,tropas de elite,unidades de elite\",\"articleSection\":\"Hist\\u00f3ria Militar e Curiosidades\",\"inLanguage\":\"pt-BR\",\"potentialAction\":[{\"@type\":\"CommentAction\",\"name\":\"Comment\",\"target\":[\"https:\/\/dogtagclan.com.br\/blog\/verde-militar-o-significado-e-a-identidade-por-tras-dessa-cor\/#respond\"]}]},{\"@type\":\"Person\",\"@id\":\"https:\/\/dogtagclan.com.br\/blog\/#\/schema\/person\/b7279d930f15e2a85c89cd3b2f1d8df5\",\"name\":\"dogtagclan\",\"description\":\"\\\"A DogTagClan \\u00e9 especializada na fabrica\\u00e7\\u00e3o e personaliza\\u00e7\\u00e3o de Dog Tags, crach\\u00e1s e acess\\u00f3rios. Produzimos pe\\u00e7as em a\\u00e7o inoxid\\u00e1vel com grava\\u00e7\\u00f5es de alta precis\\u00e3o para identifica\\u00e7\\u00e3o pessoal e profissional.\\\"\",\"sameAs\":[\"https:\/\/blog.dogtagclan.com.br\",\"https:\/\/www.facebook.com\/dogtagclan\",\"https:\/\/www.instagram.com\/dogtagclan\",\"https:\/\/twitter.com\/https:\/\/x.com\/Dogtagclanclan\",\"https:\/\/www.youtube.com\/dogtagclan\"]}]}<\/script>\n<!-- \/ Yoast SEO Premium plugin. -->","_links":{"self":[{"href":"https:\/\/dogtagclan.com.br\/blog\/wp-json\/wp\/v2\/posts\/2754"}],"collection":[{"href":"https:\/\/dogtagclan.com.br\/blog\/wp-json\/wp\/v2\/posts"}],"about":[{"href":"https:\/\/dogtagclan.com.br\/blog\/wp-json\/wp\/v2\/types\/post"}],"author":[{"embeddable":true,"href":"https:\/\/dogtagclan.com.br\/blog\/wp-json\/wp\/v2\/users\/1"}],"replies":[{"embeddable":true,"href":"https:\/\/dogtagclan.com.br\/blog\/wp-json\/wp\/v2\/comments?post=2754"}],"version-history":[{"count":0,"href":"https:\/\/dogtagclan.com.br\/blog\/wp-json\/wp\/v2\/posts\/2754\/revisions"}],"wp:featuredmedia":[{"embeddable":true,"href":"https:\/\/dogtagclan.com.br\/blog\/wp-json\/wp\/v2\/media\/2755"}],"wp:attachment":[{"href":"https:\/\/dogtagclan.com.br\/blog\/wp-json\/wp\/v2\/media?parent=2754"}],"wp:term":[{"taxonomy":"category","embeddable":true,"href":"https:\/\/dogtagclan.com.br\/blog\/wp-json\/wp\/v2\/categories?post=2754"},{"taxonomy":"post_tag","embeddable":true,"href":"https:\/\/dogtagclan.com.br\/blog\/wp-json\/wp\/v2\/tags?post=2754"}],"curies":[{"name":"wp","href":"https:\/\/api.w.org\/{rel}","templated":true}]}}