{"id":2680,"date":"2025-03-06T11:59:45","date_gmt":"2025-03-06T14:59:45","guid":{"rendered":"https:\/\/blog.dogtagclan.com.br\/?p=2680"},"modified":"2025-03-09T13:30:12","modified_gmt":"2025-03-09T16:30:12","slug":"porta-cracha-personalizado-e-cordao-o-novo-item-essencial-para-empresas-e-profissionais","status":"publish","type":"post","link":"https:\/\/dogtagclan.com.br\/blog\/porta-cracha-personalizado-e-cordao-o-novo-item-essencial-para-empresas-e-profissionais\/","title":{"rendered":"Porta Crach\u00e1 Personalizado e Cord\u00e3o: O Novo Item Essencial para Empresas e Profissionais!"},"content":{"rendered":"\n<p>\ud83d\udce2 <strong>Se voc\u00ea trabalha em uma empresa, hospital, hotel ou evento, j\u00e1 sabe que o crach\u00e1 \u00e9 um item indispens\u00e1vel. Mas o que realmente faz a diferen\u00e7a \u00e9 como ele \u00e9 usado!<\/strong><\/p>\n\n\n\n<figure class=\"wp-block-image size-full is-resized\"><img decoding=\"async\" width=\"1000\" height=\"1000\" src=\"https:\/\/blog.dogtagclan.com.br\/wp-content\/uploads\/2025\/03\/Sem-Titudlo-1.jpg\" alt=\"\" class=\"wp-image-2681\" style=\"width:662px;height:auto\" srcset=\"https:\/\/dogtagclan.com.br\/blog\/wp-content\/uploads\/2025\/03\/Sem-Titudlo-1.jpg 1000w, https:\/\/dogtagclan.com.br\/blog\/wp-content\/uploads\/2025\/03\/Sem-Titudlo-1-300x300.jpg 300w, https:\/\/dogtagclan.com.br\/blog\/wp-content\/uploads\/2025\/03\/Sem-Titudlo-1-150x150.jpg 150w, https:\/\/dogtagclan.com.br\/blog\/wp-content\/uploads\/2025\/03\/Sem-Titudlo-1-768x768.jpg 768w\" sizes=\"(max-width: 1000px) 100vw, 1000px\" \/><\/figure>\n\n\n\n<p>Nos \u00faltimos meses, o <strong>uso de porta crach\u00e1s personalizados e cord\u00f5es para crach\u00e1<\/strong> cresceu rapidamente. Empresas e profissionais est\u00e3o migrando para <strong>materiais mais sofisticados, como a\u00e7o inox<\/strong> e buscando <strong>fixa\u00e7\u00f5es mais pr\u00e1ticas e seguras<\/strong>, como <strong>\u00edm\u00e3s e alfinetes<\/strong>.<\/p>\n\n\n\n<p>Se voc\u00ea ainda n\u00e3o atualizou o seu crach\u00e1, <strong>agora \u00e9 o momento perfeito!<\/strong> \ud83d\ude80<\/p>\n\n\n\n<hr class=\"wp-block-separator has-alpha-channel-opacity\"\/>\n\n\n\n<h2 class=\"wp-block-heading\" id=\"h-por-que-o-porta-crach-personalizado-est-em-alta\"><strong>\ud83d\udccc Por Que o Porta Crach\u00e1 Personalizado Est\u00e1 em Alta?<\/strong><\/h2>\n\n\n\n<p>\ud83d\udcc8 <strong>Tend\u00eancia no Mercado Profissional<\/strong><\/p>\n\n\n\n<ul>\n<li>Empresas est\u00e3o investindo cada vez mais em <strong>identifica\u00e7\u00e3o profissional personalizada<\/strong>.<\/li>\n\n\n\n<li><strong>Profissionais da sa\u00fade, seguran\u00e7a e atendimento<\/strong> precisam de solu\u00e7\u00f5es mais <strong>resistentes e elegantes<\/strong>.<\/li>\n\n\n\n<li>Eventos corporativos exigem <strong>crach\u00e1s diferenciados<\/strong>, que transmitam credibilidade e profissionalismo.<\/li>\n<\/ul>\n\n\n\n<p>\u2705 <strong>Principais Benef\u00edcios do Porta Crach\u00e1 Personalizado:<\/strong><br>\u2714\ufe0f <strong>Profissionalismo e Identifica\u00e7\u00e3o Visual<\/strong> \ud83d\udd1d<br>\u2714\ufe0f <strong>Durabilidade Superior com A\u00e7o Inox<\/strong> \u23f3<br>\u2714\ufe0f <strong>Op\u00e7\u00f5es de Fixa\u00e7\u00e3o: Alfinete ou \u00cdm\u00e3?<\/strong> \ud83e\udd14<br>\u2714\ufe0f <strong>Design Moderno e Personaliza\u00e7\u00e3o Completa<\/strong> \ud83c\udfa8<\/p>\n\n\n\n<figure class=\"wp-block-image size-full\"><img decoding=\"async\" width=\"500\" height=\"500\" src=\"https:\/\/blog.dogtagclan.com.br\/wp-content\/uploads\/2025\/03\/image.png\" alt=\"\" class=\"wp-image-2682\" srcset=\"https:\/\/dogtagclan.com.br\/blog\/wp-content\/uploads\/2025\/03\/image.png 500w, https:\/\/dogtagclan.com.br\/blog\/wp-content\/uploads\/2025\/03\/image-300x300.png 300w, https:\/\/dogtagclan.com.br\/blog\/wp-content\/uploads\/2025\/03\/image-150x150.png 150w\" sizes=\"(max-width: 500px) 100vw, 500px\" \/><\/figure>\n\n\n\n<hr class=\"wp-block-separator has-alpha-channel-opacity\"\/>\n\n\n\n<h2 class=\"wp-block-heading\" id=\"h-como-escolher-o-melhor-porta-crach-personalizado\"><strong>\ud83d\udca1 Como Escolher o Melhor Porta Crach\u00e1 Personalizado?<\/strong><\/h2>\n\n\n\n<p>\ud83d\udd39 <strong>Material:<\/strong> A\u00e7o inox, PVC ou couro \u2013 qual \u00e9 o melhor para voc\u00ea?<br>\ud83d\udd39 <strong>Fixa\u00e7\u00e3o:<\/strong> Prefere um crach\u00e1 fixo com <strong>alfinete<\/strong> ou pr\u00e1tico com <strong>\u00edm\u00e3<\/strong>?<br>\ud83d\udd39 <strong>Personaliza\u00e7\u00e3o:<\/strong> Nome, logo e at\u00e9 QR Code para maior praticidade!<\/p>\n\n\n\n<p>Hoje, op\u00e7\u00f5es como <strong>broches personalizados em a\u00e7o inox com alfinete n\u00edquel<\/strong> s\u00e3o a escolha favorita de muitas empresas. Al\u00e9m de elegantes, s\u00e3o <strong>extremamente resistentes e n\u00e3o desbotam com o tempo<\/strong>.<\/p>\n\n\n\n<hr class=\"wp-block-separator has-alpha-channel-opacity\"\/>\n\n\n\n<h2 class=\"wp-block-heading\" id=\"h-onde-comprar-porta-crach-e-broches-personalizados\"><strong>\ud83d\udce2 Onde Comprar Porta Crach\u00e1 e Broches Personalizados?<\/strong><\/h2>\n\n\n\n<p>Se voc\u00ea quer um <strong>porta crach\u00e1 de qualidade premium<\/strong>, temos a solu\u00e7\u00e3o ideal para voc\u00ea! \ud83d\ude0d<\/p>\n\n\n\n<p>\ud83d\udc49 <strong><a href=\"https:\/\/dogtagclan.com.br\/departamento\/adicionais\/boton-cracha\">Acesse agora e personalize o seu!<\/a><\/strong><\/p>\n\n\n\n<p>\ud83d\ude80 <strong>Seja no escrit\u00f3rio, no atendimento ou em eventos, um porta crach\u00e1 personalizado faz toda a diferen\u00e7a na sua apresenta\u00e7\u00e3o profissional!<\/strong><\/p>\n\n\n\n<p>\ud83d\udd17 <strong>Compartilhe essa novidade com seus colegas e melhore a identidade visual do seu time!<\/strong> \ud83d\udcbc\u2728<\/p>\n\n\n\n<p>#PortaCracha #CordaoCracha #DogTagClan #CrachaProfissional #BrochePersonalizado #AcoInox<\/p>\n","protected":false},"excerpt":{"rendered":"<p>\ud83d\udce2 Se voc\u00ea trabalha em uma empresa, hospital, hotel ou evento, j\u00e1 sabe que o crach\u00e1 \u00e9 um item indispens\u00e1vel.<\/p>\n","protected":false},"author":1,"featured_media":2173,"comment_status":"open","ping_status":"open","sticky":false,"template":"","format":"standard","meta":{"footnotes":""},"categories":[554],"tags":[577,566,583,214,573,562,576,558,589,293,582,588,584,561,564,560,572,590,585,563,581,580,587,586,571,528,559,565,570,574,569,575,568,579,567,578],"yoast_head":"<!-- This site is optimized with the Yoast SEO Premium plugin v15.5 - https:\/\/yoast.com\/wordpress\/plugins\/seo\/ -->\n<title>Porta Crach\u00e1 Personalizado e Cord\u00e3o: O Novo Item Essencial para Empresas e Profissionais! | DogTagClan Blog<\/title>\n<meta name=\"description\" content=\"Se voc\u00ea trabalha em uma empresa, hospital, hotel ou evento, j\u00e1 sabe que o crach\u00e1 \u00e9 um item indispens\u00e1vel. Mas o que realmente faz a diferen\u00e7a \u00e9 como ele \u00e9 usado\" \/>\n<meta name=\"robots\" content=\"index, follow, max-snippet:-1, max-image-preview:large, max-video-preview:-1\" \/>\n<link rel=\"canonical\" href=\"https:\/\/dogtagclan.com.br\/blog\/porta-cracha-personalizado-e-cordao-o-novo-item-essencial-para-empresas-e-profissionais\/\" \/>\n<meta property=\"og:locale\" content=\"pt_BR\" \/>\n<meta property=\"og:type\" content=\"article\" \/>\n<meta property=\"og:title\" content=\"Porta Crach\u00e1 Personalizado e Cord\u00e3o: O Novo Item Essencial para Empresas e Profissionais! | DogTagClan Blog\" \/>\n<meta property=\"og:description\" content=\"Se voc\u00ea trabalha em uma empresa, hospital, hotel ou evento, j\u00e1 sabe que o crach\u00e1 \u00e9 um item indispens\u00e1vel. Mas o que realmente faz a diferen\u00e7a \u00e9 como ele \u00e9 usado\" \/>\n<meta property=\"og:url\" content=\"https:\/\/dogtagclan.com.br\/blog\/porta-cracha-personalizado-e-cordao-o-novo-item-essencial-para-empresas-e-profissionais\/\" \/>\n<meta property=\"og:site_name\" content=\"DogTagClan Blog\" \/>\n<meta property=\"article:publisher\" content=\"https:\/\/www.facebook.com\/dogtagclan\" \/>\n<meta property=\"article:author\" content=\"https:\/\/www.facebook.com\/dogtagclan\" \/>\n<meta property=\"article:published_time\" content=\"2025-03-06T14:59:45+00:00\" \/>\n<meta property=\"article:modified_time\" content=\"2025-03-09T16:30:12+00:00\" \/>\n<meta property=\"og:image\" content=\"https:\/\/dogtagclan.com.br\/blog\/wp-content\/uploads\/2024\/12\/crascha.jpg\" \/>\n\t<meta property=\"og:image:width\" content=\"500\" \/>\n\t<meta property=\"og:image:height\" content=\"500\" \/>\n<meta name=\"twitter:card\" content=\"summary_large_image\" \/>\n<meta name=\"twitter:creator\" content=\"@https:\/\/x.com\/Dogtagclanclan\" \/>\n<meta name=\"twitter:label1\" content=\"Est. tempo de leitura\">\n\t<meta name=\"twitter:data1\" content=\"1 minuto\">\n<script type=\"application\/ld+json\" class=\"yoast-schema-graph\">{\"@context\":\"https:\/\/schema.org\",\"@graph\":[{\"@type\":\"Organization\",\"@id\":\"https:\/\/dogtagclan.com.br\/blog\/#organization\",\"name\":\"DogTagClan | Dog Tags, Crach\\u00e1s e Acess\\u00f3rios Personalizados\",\"url\":\"https:\/\/dogtagclan.com.br\/blog\/\",\"sameAs\":[\"https:\/\/www.facebook.com\/dogtagclan\"],\"logo\":{\"@type\":\"ImageObject\",\"@id\":\"https:\/\/dogtagclan.com.br\/blog\/#logo\",\"inLanguage\":\"pt-BR\",\"url\":\"https:\/\/dogtagclan.com.br\/blog\/wp-content\/uploads\/2023\/02\/cropped-doftagclan-logo.png\",\"width\":250,\"height\":140,\"caption\":\"DogTagClan | Dog Tags, Crach\\u00e1s e Acess\\u00f3rios Personalizados\"},\"image\":{\"@id\":\"https:\/\/dogtagclan.com.br\/blog\/#logo\"}},{\"@type\":\"WebSite\",\"@id\":\"https:\/\/dogtagclan.com.br\/blog\/#website\",\"url\":\"https:\/\/dogtagclan.com.br\/blog\/\",\"name\":\"DogTagClan Blog\",\"description\":\"A gente faz, do seu Jeito\",\"publisher\":{\"@id\":\"https:\/\/dogtagclan.com.br\/blog\/#organization\"},\"potentialAction\":[{\"@type\":\"SearchAction\",\"target\":\"https:\/\/dogtagclan.com.br\/blog\/?s={search_term_string}\",\"query-input\":\"required name=search_term_string\"}],\"inLanguage\":\"pt-BR\"},{\"@type\":\"ImageObject\",\"@id\":\"https:\/\/dogtagclan.com.br\/blog\/porta-cracha-personalizado-e-cordao-o-novo-item-essencial-para-empresas-e-profissionais\/#primaryimage\",\"inLanguage\":\"pt-BR\",\"url\":\"https:\/\/dogtagclan.com.br\/blog\/wp-content\/uploads\/2024\/12\/crascha.jpg\",\"width\":500,\"height\":500},{\"@type\":\"WebPage\",\"@id\":\"https:\/\/dogtagclan.com.br\/blog\/porta-cracha-personalizado-e-cordao-o-novo-item-essencial-para-empresas-e-profissionais\/#webpage\",\"url\":\"https:\/\/dogtagclan.com.br\/blog\/porta-cracha-personalizado-e-cordao-o-novo-item-essencial-para-empresas-e-profissionais\/\",\"name\":\"Porta Crach\\u00e1 Personalizado e Cord\\u00e3o: O Novo Item Essencial para Empresas e Profissionais! | DogTagClan Blog\",\"isPartOf\":{\"@id\":\"https:\/\/dogtagclan.com.br\/blog\/#website\"},\"primaryImageOfPage\":{\"@id\":\"https:\/\/dogtagclan.com.br\/blog\/porta-cracha-personalizado-e-cordao-o-novo-item-essencial-para-empresas-e-profissionais\/#primaryimage\"},\"datePublished\":\"2025-03-06T14:59:45+00:00\",\"dateModified\":\"2025-03-09T16:30:12+00:00\",\"description\":\"Se voc\\u00ea trabalha em uma empresa, hospital, hotel ou evento, j\\u00e1 sabe que o crach\\u00e1 \\u00e9 um item indispens\\u00e1vel. Mas o que realmente faz a diferen\\u00e7a \\u00e9 como ele \\u00e9 usado\",\"inLanguage\":\"pt-BR\",\"potentialAction\":[{\"@type\":\"ReadAction\",\"target\":[\"https:\/\/dogtagclan.com.br\/blog\/porta-cracha-personalizado-e-cordao-o-novo-item-essencial-para-empresas-e-profissionais\/\"]}]},{\"@type\":\"Article\",\"@id\":\"https:\/\/dogtagclan.com.br\/blog\/porta-cracha-personalizado-e-cordao-o-novo-item-essencial-para-empresas-e-profissionais\/#article\",\"isPartOf\":{\"@id\":\"https:\/\/dogtagclan.com.br\/blog\/porta-cracha-personalizado-e-cordao-o-novo-item-essencial-para-empresas-e-profissionais\/#webpage\"},\"author\":{\"@id\":\"https:\/\/dogtagclan.com.br\/blog\/#\/schema\/person\/b7279d930f15e2a85c89cd3b2f1d8df5\"},\"headline\":\"Porta Crach\\u00e1 Personalizado e Cord\\u00e3o: O Novo Item Essencial para Empresas e Profissionais!\",\"datePublished\":\"2025-03-06T14:59:45+00:00\",\"dateModified\":\"2025-03-09T16:30:12+00:00\",\"mainEntityOfPage\":{\"@id\":\"https:\/\/dogtagclan.com.br\/blog\/porta-cracha-personalizado-e-cordao-o-novo-item-essencial-para-empresas-e-profissionais\/#webpage\"},\"commentCount\":0,\"publisher\":{\"@id\":\"https:\/\/dogtagclan.com.br\/blog\/#organization\"},\"image\":{\"@id\":\"https:\/\/dogtagclan.com.br\/blog\/porta-cracha-personalizado-e-cordao-o-novo-item-essencial-para-empresas-e-profissionais\/#primaryimage\"},\"keywords\":\"autismo,broche em a\\u00e7o,broche empresarial,broche personalizado,crach\\u00e1 acessibilidade,crach\\u00e1 a\\u00e7o inox,crach\\u00e1 azul,crach\\u00e1 com alfinete,crach\\u00e1 com foto,crach\\u00e1 com im\\u00e3,crach\\u00e1 com logo,crach\\u00e1 com nome,crach\\u00e1 corporativo,crach\\u00e1 de identifica\\u00e7\\u00e3o,crach\\u00e1 dur\\u00e1vel,crach\\u00e1 empresa,crach\\u00e1 identifica\\u00e7\\u00e3o autista,crach\\u00e1 para equipe,crach\\u00e1 para escrit\\u00f3rio,crach\\u00e1 para eventos,crach\\u00e1 para funcion\\u00e1rio,crach\\u00e1 para necessidades especiais,crach\\u00e1 para recepcionista,crach\\u00e1 para seguran\\u00e7a,crach\\u00e1 para TEA,crach\\u00e1 personalizado,crach\\u00e1 profissional,crach\\u00e1 sublimado,crach\\u00e1 TEA,crach\\u00e1 TEA personalizado,identifica\\u00e7\\u00e3o autismo,identifica\\u00e7\\u00e3o para autistas,identifica\\u00e7\\u00e3o profissional. crach\\u00e1 autista,inclus\\u00e3o autista,personaliza\\u00e7\\u00e3o de crach\\u00e1,TEA\",\"articleSection\":\"Crachas e broches personalizados\",\"inLanguage\":\"pt-BR\",\"potentialAction\":[{\"@type\":\"CommentAction\",\"name\":\"Comment\",\"target\":[\"https:\/\/dogtagclan.com.br\/blog\/porta-cracha-personalizado-e-cordao-o-novo-item-essencial-para-empresas-e-profissionais\/#respond\"]}]},{\"@type\":\"Person\",\"@id\":\"https:\/\/dogtagclan.com.br\/blog\/#\/schema\/person\/b7279d930f15e2a85c89cd3b2f1d8df5\",\"name\":\"dogtagclan\",\"description\":\"\\\"A DogTagClan \\u00e9 especializada na fabrica\\u00e7\\u00e3o e personaliza\\u00e7\\u00e3o de Dog Tags, crach\\u00e1s e acess\\u00f3rios. Produzimos pe\\u00e7as em a\\u00e7o inoxid\\u00e1vel com grava\\u00e7\\u00f5es de alta precis\\u00e3o para identifica\\u00e7\\u00e3o pessoal e profissional.\\\"\",\"sameAs\":[\"https:\/\/blog.dogtagclan.com.br\",\"https:\/\/www.facebook.com\/dogtagclan\",\"https:\/\/www.instagram.com\/dogtagclan\",\"https:\/\/twitter.com\/https:\/\/x.com\/Dogtagclanclan\",\"https:\/\/www.youtube.com\/dogtagclan\"]}]}<\/script>\n<!-- \/ Yoast SEO Premium plugin. -->","_links":{"self":[{"href":"https:\/\/dogtagclan.com.br\/blog\/wp-json\/wp\/v2\/posts\/2680"}],"collection":[{"href":"https:\/\/dogtagclan.com.br\/blog\/wp-json\/wp\/v2\/posts"}],"about":[{"href":"https:\/\/dogtagclan.com.br\/blog\/wp-json\/wp\/v2\/types\/post"}],"author":[{"embeddable":true,"href":"https:\/\/dogtagclan.com.br\/blog\/wp-json\/wp\/v2\/users\/1"}],"replies":[{"embeddable":true,"href":"https:\/\/dogtagclan.com.br\/blog\/wp-json\/wp\/v2\/comments?post=2680"}],"version-history":[{"count":0,"href":"https:\/\/dogtagclan.com.br\/blog\/wp-json\/wp\/v2\/posts\/2680\/revisions"}],"wp:featuredmedia":[{"embeddable":true,"href":"https:\/\/dogtagclan.com.br\/blog\/wp-json\/wp\/v2\/media\/2173"}],"wp:attachment":[{"href":"https:\/\/dogtagclan.com.br\/blog\/wp-json\/wp\/v2\/media?parent=2680"}],"wp:term":[{"taxonomy":"category","embeddable":true,"href":"https:\/\/dogtagclan.com.br\/blog\/wp-json\/wp\/v2\/categories?post=2680"},{"taxonomy":"post_tag","embeddable":true,"href":"https:\/\/dogtagclan.com.br\/blog\/wp-json\/wp\/v2\/tags?post=2680"}],"curies":[{"name":"wp","href":"https:\/\/api.w.org\/{rel}","templated":true}]}}