{"id":2645,"date":"2025-03-04T12:02:54","date_gmt":"2025-03-04T15:02:54","guid":{"rendered":"https:\/\/blog.dogtagclan.com.br\/?p=2645"},"modified":"2025-03-09T13:36:21","modified_gmt":"2025-03-09T16:36:21","slug":"fixacao-por-ima-ou-alfinete-qual-a-melhor-opcao-para-seu-uniforme","status":"publish","type":"post","link":"https:\/\/dogtagclan.com.br\/blog\/fixacao-por-ima-ou-alfinete-qual-a-melhor-opcao-para-seu-uniforme\/","title":{"rendered":"Fixa\u00e7\u00e3o por \u00cdm\u00e3 ou Alfinete: Qual a Melhor Op\u00e7\u00e3o para Seu Uniforme?"},"content":{"rendered":"\n<p>Na hora de escolher um <strong>broche crach\u00e1 personalizado<\/strong>, um dos fatores mais importantes \u00e9 o <strong>tipo de fixa\u00e7\u00e3o<\/strong>. A decis\u00e3o entre <strong>\u00edm\u00e3 ou alfinete<\/strong> pode impactar diretamente a <strong>durabilidade do uniforme, conforto e praticidade<\/strong> no dia a dia.<\/p>\n\n\n\n<figure class=\"wp-block-image size-full\"><img decoding=\"async\" width=\"627\" height=\"537\" src=\"https:\/\/blog.dogtagclan.com.br\/wp-content\/uploads\/2024\/11\/465568852_966303285536115_8472791808170482584_n.jpg\" alt=\"\" class=\"wp-image-2115\" srcset=\"https:\/\/dogtagclan.com.br\/blog\/wp-content\/uploads\/2024\/11\/465568852_966303285536115_8472791808170482584_n.jpg 627w, https:\/\/dogtagclan.com.br\/blog\/wp-content\/uploads\/2024\/11\/465568852_966303285536115_8472791808170482584_n-300x257.jpg 300w\" sizes=\"(max-width: 627px) 100vw, 627px\" \/><\/figure>\n\n\n\n<p>Neste guia, vamos comparar as <strong>vantagens e desvantagens<\/strong> de cada fixa\u00e7\u00e3o para te ajudar a tomar a melhor decis\u00e3o!<\/p>\n\n\n\n<p>\ud83d\udd39 Para um guia completo sobre <strong>onde usar e quais as regras para o crach\u00e1 broche personalizado<\/strong>, confira nosso artigo principal:<br>\ud83d\udc49 <strong><a href=\"https:\/\/blog.dogtagclan.com.br\/cracha-broche-personalizado-onde-usar-regras-e-beneficios-para-empresas-e-profissionais\/\">Crach\u00e1 Broche Personalizado: Onde Usar, Regras e Benef\u00edcios para Empresas e Profissionais<\/a><\/strong><\/p>\n\n\n\n<hr class=\"wp-block-separator has-alpha-channel-opacity\"\/>\n\n\n\n<h2 class=\"wp-block-heading\" id=\"h-fixa-o-por-m-vantagens-e-desvantagens\"><strong>\ud83d\udccc Fixa\u00e7\u00e3o por \u00cdm\u00e3: Vantagens e Desvantagens<\/strong><\/h2>\n\n\n\n<p>\u2705 <strong>Vantagens<\/strong>:<br>\u2714 <strong>N\u00e3o fura o uniforme<\/strong> \u2013 Preserva a pe\u00e7a sem danos.<br>\u2714 <strong>F\u00e1cil de colocar e remover<\/strong> \u2013 Ideal para quem troca de uniforme com frequ\u00eancia.<br>\u2714 <strong>Mais confort\u00e1vel<\/strong> \u2013 Evita contato direto com metal ou pontas afiadas.<\/p>\n\n\n\n<p>\u274c <strong>Desvantagens<\/strong>:<br>\u2716 Pode <strong>n\u00e3o ser seguro em tecidos muito grossos<\/strong>.<br>\u2716 <strong>Menos aderente em ambientes com muito movimento<\/strong>.<\/p>\n\n\n\n<p>\ud83d\udd39 <strong>Recomendado para<\/strong>: Hot\u00e9is, recep\u00e7\u00f5es, lojas, escrit\u00f3rios e empresas onde a est\u00e9tica do uniforme precisa ser preservada.<\/p>\n\n\n\n<hr class=\"wp-block-separator has-alpha-channel-opacity\"\/>\n\n\n\n<h2 class=\"wp-block-heading\" id=\"h-fixa-o-por-alfinete-vantagens-e-desvantagens\"><strong>\ud83d\udccc Fixa\u00e7\u00e3o por Alfinete: Vantagens e Desvantagens<\/strong><\/h2>\n\n\n\n<p>\u2705 <strong>Vantagens<\/strong>:<br>\u2714 <strong>Fixa\u00e7\u00e3o mais firme<\/strong> \u2013 Ideal para <strong>tecidos mais grossos<\/strong> como aventais e jalecos.<br>\u2714 <strong>Maior durabilidade<\/strong> \u2013 Fica bem preso e n\u00e3o solta facilmente.<br>\u2714 <strong>Seguro para quem se movimenta muito no trabalho<\/strong>.<\/p>\n\n\n\n<p>\u274c <strong>Desvantagens<\/strong>:<br>\u2716 <strong>Fura o tecido<\/strong> \u2013 Pode causar pequenos danos ao uniforme ao longo do tempo.<br>\u2716 <strong>Mais dif\u00edcil de prender e remover<\/strong> \u2013 Exige mais cuidado ao colocar.<\/p>\n\n\n\n<p>\ud83d\udd39 <strong>Recomendado para<\/strong>: <strong>Aventais, jalecos, uniformes de restaurantes e \u00e1reas hospitalares<\/strong>, onde a seguran\u00e7a da fixa\u00e7\u00e3o \u00e9 essencial.<\/p>\n\n\n\n<h2 class=\"wp-block-heading\" id=\"h-saiba-tudo-sobre-broches-crach-personalizados\"><strong>\ud83d\udccc Saiba Tudo Sobre Broches Crach\u00e1 Personalizados!<\/strong><\/h2>\n\n\n\n<p>Para entender <strong>onde usar, regras e benef\u00edcios dos crach\u00e1s broche personalizados<\/strong>, confira nosso artigo pilar completo:<\/p>\n\n\n\n<p>\ud83d\udc49 <strong><a href=\"https:\/\/blog.dogtagclan.com.br\/broche-cracha-personalizado-para-uniforme-durabilidade-e-estilo-profissional\/\">Crach\u00e1 Broche Personalizado: Onde Usar, Regras e Benef\u00edcios para Empresas e Profissionais<\/a><\/strong><\/p>\n\n\n\n<hr class=\"wp-block-separator has-alpha-channel-opacity\"\/>\n\n\n\n<h2 class=\"wp-block-heading\" id=\"h-qual-a-melhor-op-o-para-seu-uniforme\"><strong>\ud83d\udccd Qual a Melhor Op\u00e7\u00e3o Para Seu Uniforme?<\/strong><\/h2>\n\n\n\n<p>\ud83d\udd39 <strong>Se o uniforme for delicado e a est\u00e9tica for importante \u2192 Escolha o \u00cdM\u00c3<\/strong>.<br>\ud83d\udd39 <strong>Se precisar de uma fixa\u00e7\u00e3o mais firme e dur\u00e1vel \u2192 Escolha o ALFINETE<\/strong>.<\/p>\n\n\n\n<p>\ud83d\udca1 <strong>Ambas as op\u00e7\u00f5es t\u00eam vantagens, e a escolha depende do uso di\u00e1rio e do tipo de uniforme da sua equipe!<\/strong><\/p>\n\n\n\n<hr class=\"wp-block-separator has-alpha-channel-opacity\"\/>\n\n\n\n<h2 class=\"wp-block-heading\" id=\"h-onde-comprar-broche-crach-personalizado-com-m-ou-alfinete\"><strong>\ud83d\uded2 Onde Comprar Broche Crach\u00e1 Personalizado com \u00cdm\u00e3 ou Alfinete?<\/strong><\/h2>\n\n\n\n<p>Na <strong>DogTagClan<\/strong>, oferecemos <strong>broches crach\u00e1 de a\u00e7o inox<\/strong> com as duas op\u00e7\u00f5es de fixa\u00e7\u00e3o para garantir <strong>conforto, seguran\u00e7a e personaliza\u00e7\u00e3o<\/strong> para sua empresa.<\/p>\n\n\n\n<p>\ud83d\udd17 <strong>Confira nossos modelos e escolha a melhor op\u00e7\u00e3o para seu uniforme:<\/strong><br>\ud83d\udc49 <a href=\"https:\/\/dogtagclan.com.br\/departamento\/adicionais\/boton-cracha\">DogTagClan &#8211; Crach\u00e1s Broche Personalizados<\/a><\/p>\n\n\n\n<p>\ud83d\udce2 <strong>Destaque sua equipe com um broche crach\u00e1 profissional e dur\u00e1vel!<\/strong> \ud83d\ude80\ud83d\udd25<\/p>\n\n\n\n<hr class=\"wp-block-separator has-alpha-channel-opacity\"\/>\n\n\n\n<p>\ud83d\udd17 <strong>Para um guia completo sobre crach\u00e1s broche personalizados, leia nosso artigo principal:<\/strong><br>\ud83d\udc49 <strong><a href=\"https:\/\/blog.dogtagclan.com.br\/cracha-broche-personalizado-onde-usar-regras-e-beneficios-para-empresas-e-profissionais\/\">Crach\u00e1 Broche Personalizado: Onde Usar, Regras e Benef\u00edcios para Empresas e Profissionais<\/a><\/strong><\/p>\n","protected":false},"excerpt":{"rendered":"<p>Na hora de escolher um broche crach\u00e1 personalizado, um dos fatores mais importantes \u00e9 o tipo de fixa\u00e7\u00e3o. A decis\u00e3o<\/p>\n","protected":false},"author":1,"featured_media":2631,"comment_status":"open","ping_status":"open","sticky":false,"template":"","format":"standard","meta":{"footnotes":""},"categories":[554],"tags":[577,566,583,214,573,562,576,558,589,293,582,588,584,561,564,560,572,590,585,563,581,580,587,586,571,528,559,565,570,574,569,575,568,579,567,578],"yoast_head":"<!-- This site is optimized with the Yoast SEO Premium plugin v15.5 - https:\/\/yoast.com\/wordpress\/plugins\/seo\/ -->\n<title>Fixa\u00e7\u00e3o por \u00cdm\u00e3 ou Alfinete: Qual a Melhor Op\u00e7\u00e3o para Seu Uniforme? | DogTagClan Blog<\/title>\n<meta name=\"description\" content=\"Na hora de escolher um broche crach\u00e1 personalizado, um dos fatores mais importantes \u00e9 o tipo de fixa\u00e7\u00e3o. A decis\u00e3o entre \u00edm\u00e3 ou alfinete pode impactar\" \/>\n<meta name=\"robots\" content=\"index, follow, max-snippet:-1, max-image-preview:large, max-video-preview:-1\" \/>\n<link rel=\"canonical\" href=\"https:\/\/dogtagclan.com.br\/blog\/fixacao-por-ima-ou-alfinete-qual-a-melhor-opcao-para-seu-uniforme\/\" \/>\n<meta property=\"og:locale\" content=\"pt_BR\" \/>\n<meta property=\"og:type\" content=\"article\" \/>\n<meta property=\"og:title\" content=\"Fixa\u00e7\u00e3o por \u00cdm\u00e3 ou Alfinete: Qual a Melhor Op\u00e7\u00e3o para Seu Uniforme? | DogTagClan Blog\" \/>\n<meta property=\"og:description\" content=\"Na hora de escolher um broche crach\u00e1 personalizado, um dos fatores mais importantes \u00e9 o tipo de fixa\u00e7\u00e3o. A decis\u00e3o entre \u00edm\u00e3 ou alfinete pode impactar\" \/>\n<meta property=\"og:url\" content=\"https:\/\/dogtagclan.com.br\/blog\/fixacao-por-ima-ou-alfinete-qual-a-melhor-opcao-para-seu-uniforme\/\" \/>\n<meta property=\"og:site_name\" content=\"DogTagClan Blog\" \/>\n<meta property=\"article:publisher\" content=\"https:\/\/www.facebook.com\/dogtagclan\" \/>\n<meta property=\"article:author\" content=\"https:\/\/www.facebook.com\/dogtagclan\" \/>\n<meta property=\"article:published_time\" content=\"2025-03-04T15:02:54+00:00\" \/>\n<meta property=\"article:modified_time\" content=\"2025-03-09T16:36:21+00:00\" \/>\n<meta property=\"og:image\" content=\"https:\/\/dogtagclan.com.br\/blog\/wp-content\/uploads\/2025\/03\/crachasss.jpg\" \/>\n\t<meta property=\"og:image:width\" content=\"500\" \/>\n\t<meta property=\"og:image:height\" content=\"500\" \/>\n<meta name=\"twitter:card\" content=\"summary_large_image\" \/>\n<meta name=\"twitter:creator\" content=\"@https:\/\/x.com\/Dogtagclanclan\" \/>\n<meta name=\"twitter:label1\" content=\"Est. tempo de leitura\">\n\t<meta name=\"twitter:data1\" content=\"2 minutos\">\n<script type=\"application\/ld+json\" class=\"yoast-schema-graph\">{\"@context\":\"https:\/\/schema.org\",\"@graph\":[{\"@type\":\"Organization\",\"@id\":\"https:\/\/dogtagclan.com.br\/blog\/#organization\",\"name\":\"DogTagClan | Dog Tags, Crach\\u00e1s e Acess\\u00f3rios Personalizados\",\"url\":\"https:\/\/dogtagclan.com.br\/blog\/\",\"sameAs\":[\"https:\/\/www.facebook.com\/dogtagclan\"],\"logo\":{\"@type\":\"ImageObject\",\"@id\":\"https:\/\/dogtagclan.com.br\/blog\/#logo\",\"inLanguage\":\"pt-BR\",\"url\":\"https:\/\/dogtagclan.com.br\/blog\/wp-content\/uploads\/2023\/02\/cropped-doftagclan-logo.png\",\"width\":250,\"height\":140,\"caption\":\"DogTagClan | Dog Tags, Crach\\u00e1s e Acess\\u00f3rios Personalizados\"},\"image\":{\"@id\":\"https:\/\/dogtagclan.com.br\/blog\/#logo\"}},{\"@type\":\"WebSite\",\"@id\":\"https:\/\/dogtagclan.com.br\/blog\/#website\",\"url\":\"https:\/\/dogtagclan.com.br\/blog\/\",\"name\":\"DogTagClan Blog\",\"description\":\"A gente faz, do seu Jeito\",\"publisher\":{\"@id\":\"https:\/\/dogtagclan.com.br\/blog\/#organization\"},\"potentialAction\":[{\"@type\":\"SearchAction\",\"target\":\"https:\/\/dogtagclan.com.br\/blog\/?s={search_term_string}\",\"query-input\":\"required name=search_term_string\"}],\"inLanguage\":\"pt-BR\"},{\"@type\":\"ImageObject\",\"@id\":\"https:\/\/dogtagclan.com.br\/blog\/fixacao-por-ima-ou-alfinete-qual-a-melhor-opcao-para-seu-uniforme\/#primaryimage\",\"inLanguage\":\"pt-BR\",\"url\":\"https:\/\/dogtagclan.com.br\/blog\/wp-content\/uploads\/2025\/03\/crachasss.jpg\",\"width\":500,\"height\":500},{\"@type\":\"WebPage\",\"@id\":\"https:\/\/dogtagclan.com.br\/blog\/fixacao-por-ima-ou-alfinete-qual-a-melhor-opcao-para-seu-uniforme\/#webpage\",\"url\":\"https:\/\/dogtagclan.com.br\/blog\/fixacao-por-ima-ou-alfinete-qual-a-melhor-opcao-para-seu-uniforme\/\",\"name\":\"Fixa\\u00e7\\u00e3o por \\u00cdm\\u00e3 ou Alfinete: Qual a Melhor Op\\u00e7\\u00e3o para Seu Uniforme? | DogTagClan Blog\",\"isPartOf\":{\"@id\":\"https:\/\/dogtagclan.com.br\/blog\/#website\"},\"primaryImageOfPage\":{\"@id\":\"https:\/\/dogtagclan.com.br\/blog\/fixacao-por-ima-ou-alfinete-qual-a-melhor-opcao-para-seu-uniforme\/#primaryimage\"},\"datePublished\":\"2025-03-04T15:02:54+00:00\",\"dateModified\":\"2025-03-09T16:36:21+00:00\",\"description\":\"Na hora de escolher um broche crach\\u00e1 personalizado, um dos fatores mais importantes \\u00e9 o tipo de fixa\\u00e7\\u00e3o. A decis\\u00e3o entre \\u00edm\\u00e3 ou alfinete pode impactar\",\"inLanguage\":\"pt-BR\",\"potentialAction\":[{\"@type\":\"ReadAction\",\"target\":[\"https:\/\/dogtagclan.com.br\/blog\/fixacao-por-ima-ou-alfinete-qual-a-melhor-opcao-para-seu-uniforme\/\"]}]},{\"@type\":\"Article\",\"@id\":\"https:\/\/dogtagclan.com.br\/blog\/fixacao-por-ima-ou-alfinete-qual-a-melhor-opcao-para-seu-uniforme\/#article\",\"isPartOf\":{\"@id\":\"https:\/\/dogtagclan.com.br\/blog\/fixacao-por-ima-ou-alfinete-qual-a-melhor-opcao-para-seu-uniforme\/#webpage\"},\"author\":{\"@id\":\"https:\/\/dogtagclan.com.br\/blog\/#\/schema\/person\/b7279d930f15e2a85c89cd3b2f1d8df5\"},\"headline\":\"Fixa\\u00e7\\u00e3o por \\u00cdm\\u00e3 ou Alfinete: Qual a Melhor Op\\u00e7\\u00e3o para Seu Uniforme?\",\"datePublished\":\"2025-03-04T15:02:54+00:00\",\"dateModified\":\"2025-03-09T16:36:21+00:00\",\"mainEntityOfPage\":{\"@id\":\"https:\/\/dogtagclan.com.br\/blog\/fixacao-por-ima-ou-alfinete-qual-a-melhor-opcao-para-seu-uniforme\/#webpage\"},\"commentCount\":0,\"publisher\":{\"@id\":\"https:\/\/dogtagclan.com.br\/blog\/#organization\"},\"image\":{\"@id\":\"https:\/\/dogtagclan.com.br\/blog\/fixacao-por-ima-ou-alfinete-qual-a-melhor-opcao-para-seu-uniforme\/#primaryimage\"},\"keywords\":\"autismo,broche em a\\u00e7o,broche empresarial,broche personalizado,crach\\u00e1 acessibilidade,crach\\u00e1 a\\u00e7o inox,crach\\u00e1 azul,crach\\u00e1 com alfinete,crach\\u00e1 com foto,crach\\u00e1 com im\\u00e3,crach\\u00e1 com logo,crach\\u00e1 com nome,crach\\u00e1 corporativo,crach\\u00e1 de identifica\\u00e7\\u00e3o,crach\\u00e1 dur\\u00e1vel,crach\\u00e1 empresa,crach\\u00e1 identifica\\u00e7\\u00e3o autista,crach\\u00e1 para equipe,crach\\u00e1 para escrit\\u00f3rio,crach\\u00e1 para eventos,crach\\u00e1 para funcion\\u00e1rio,crach\\u00e1 para necessidades especiais,crach\\u00e1 para recepcionista,crach\\u00e1 para seguran\\u00e7a,crach\\u00e1 para TEA,crach\\u00e1 personalizado,crach\\u00e1 profissional,crach\\u00e1 sublimado,crach\\u00e1 TEA,crach\\u00e1 TEA personalizado,identifica\\u00e7\\u00e3o autismo,identifica\\u00e7\\u00e3o para autistas,identifica\\u00e7\\u00e3o profissional. crach\\u00e1 autista,inclus\\u00e3o autista,personaliza\\u00e7\\u00e3o de crach\\u00e1,TEA\",\"articleSection\":\"Crachas e broches personalizados\",\"inLanguage\":\"pt-BR\",\"potentialAction\":[{\"@type\":\"CommentAction\",\"name\":\"Comment\",\"target\":[\"https:\/\/dogtagclan.com.br\/blog\/fixacao-por-ima-ou-alfinete-qual-a-melhor-opcao-para-seu-uniforme\/#respond\"]}]},{\"@type\":\"Person\",\"@id\":\"https:\/\/dogtagclan.com.br\/blog\/#\/schema\/person\/b7279d930f15e2a85c89cd3b2f1d8df5\",\"name\":\"dogtagclan\",\"description\":\"\\\"A DogTagClan \\u00e9 especializada na fabrica\\u00e7\\u00e3o e personaliza\\u00e7\\u00e3o de Dog Tags, crach\\u00e1s e acess\\u00f3rios. Produzimos pe\\u00e7as em a\\u00e7o inoxid\\u00e1vel com grava\\u00e7\\u00f5es de alta precis\\u00e3o para identifica\\u00e7\\u00e3o pessoal e profissional.\\\"\",\"sameAs\":[\"https:\/\/blog.dogtagclan.com.br\",\"https:\/\/www.facebook.com\/dogtagclan\",\"https:\/\/www.instagram.com\/dogtagclan\",\"https:\/\/twitter.com\/https:\/\/x.com\/Dogtagclanclan\",\"https:\/\/www.youtube.com\/dogtagclan\"]}]}<\/script>\n<!-- \/ Yoast SEO Premium plugin. -->","_links":{"self":[{"href":"https:\/\/dogtagclan.com.br\/blog\/wp-json\/wp\/v2\/posts\/2645"}],"collection":[{"href":"https:\/\/dogtagclan.com.br\/blog\/wp-json\/wp\/v2\/posts"}],"about":[{"href":"https:\/\/dogtagclan.com.br\/blog\/wp-json\/wp\/v2\/types\/post"}],"author":[{"embeddable":true,"href":"https:\/\/dogtagclan.com.br\/blog\/wp-json\/wp\/v2\/users\/1"}],"replies":[{"embeddable":true,"href":"https:\/\/dogtagclan.com.br\/blog\/wp-json\/wp\/v2\/comments?post=2645"}],"version-history":[{"count":0,"href":"https:\/\/dogtagclan.com.br\/blog\/wp-json\/wp\/v2\/posts\/2645\/revisions"}],"wp:featuredmedia":[{"embeddable":true,"href":"https:\/\/dogtagclan.com.br\/blog\/wp-json\/wp\/v2\/media\/2631"}],"wp:attachment":[{"href":"https:\/\/dogtagclan.com.br\/blog\/wp-json\/wp\/v2\/media?parent=2645"}],"wp:term":[{"taxonomy":"category","embeddable":true,"href":"https:\/\/dogtagclan.com.br\/blog\/wp-json\/wp\/v2\/categories?post=2645"},{"taxonomy":"post_tag","embeddable":true,"href":"https:\/\/dogtagclan.com.br\/blog\/wp-json\/wp\/v2\/tags?post=2645"}],"curies":[{"name":"wp","href":"https:\/\/api.w.org\/{rel}","templated":true}]}}