{"id":2517,"date":"2025-02-24T23:40:51","date_gmt":"2025-02-25T02:40:51","guid":{"rendered":"https:\/\/blog.dogtagclan.com.br\/?p=2517"},"modified":"2025-03-09T13:36:22","modified_gmt":"2025-03-09T16:36:22","slug":"tdah-o-que-e-o-transtorno-do-deficit-de-atencao-e-hiperatividade","status":"publish","type":"post","link":"https:\/\/dogtagclan.com.br\/blog\/tdah-o-que-e-o-transtorno-do-deficit-de-atencao-e-hiperatividade\/","title":{"rendered":"TDAH: O Que \u00c9 o Transtorno do D\u00e9ficit de Aten\u00e7\u00e3o e Hiperatividade?"},"content":{"rendered":"\n<h3 class=\"wp-block-heading\" id=\"h-o-que-o-tdah\">O Que \u00c9 o TDAH?<\/h3>\n\n\n\n<p>O <strong>Transtorno do D\u00e9ficit de Aten\u00e7\u00e3o e Hiperatividade (TDAH)<\/strong> \u00e9 um transtorno neurobiol\u00f3gico que afeta crian\u00e7as, adolescentes e adultos. Ele se caracteriza por padr\u00f5es persistentes de <strong>desaten\u00e7\u00e3o, impulsividade e hiperatividade<\/strong>, podendo impactar o desempenho acad\u00eamico, profissional e as rela\u00e7\u00f5es interpessoais.<\/p>\n\n\n\n<h3 class=\"wp-block-heading\" id=\"h-principais-sintomas-do-tdah\">Principais Sintomas do TDAH<\/h3>\n\n\n\n<figure class=\"wp-block-image size-full\"><a href=\"https:\/\/dogtagclan.com.br\/departamento\/adicionais\/crachas-de-identificacao\"><img decoding=\"async\" width=\"500\" height=\"500\" src=\"https:\/\/blog.dogtagclan.com.br\/wp-content\/uploads\/2025\/02\/PERSONALIZACAO-xxxx1.jpg\" alt=\"\" class=\"wp-image-2513\" srcset=\"https:\/\/dogtagclan.com.br\/blog\/wp-content\/uploads\/2025\/02\/PERSONALIZACAO-xxxx1.jpg 500w, https:\/\/dogtagclan.com.br\/blog\/wp-content\/uploads\/2025\/02\/PERSONALIZACAO-xxxx1-300x300.jpg 300w, https:\/\/dogtagclan.com.br\/blog\/wp-content\/uploads\/2025\/02\/PERSONALIZACAO-xxxx1-150x150.jpg 150w\" sizes=\"(max-width: 500px) 100vw, 500px\" \/><\/a><\/figure>\n\n\n\n<p>O TDAH pode se manifestar de diferentes formas, sendo dividido em tr\u00eas subtipos principais:<\/p>\n\n\n\n<p>\ud83d\udd39 <strong>Predominantemente Desatento<\/strong> \u2013 Dificuldade de concentra\u00e7\u00e3o, distra\u00e7\u00e3o f\u00e1cil e esquecimento frequente.<br>\ud83d\udd39 <strong>Predominantemente Hiperativo-Impulsivo<\/strong> \u2013 Agita\u00e7\u00e3o excessiva, dificuldade de esperar turnos e impulsividade.<br>\ud83d\udd39 <strong>Combinado<\/strong> \u2013 Uma mistura de sintomas de desaten\u00e7\u00e3o e hiperatividade.<\/p>\n\n\n\n<h3 class=\"wp-block-heading\" id=\"h-causas-e-diagn-stico-do-tdah\">Causas e Diagn\u00f3stico do TDAH<\/h3>\n\n\n\n<p>As causas do TDAH ainda n\u00e3o s\u00e3o completamente compreendidas, mas estudos indicam que ele tem um <strong>forte componente gen\u00e9tico e neurol\u00f3gico<\/strong>. O diagn\u00f3stico \u00e9 realizado por profissionais da sa\u00fade mental, como <strong>neurologistas, psiquiatras e psic\u00f3logos<\/strong>, baseando-se em crit\u00e9rios cl\u00ednicos estabelecidos pelo <strong>DSM-5<\/strong> e <strong>CID-10<\/strong>.<\/p>\n\n\n\n<h3 class=\"wp-block-heading\" id=\"h-impactos-do-tdah-na-vida-cotidiana\">Impactos do TDAH na Vida Cotidiana<\/h3>\n\n\n\n<p>O TDAH pode afetar diversas \u00e1reas da vida: \u2714 <strong>Na escola<\/strong> \u2013 Dificuldade em manter a aten\u00e7\u00e3o e concluir tarefas.<br>\u2714 <strong>No trabalho<\/strong> \u2013 Problemas de organiza\u00e7\u00e3o e gest\u00e3o do tempo.<br>\u2714 <strong>Na vida social<\/strong> \u2013 Impulsividade e dificuldades em rela\u00e7\u00f5es interpessoais.<br>\u2714 <strong>Na autoimagem<\/strong> \u2013 Baixa autoestima devido a desafios acad\u00eamicos e sociais.<\/p>\n\n\n\n<h3 class=\"wp-block-heading\" id=\"h-tratamento-e-manejo-do-tdah\">Tratamento e Manejo do TDAH<\/h3>\n\n\n\n<p>O tratamento do TDAH pode incluir uma combina\u00e7\u00e3o de abordagens: \u2705 <strong>Psicoterapia<\/strong> \u2013 T\u00e9cnicas como Terapia Cognitivo-Comportamental ajudam no controle de impulsos e desenvolvimento de estrat\u00e9gias de organiza\u00e7\u00e3o.<br>\u2705 <strong>Medica\u00e7\u00e3o<\/strong> \u2013 Em alguns casos, s\u00e3o prescritos medicamentos estimulantes (como a <strong>Ritalina<\/strong> e o <strong>Venvanse<\/strong>) ou n\u00e3o estimulantes.<br>\u2705 <strong>Interven\u00e7\u00f5es Educacionais<\/strong> \u2013 Adapta\u00e7\u00f5es escolares e suporte pedag\u00f3gico podem ajudar no aprendizado.<br>\u2705 <strong>Mudan\u00e7as no Estilo de Vida<\/strong> \u2013 Boa alimenta\u00e7\u00e3o, sono regulado e pr\u00e1ticas de atividades f\u00edsicas auxiliam na melhoria dos sintomas.<\/p>\n\n\n\n<h3 class=\"wp-block-heading\" id=\"h-crach-de-identifica-o-para-crian-as-com-tdah\">Crach\u00e1 de Identifica\u00e7\u00e3o para Crian\u00e7as com TDAH<\/h3>\n\n\n\n<p>Para crian\u00e7as com TDAH, o uso de um <strong>crach\u00e1 de identifica\u00e7\u00e3o<\/strong> pode ser um diferencial na rotina escolar e em espa\u00e7os p\u00fablicos. O crach\u00e1 personalizado inclui: \ud83d\udd39 <strong>Nome e Contato de Emerg\u00eancia<\/strong><br>\ud83d\udd39 <strong>QR Code com informa\u00e7\u00f5es adicionais<\/strong><br>\ud83d\udd39 <strong>Cord\u00e3o seguro com trava anti-sufocamento<\/strong><br>\ud83d\udd39 <strong>Design pensado para facilitar a identifica\u00e7\u00e3o em situa\u00e7\u00f5es de emerg\u00eancia<\/strong><\/p>\n\n\n\n<h3 class=\"wp-block-heading\" id=\"h-conclus-o\">Conclus\u00e3o<\/h3>\n\n\n\n<p>O <strong>TDAH \u00e9 um transtorno comum, mas que pode ser manejado com o suporte adequado<\/strong>. Com o tratamento certo e estrat\u00e9gias de adapta\u00e7\u00e3o, crian\u00e7as e adultos com TDAH podem ter uma vida produtiva e equilibrada. Se voc\u00ea conhece algu\u00e9m com TDAH, compartilhe esse conte\u00fado para ajudar na conscientiza\u00e7\u00e3o!<\/p>\n\n\n\n<p>\ud83d\udd17 <a href=\"https:\/\/dogtagclan.com.br\/departamento\/adicionais\/crachas-de-identificacao\">Saiba mais e personalize seu crach\u00e1 TDAH aqui! \ud83d\ude80<\/a><\/p>\n","protected":false},"excerpt":{"rendered":"<p>O Que \u00c9 o TDAH? O Transtorno do D\u00e9ficit de Aten\u00e7\u00e3o e Hiperatividade (TDAH) \u00e9 um transtorno neurobiol\u00f3gico que afeta<\/p>\n","protected":false},"author":1,"featured_media":2518,"comment_status":"open","ping_status":"open","sticky":false,"template":"","format":"standard","meta":{"footnotes":""},"categories":[554],"tags":[577,566,583,214,573,562,576,558,589,293,582,588,584,561,564,560,572,590,585,563,581,580,587,586,571,528,559,565,570,574,569,575,568,579,567,578],"yoast_head":"<!-- This site is optimized with the Yoast SEO Premium plugin v15.5 - https:\/\/yoast.com\/wordpress\/plugins\/seo\/ -->\n<title>TDAH: O Que \u00c9 o Transtorno do D\u00e9ficit de Aten\u00e7\u00e3o e Hiperatividade? | DogTagClan Blog<\/title>\n<meta name=\"description\" content=\"O Transtorno do D\u00e9ficit de Aten\u00e7\u00e3o e Hiperatividade (TDAH) \u00e9 um transtorno neurobiol\u00f3gico que afeta crian\u00e7as, adolescentes e adultos.\" \/>\n<meta name=\"robots\" content=\"index, follow, max-snippet:-1, max-image-preview:large, max-video-preview:-1\" \/>\n<link rel=\"canonical\" href=\"https:\/\/dogtagclan.com.br\/blog\/tdah-o-que-e-o-transtorno-do-deficit-de-atencao-e-hiperatividade\/\" \/>\n<meta property=\"og:locale\" content=\"pt_BR\" \/>\n<meta property=\"og:type\" content=\"article\" \/>\n<meta property=\"og:title\" content=\"TDAH: O Que \u00c9 o Transtorno do D\u00e9ficit de Aten\u00e7\u00e3o e Hiperatividade? | DogTagClan Blog\" \/>\n<meta property=\"og:description\" content=\"O Transtorno do D\u00e9ficit de Aten\u00e7\u00e3o e Hiperatividade (TDAH) \u00e9 um transtorno neurobiol\u00f3gico que afeta crian\u00e7as, adolescentes e adultos.\" \/>\n<meta property=\"og:url\" content=\"https:\/\/dogtagclan.com.br\/blog\/tdah-o-que-e-o-transtorno-do-deficit-de-atencao-e-hiperatividade\/\" \/>\n<meta property=\"og:site_name\" content=\"DogTagClan Blog\" \/>\n<meta property=\"article:publisher\" content=\"https:\/\/www.facebook.com\/dogtagclan\" \/>\n<meta property=\"article:author\" content=\"https:\/\/www.facebook.com\/dogtagclan\" \/>\n<meta property=\"article:published_time\" content=\"2025-02-25T02:40:51+00:00\" \/>\n<meta property=\"article:modified_time\" content=\"2025-03-09T16:36:22+00:00\" \/>\n<meta property=\"og:image\" content=\"https:\/\/dogtagclan.com.br\/blog\/wp-content\/uploads\/2025\/02\/PERSONALIZACAO-xxxx1-1.jpg\" \/>\n\t<meta property=\"og:image:width\" content=\"500\" \/>\n\t<meta property=\"og:image:height\" content=\"500\" \/>\n<meta name=\"twitter:card\" content=\"summary_large_image\" \/>\n<meta name=\"twitter:creator\" content=\"@https:\/\/x.com\/Dogtagclanclan\" \/>\n<meta name=\"twitter:label1\" content=\"Est. tempo de leitura\">\n\t<meta name=\"twitter:data1\" content=\"2 minutos\">\n<script type=\"application\/ld+json\" class=\"yoast-schema-graph\">{\"@context\":\"https:\/\/schema.org\",\"@graph\":[{\"@type\":\"Organization\",\"@id\":\"https:\/\/dogtagclan.com.br\/blog\/#organization\",\"name\":\"DogTagClan | Dog Tags, Crach\\u00e1s e Acess\\u00f3rios Personalizados\",\"url\":\"https:\/\/dogtagclan.com.br\/blog\/\",\"sameAs\":[\"https:\/\/www.facebook.com\/dogtagclan\"],\"logo\":{\"@type\":\"ImageObject\",\"@id\":\"https:\/\/dogtagclan.com.br\/blog\/#logo\",\"inLanguage\":\"pt-BR\",\"url\":\"https:\/\/dogtagclan.com.br\/blog\/wp-content\/uploads\/2023\/02\/cropped-doftagclan-logo.png\",\"width\":250,\"height\":140,\"caption\":\"DogTagClan | Dog Tags, Crach\\u00e1s e Acess\\u00f3rios Personalizados\"},\"image\":{\"@id\":\"https:\/\/dogtagclan.com.br\/blog\/#logo\"}},{\"@type\":\"WebSite\",\"@id\":\"https:\/\/dogtagclan.com.br\/blog\/#website\",\"url\":\"https:\/\/dogtagclan.com.br\/blog\/\",\"name\":\"DogTagClan Blog\",\"description\":\"A gente faz, do seu Jeito\",\"publisher\":{\"@id\":\"https:\/\/dogtagclan.com.br\/blog\/#organization\"},\"potentialAction\":[{\"@type\":\"SearchAction\",\"target\":\"https:\/\/dogtagclan.com.br\/blog\/?s={search_term_string}\",\"query-input\":\"required name=search_term_string\"}],\"inLanguage\":\"pt-BR\"},{\"@type\":\"ImageObject\",\"@id\":\"https:\/\/dogtagclan.com.br\/blog\/tdah-o-que-e-o-transtorno-do-deficit-de-atencao-e-hiperatividade\/#primaryimage\",\"inLanguage\":\"pt-BR\",\"url\":\"https:\/\/dogtagclan.com.br\/blog\/wp-content\/uploads\/2025\/02\/PERSONALIZACAO-xxxx1-1.jpg\",\"width\":500,\"height\":500},{\"@type\":\"WebPage\",\"@id\":\"https:\/\/dogtagclan.com.br\/blog\/tdah-o-que-e-o-transtorno-do-deficit-de-atencao-e-hiperatividade\/#webpage\",\"url\":\"https:\/\/dogtagclan.com.br\/blog\/tdah-o-que-e-o-transtorno-do-deficit-de-atencao-e-hiperatividade\/\",\"name\":\"TDAH: O Que \\u00c9 o Transtorno do D\\u00e9ficit de Aten\\u00e7\\u00e3o e Hiperatividade? | DogTagClan Blog\",\"isPartOf\":{\"@id\":\"https:\/\/dogtagclan.com.br\/blog\/#website\"},\"primaryImageOfPage\":{\"@id\":\"https:\/\/dogtagclan.com.br\/blog\/tdah-o-que-e-o-transtorno-do-deficit-de-atencao-e-hiperatividade\/#primaryimage\"},\"datePublished\":\"2025-02-25T02:40:51+00:00\",\"dateModified\":\"2025-03-09T16:36:22+00:00\",\"description\":\"O Transtorno do D\\u00e9ficit de Aten\\u00e7\\u00e3o e Hiperatividade (TDAH) \\u00e9 um transtorno neurobiol\\u00f3gico que afeta crian\\u00e7as, adolescentes e adultos.\",\"inLanguage\":\"pt-BR\",\"potentialAction\":[{\"@type\":\"ReadAction\",\"target\":[\"https:\/\/dogtagclan.com.br\/blog\/tdah-o-que-e-o-transtorno-do-deficit-de-atencao-e-hiperatividade\/\"]}]},{\"@type\":\"Article\",\"@id\":\"https:\/\/dogtagclan.com.br\/blog\/tdah-o-que-e-o-transtorno-do-deficit-de-atencao-e-hiperatividade\/#article\",\"isPartOf\":{\"@id\":\"https:\/\/dogtagclan.com.br\/blog\/tdah-o-que-e-o-transtorno-do-deficit-de-atencao-e-hiperatividade\/#webpage\"},\"author\":{\"@id\":\"https:\/\/dogtagclan.com.br\/blog\/#\/schema\/person\/b7279d930f15e2a85c89cd3b2f1d8df5\"},\"headline\":\"TDAH: O Que \\u00c9 o Transtorno do D\\u00e9ficit de Aten\\u00e7\\u00e3o e Hiperatividade?\",\"datePublished\":\"2025-02-25T02:40:51+00:00\",\"dateModified\":\"2025-03-09T16:36:22+00:00\",\"mainEntityOfPage\":{\"@id\":\"https:\/\/dogtagclan.com.br\/blog\/tdah-o-que-e-o-transtorno-do-deficit-de-atencao-e-hiperatividade\/#webpage\"},\"commentCount\":0,\"publisher\":{\"@id\":\"https:\/\/dogtagclan.com.br\/blog\/#organization\"},\"image\":{\"@id\":\"https:\/\/dogtagclan.com.br\/blog\/tdah-o-que-e-o-transtorno-do-deficit-de-atencao-e-hiperatividade\/#primaryimage\"},\"keywords\":\"autismo,broche em a\\u00e7o,broche empresarial,broche personalizado,crach\\u00e1 acessibilidade,crach\\u00e1 a\\u00e7o inox,crach\\u00e1 azul,crach\\u00e1 com alfinete,crach\\u00e1 com foto,crach\\u00e1 com im\\u00e3,crach\\u00e1 com logo,crach\\u00e1 com nome,crach\\u00e1 corporativo,crach\\u00e1 de identifica\\u00e7\\u00e3o,crach\\u00e1 dur\\u00e1vel,crach\\u00e1 empresa,crach\\u00e1 identifica\\u00e7\\u00e3o autista,crach\\u00e1 para equipe,crach\\u00e1 para escrit\\u00f3rio,crach\\u00e1 para eventos,crach\\u00e1 para funcion\\u00e1rio,crach\\u00e1 para necessidades especiais,crach\\u00e1 para recepcionista,crach\\u00e1 para seguran\\u00e7a,crach\\u00e1 para TEA,crach\\u00e1 personalizado,crach\\u00e1 profissional,crach\\u00e1 sublimado,crach\\u00e1 TEA,crach\\u00e1 TEA personalizado,identifica\\u00e7\\u00e3o autismo,identifica\\u00e7\\u00e3o para autistas,identifica\\u00e7\\u00e3o profissional. crach\\u00e1 autista,inclus\\u00e3o autista,personaliza\\u00e7\\u00e3o de crach\\u00e1,TEA\",\"articleSection\":\"Crachas e broches personalizados\",\"inLanguage\":\"pt-BR\",\"potentialAction\":[{\"@type\":\"CommentAction\",\"name\":\"Comment\",\"target\":[\"https:\/\/dogtagclan.com.br\/blog\/tdah-o-que-e-o-transtorno-do-deficit-de-atencao-e-hiperatividade\/#respond\"]}]},{\"@type\":\"Person\",\"@id\":\"https:\/\/dogtagclan.com.br\/blog\/#\/schema\/person\/b7279d930f15e2a85c89cd3b2f1d8df5\",\"name\":\"dogtagclan\",\"description\":\"\\\"A DogTagClan \\u00e9 especializada na fabrica\\u00e7\\u00e3o e personaliza\\u00e7\\u00e3o de Dog Tags, crach\\u00e1s e acess\\u00f3rios. Produzimos pe\\u00e7as em a\\u00e7o inoxid\\u00e1vel com grava\\u00e7\\u00f5es de alta precis\\u00e3o para identifica\\u00e7\\u00e3o pessoal e profissional.\\\"\",\"sameAs\":[\"https:\/\/blog.dogtagclan.com.br\",\"https:\/\/www.facebook.com\/dogtagclan\",\"https:\/\/www.instagram.com\/dogtagclan\",\"https:\/\/twitter.com\/https:\/\/x.com\/Dogtagclanclan\",\"https:\/\/www.youtube.com\/dogtagclan\"]}]}<\/script>\n<!-- \/ Yoast SEO Premium plugin. -->","_links":{"self":[{"href":"https:\/\/dogtagclan.com.br\/blog\/wp-json\/wp\/v2\/posts\/2517"}],"collection":[{"href":"https:\/\/dogtagclan.com.br\/blog\/wp-json\/wp\/v2\/posts"}],"about":[{"href":"https:\/\/dogtagclan.com.br\/blog\/wp-json\/wp\/v2\/types\/post"}],"author":[{"embeddable":true,"href":"https:\/\/dogtagclan.com.br\/blog\/wp-json\/wp\/v2\/users\/1"}],"replies":[{"embeddable":true,"href":"https:\/\/dogtagclan.com.br\/blog\/wp-json\/wp\/v2\/comments?post=2517"}],"version-history":[{"count":0,"href":"https:\/\/dogtagclan.com.br\/blog\/wp-json\/wp\/v2\/posts\/2517\/revisions"}],"wp:featuredmedia":[{"embeddable":true,"href":"https:\/\/dogtagclan.com.br\/blog\/wp-json\/wp\/v2\/media\/2518"}],"wp:attachment":[{"href":"https:\/\/dogtagclan.com.br\/blog\/wp-json\/wp\/v2\/media?parent=2517"}],"wp:term":[{"taxonomy":"category","embeddable":true,"href":"https:\/\/dogtagclan.com.br\/blog\/wp-json\/wp\/v2\/categories?post=2517"},{"taxonomy":"post_tag","embeddable":true,"href":"https:\/\/dogtagclan.com.br\/blog\/wp-json\/wp\/v2\/tags?post=2517"}],"curies":[{"name":"wp","href":"https:\/\/api.w.org\/{rel}","templated":true}]}}