{"id":2039,"date":"2024-08-15T12:20:03","date_gmt":"2024-08-15T15:20:03","guid":{"rendered":"https:\/\/blog.dogtagclan.com.br\/?p=2039"},"modified":"2025-03-30T16:59:08","modified_gmt":"2025-03-30T19:59:08","slug":"eternizacao-de-maternidade-como-preservar-o-coto-umbilical-e-a-foto-do-seu-bebe-em-uma-lembranca-especial","status":"publish","type":"post","link":"https:\/\/dogtagclan.com.br\/blog\/eternizacao-de-maternidade-como-preservar-o-coto-umbilical-e-a-foto-do-seu-bebe-em-uma-lembranca-especial\/","title":{"rendered":"Eterniza\u00e7\u00e3o de Maternidade: Como Preservar o Coto Umbilical e a Foto do Seu Beb\u00ea em uma Lembran\u00e7a Especial"},"content":{"rendered":"\n<h3 class=\"wp-block-heading\" id=\"h-a-chegada-de-um-beb-um-momento-inesquec-vel\">A Chegada de um Beb\u00ea: Um Momento Inesquec\u00edvel<\/h3>\n\n\n\n<p>A chegada de um beb\u00ea \u00e9, sem d\u00favida, <strong>um dos momentos mais especiais na vida de uma fam\u00edlia<\/strong>. Cada detalhe, desde o primeiro choro at\u00e9 o toque suave de suas pequenas m\u00e3os, \u00e9 uma mem\u00f3ria que os pais desejam preservar para sempre. <strong>Guardar recorda\u00e7\u00f5es<\/strong> desse momento \u00e9 mais do que uma simples lembran\u00e7a; \u00e9 uma maneira de <strong>eternizar essa alegria<\/strong> e reviver essas emo\u00e7\u00f5es por toda a vida. Uma das formas mais emocionantes e personalizadas de fazer isso \u00e9 atrav\u00e9s da <strong>eterniza\u00e7\u00e3o de maternidade<\/strong>, uma t\u00e9cnica que permite capturar a ess\u00eancia desses momentos em uma pe\u00e7a \u00fanica e duradoura.<a href=\"https:\/\/dogtagclan.com.br\/produto\/eternizacao-maternidade-com-foto-coto-umbilical-lembranca-nascimento\"> compre aqui<\/a><\/p>\n\n\n\n<figure class=\"wp-block-image size-full is-resized\"><a href=\"https:\/\/www.maisresina.com.br\/produto\/eternizacao-maternidade-foto-coto-umbilical-lembranca-nascimento\" target=\"_blank\" rel=\"noopener\"><img decoding=\"async\" width=\"500\" height=\"500\" src=\"https:\/\/blog.dogtagclan.com.br\/wp-content\/uploads\/2024\/08\/coracao.jpg\" alt=\"\" class=\"wp-image-2040\" style=\"width:141px;height:auto\" srcset=\"https:\/\/dogtagclan.com.br\/blog\/wp-content\/uploads\/2024\/08\/coracao.jpg 500w, https:\/\/dogtagclan.com.br\/blog\/wp-content\/uploads\/2024\/08\/coracao-300x300.jpg 300w, https:\/\/dogtagclan.com.br\/blog\/wp-content\/uploads\/2024\/08\/coracao-150x150.jpg 150w\" sizes=\"(max-width: 500px) 100vw, 500px\" \/><\/a><\/figure>\n\n\n\n<h3 class=\"wp-block-heading\" id=\"h-eterniza-o-de-maternidade-na-mais-resina\">Eterniza\u00e7\u00e3o de Maternidade na Mais Resina<\/h3>\n\n\n\n<p>Na <strong>Mais Resina<\/strong>, entendemos a import\u00e2ncia de preservar essas mem\u00f3rias de forma especial. Oferecemos a possibilidade de criar uma lembran\u00e7a \u00fanica que n\u00e3o apenas <strong>preserva o coto umbilical<\/strong> do seu beb\u00ea, mas tamb\u00e9m a <strong>primeira foto<\/strong>, nome, data, peso, altura e hora do nascimento. Este \u00e9 um processo que vai al\u00e9m de uma simples recorda\u00e7\u00e3o; trata-se de criar um <strong>s\u00edmbolo eterno<\/strong> do amor e da felicidade que marcaram o in\u00edcio de uma nova vida.<\/p>\n\n\n\n<h3 class=\"wp-block-heading\" id=\"h-por-que-eternizar-o-coto-umbilical\">Por Que Eternizar o Coto Umbilical?<\/h3>\n\n\n\n<p><strong>Eternizar o coto umbilical<\/strong> em resina \u00e9 uma maneira de manter para sempre uma parte f\u00edsica do v\u00ednculo entre m\u00e3e e filho. Este pequeno peda\u00e7o de tecido, que uma vez conectou o beb\u00ea ao seu mundo de nutri\u00e7\u00e3o e prote\u00e7\u00e3o dentro do \u00fatero, pode ser preservado de forma elegante e duradoura. Para aqueles que preferem uma alternativa, a <strong>grava\u00e7\u00e3o de uma foto digital<\/strong> \u00e9 igualmente emocionante, capturando aquele primeiro sorriso, o olhar doce e todas as emo\u00e7\u00f5es que cercam o nascimento.<\/p>\n\n\n\n<h3 class=\"wp-block-heading\" id=\"h-qualidade-e-personaliza-o-na-mais-resina\">Qualidade e Personaliza\u00e7\u00e3o na Mais Resina<\/h3>\n\n\n\n<p>A <strong>Mais Resina<\/strong> se especializa em criar estas pe\u00e7as com <strong>material de alta qualidade<\/strong>, garantindo que a lembran\u00e7a ser\u00e1 resistente ao tempo e manter\u00e1 sua beleza original por anos. <strong>Cada pe\u00e7a \u00e9 personalizada<\/strong>, feita sob medida para voc\u00ea, de acordo com suas prefer\u00eancias e necessidades. Isso significa que cada detalhe \u00e9 cuidadosamente pensado, desde a escolha da cor at\u00e9 o posicionamento dos dados de nascimento.<a href=\"https:\/\/dogtagclan.com.br\/produto\/eternizacao-maternidade-com-foto-coto-umbilical-lembranca-nascimento\"> compre aqui<\/a><\/p>\n\n\n\n<h3 class=\"wp-block-heading\" id=\"h-processo-de-encomenda-simples-e-conveniente\">Processo de Encomenda Simples e Conveniente<\/h3>\n\n\n\n<p>Al\u00e9m disso, o processo de encomenda \u00e9 simples e conveniente. <strong>Voc\u00ea pode enviar o coto umbilical<\/strong> fisicamente ou optar pela <strong>envio de uma foto digital<\/strong>, que \u00e9 mais r\u00e1pido e pr\u00e1tico. <strong>Gravamos cada detalhe com amor<\/strong>, assegurando que o resultado final seja uma pe\u00e7a \u00fanica e cheia de significado. <strong>Com tamanhos aproximados de 10 cm de largura por 13 cm de comprimento<\/strong>, essas pe\u00e7as s\u00e3o perfeitas para exibir em casa ou presentear algu\u00e9m especial.<\/p>\n\n\n\n<h3 class=\"wp-block-heading\" id=\"h-conclus-o-preservando-mem-rias-com-a-mais-resina\">Conclus\u00e3o: Preservando Mem\u00f3rias com a Mais Resina<\/h3>\n\n\n\n<p>Em resumo, a <strong>eterniza\u00e7\u00e3o de maternidade<\/strong> com a <strong>Mais Resina<\/strong> oferece uma maneira \u00fanica e duradoura de <strong>preservar as mem\u00f3rias do nascimento do seu beb\u00ea<\/strong>. Seja optando por preservar o coto umbilical ou gravar uma foto digital, voc\u00ea est\u00e1 criando uma lembran\u00e7a que ser\u00e1 <strong>valorizada para sempre<\/strong>. Essa pe\u00e7a n\u00e3o \u00e9 apenas um objeto; \u00e9 uma representa\u00e7\u00e3o tang\u00edvel do amor, da vida e da alegria que acompanharam a chegada do seu beb\u00ea ao mundo.<\/p>\n\n\n\n<h3 class=\"wp-block-heading\" id=\"h-1-o-que-eterniza-o-em-resina\">1. O que \u00e9 eterniza\u00e7\u00e3o em resina?<\/h3>\n\n\n\n<p><strong>Eterniza\u00e7\u00e3o em resina<\/strong> \u00e9 o processo de preservar objetos ou mem\u00f3rias especiais encapsulando-os em resina ep\u00f3xi. Esse m\u00e9todo \u00e9 amplamente utilizado para criar lembran\u00e7as duradouras, como a preserva\u00e7\u00e3o de flores, cotos umbilicais, dentes de leite, ou at\u00e9 mesmo fotos e pequenos itens sentimentais. A resina forma uma camada protetora e transparente ao redor do objeto, mantendo-o intacto e protegido ao longo do tempo, permitindo que as mem\u00f3rias fiquem preservadas para sempre.<\/p>\n\n\n\n<h3 class=\"wp-block-heading\" id=\"h-2-qual-o-valor-de-uma-eterniza-o-em-resina\">2. Qual o valor de uma eterniza\u00e7\u00e3o em resina?<\/h3>\n\n\n\n<p>O valor de uma <strong>eterniza\u00e7\u00e3o em resina<\/strong> pode variar amplamente dependendo de v\u00e1rios fatores, como o tamanho da pe\u00e7a, o tipo de objeto a ser preservado, a complexidade do design e o n\u00edvel de personaliza\u00e7\u00e3o desejado. Em geral, os pre\u00e7os podem come\u00e7ar em torno de R$100 para pe\u00e7as pequenas e simples e podem chegar a v\u00e1rios centenas de reais para projetos mais elaborados e personalizados. Para obter um or\u00e7amento mais preciso, recomendamos entrar em contato diretamente com a <strong>Mais Resina<\/strong>, onde podemos discutir suas necessidades e oferecer uma estimativa baseada no seu projeto espec\u00edfico.<\/p>\n\n\n\n<h3 class=\"wp-block-heading\" id=\"h-3-qual-resina-usar-para-fazer-uma-eterniza-o\">3. Qual resina usar para fazer uma eterniza\u00e7\u00e3o?<\/h3>\n\n\n\n<p>Para fazer uma <strong>eterniza\u00e7\u00e3o em resina<\/strong>, a <strong>mais resina<\/strong> \u00e9 a escolha mais recomendada devido \u00e0 sua durabilidade, clareza e resist\u00eancia ao amarelamento. A resina ep\u00f3xi \u00e9 ideal para preservar objetos porque cria uma camada protetora transparente que real\u00e7a a beleza e os detalhes do item encapsulado. Na <strong><a href=\"https:\/\/www.maisresina.com.br\/\" target=\"_blank\" rel=\"noopener\">Mais Resina<\/a><\/strong>, utilizamos resinas ep\u00f3xi de alta qualidade que s\u00e3o especialmente formuladas para este tipo de trabalho, garantindo um acabamento impec\u00e1vel e duradouro.<\/p>\n\n\n\n<h3 class=\"wp-block-heading\" id=\"h-4-como-fazer-uma-resina-durar-mais-tempo\">4. Como fazer uma resina durar mais tempo?<\/h3>\n\n\n\n<p>Para garantir que sua <strong>resina dure mais tempo<\/strong>, \u00e9 importante seguir algumas pr\u00e1ticas de conserva\u00e7\u00e3o:<\/p>\n\n\n\n<ul>\n<li><strong>Armazenamento Adequado<\/strong>: Mantenha a pe\u00e7a em um local seco e evite a exposi\u00e7\u00e3o prolongada \u00e0 luz solar direta, pois os raios UV podem eventualmente causar amarelamento.<\/li>\n\n\n\n<li><strong>Limpeza Regular<\/strong>: Limpe a pe\u00e7a suavemente com um pano macio e seco. Evite o uso de produtos de limpeza abrasivos que possam riscar ou danificar a superf\u00edcie da resina.<\/li>\n\n\n\n<li><strong>Prote\u00e7\u00e3o Contra Impactos<\/strong>: Embora a resina ep\u00f3xi seja resistente, \u00e9 importante proteger a pe\u00e7a contra quedas ou impactos que possam causar rachaduras.<\/li>\n<\/ul>\n\n\n\n<p>Seguindo essas dicas, sua pe\u00e7a de resina pode permanecer em perfeito estado por muitos anos, preservando suas mem\u00f3rias de forma segura e bonita.<\/p>\n","protected":false},"excerpt":{"rendered":"<p>A Chegada de um Beb\u00ea: Um Momento Inesquec\u00edvel A chegada de um beb\u00ea \u00e9, sem d\u00favida, um dos momentos mais<\/p>\n","protected":false},"author":1,"featured_media":2041,"comment_status":"open","ping_status":"open","sticky":false,"template":"","format":"standard","meta":{"footnotes":""},"categories":[11,13,12],"tags":[454,452,457,455,456,453,458],"yoast_head":"<!-- This site is optimized with the Yoast SEO Premium plugin v15.5 - https:\/\/yoast.com\/wordpress\/plugins\/seo\/ -->\n<title>Eterniza\u00e7\u00e3o de Maternidade: Como Preservar o Coto Umbilical e a Foto do Seu Beb\u00ea em uma Lembran\u00e7a Especial | DogTagClan Blog<\/title>\n<meta name=\"description\" content=\"Eternizar o coto umbilical em resina \u00e9 uma maneira de manter para sempre uma parte f\u00edsica do v\u00ednculo entre m\u00e3e e filho. Este pequeno peda\u00e7o\" \/>\n<meta name=\"robots\" content=\"index, follow, max-snippet:-1, max-image-preview:large, max-video-preview:-1\" \/>\n<link rel=\"canonical\" href=\"https:\/\/dogtagclan.com.br\/blog\/eternizacao-de-maternidade-como-preservar-o-coto-umbilical-e-a-foto-do-seu-bebe-em-uma-lembranca-especial\/\" \/>\n<meta property=\"og:locale\" content=\"pt_BR\" \/>\n<meta property=\"og:type\" content=\"article\" \/>\n<meta property=\"og:title\" content=\"Eterniza\u00e7\u00e3o de Maternidade: Como Preservar o Coto Umbilical e a Foto do Seu Beb\u00ea em uma Lembran\u00e7a Especial | DogTagClan Blog\" \/>\n<meta property=\"og:description\" content=\"Eternizar o coto umbilical em resina \u00e9 uma maneira de manter para sempre uma parte f\u00edsica do v\u00ednculo entre m\u00e3e e filho. Este pequeno peda\u00e7o\" \/>\n<meta property=\"og:url\" content=\"https:\/\/dogtagclan.com.br\/blog\/eternizacao-de-maternidade-como-preservar-o-coto-umbilical-e-a-foto-do-seu-bebe-em-uma-lembranca-especial\/\" \/>\n<meta property=\"og:site_name\" content=\"DogTagClan Blog\" \/>\n<meta property=\"article:publisher\" content=\"https:\/\/www.facebook.com\/dogtagclan\" \/>\n<meta property=\"article:author\" content=\"https:\/\/www.facebook.com\/dogtagclan\" \/>\n<meta property=\"article:published_time\" content=\"2024-08-15T15:20:03+00:00\" \/>\n<meta property=\"article:modified_time\" content=\"2025-03-30T19:59:08+00:00\" \/>\n<meta property=\"og:image\" content=\"https:\/\/dogtagclan.com.br\/blog\/wp-content\/uploads\/2024\/08\/coracao-1.jpg\" \/>\n\t<meta property=\"og:image:width\" content=\"500\" \/>\n\t<meta property=\"og:image:height\" content=\"500\" \/>\n<meta name=\"twitter:card\" content=\"summary_large_image\" \/>\n<meta name=\"twitter:creator\" content=\"@https:\/\/x.com\/Dogtagclanclan\" \/>\n<meta name=\"twitter:label1\" content=\"Est. tempo de leitura\">\n\t<meta name=\"twitter:data1\" content=\"4 minutos\">\n<script type=\"application\/ld+json\" class=\"yoast-schema-graph\">{\"@context\":\"https:\/\/schema.org\",\"@graph\":[{\"@type\":\"Organization\",\"@id\":\"https:\/\/dogtagclan.com.br\/blog\/#organization\",\"name\":\"DogTagClan | Dog Tags, Crach\\u00e1s e Acess\\u00f3rios Personalizados\",\"url\":\"https:\/\/dogtagclan.com.br\/blog\/\",\"sameAs\":[\"https:\/\/www.facebook.com\/dogtagclan\"],\"logo\":{\"@type\":\"ImageObject\",\"@id\":\"https:\/\/dogtagclan.com.br\/blog\/#logo\",\"inLanguage\":\"pt-BR\",\"url\":\"https:\/\/dogtagclan.com.br\/blog\/wp-content\/uploads\/2023\/02\/cropped-doftagclan-logo.png\",\"width\":250,\"height\":140,\"caption\":\"DogTagClan | Dog Tags, Crach\\u00e1s e Acess\\u00f3rios Personalizados\"},\"image\":{\"@id\":\"https:\/\/dogtagclan.com.br\/blog\/#logo\"}},{\"@type\":\"WebSite\",\"@id\":\"https:\/\/dogtagclan.com.br\/blog\/#website\",\"url\":\"https:\/\/dogtagclan.com.br\/blog\/\",\"name\":\"DogTagClan Blog\",\"description\":\"A gente faz, do seu Jeito\",\"publisher\":{\"@id\":\"https:\/\/dogtagclan.com.br\/blog\/#organization\"},\"potentialAction\":[{\"@type\":\"SearchAction\",\"target\":\"https:\/\/dogtagclan.com.br\/blog\/?s={search_term_string}\",\"query-input\":\"required name=search_term_string\"}],\"inLanguage\":\"pt-BR\"},{\"@type\":\"ImageObject\",\"@id\":\"https:\/\/dogtagclan.com.br\/blog\/eternizacao-de-maternidade-como-preservar-o-coto-umbilical-e-a-foto-do-seu-bebe-em-uma-lembranca-especial\/#primaryimage\",\"inLanguage\":\"pt-BR\",\"url\":\"https:\/\/dogtagclan.com.br\/blog\/wp-content\/uploads\/2024\/08\/coracao-1.jpg\",\"width\":500,\"height\":500},{\"@type\":\"WebPage\",\"@id\":\"https:\/\/dogtagclan.com.br\/blog\/eternizacao-de-maternidade-como-preservar-o-coto-umbilical-e-a-foto-do-seu-bebe-em-uma-lembranca-especial\/#webpage\",\"url\":\"https:\/\/dogtagclan.com.br\/blog\/eternizacao-de-maternidade-como-preservar-o-coto-umbilical-e-a-foto-do-seu-bebe-em-uma-lembranca-especial\/\",\"name\":\"Eterniza\\u00e7\\u00e3o de Maternidade: Como Preservar o Coto Umbilical e a Foto do Seu Beb\\u00ea em uma Lembran\\u00e7a Especial | DogTagClan Blog\",\"isPartOf\":{\"@id\":\"https:\/\/dogtagclan.com.br\/blog\/#website\"},\"primaryImageOfPage\":{\"@id\":\"https:\/\/dogtagclan.com.br\/blog\/eternizacao-de-maternidade-como-preservar-o-coto-umbilical-e-a-foto-do-seu-bebe-em-uma-lembranca-especial\/#primaryimage\"},\"datePublished\":\"2024-08-15T15:20:03+00:00\",\"dateModified\":\"2025-03-30T19:59:08+00:00\",\"description\":\"Eternizar o coto umbilical em resina \\u00e9 uma maneira de manter para sempre uma parte f\\u00edsica do v\\u00ednculo entre m\\u00e3e e filho. Este pequeno peda\\u00e7o\",\"inLanguage\":\"pt-BR\",\"potentialAction\":[{\"@type\":\"ReadAction\",\"target\":[\"https:\/\/dogtagclan.com.br\/blog\/eternizacao-de-maternidade-como-preservar-o-coto-umbilical-e-a-foto-do-seu-bebe-em-uma-lembranca-especial\/\"]}]},{\"@type\":\"Article\",\"@id\":\"https:\/\/dogtagclan.com.br\/blog\/eternizacao-de-maternidade-como-preservar-o-coto-umbilical-e-a-foto-do-seu-bebe-em-uma-lembranca-especial\/#article\",\"isPartOf\":{\"@id\":\"https:\/\/dogtagclan.com.br\/blog\/eternizacao-de-maternidade-como-preservar-o-coto-umbilical-e-a-foto-do-seu-bebe-em-uma-lembranca-especial\/#webpage\"},\"author\":{\"@id\":\"https:\/\/dogtagclan.com.br\/blog\/#\/schema\/person\/b7279d930f15e2a85c89cd3b2f1d8df5\"},\"headline\":\"Eterniza\\u00e7\\u00e3o de Maternidade: Como Preservar o Coto Umbilical e a Foto do Seu Beb\\u00ea em uma Lembran\\u00e7a Especial\",\"datePublished\":\"2024-08-15T15:20:03+00:00\",\"dateModified\":\"2025-03-30T19:59:08+00:00\",\"mainEntityOfPage\":{\"@id\":\"https:\/\/dogtagclan.com.br\/blog\/eternizacao-de-maternidade-como-preservar-o-coto-umbilical-e-a-foto-do-seu-bebe-em-uma-lembranca-especial\/#webpage\"},\"commentCount\":0,\"publisher\":{\"@id\":\"https:\/\/dogtagclan.com.br\/blog\/#organization\"},\"image\":{\"@id\":\"https:\/\/dogtagclan.com.br\/blog\/eternizacao-de-maternidade-como-preservar-o-coto-umbilical-e-a-foto-do-seu-bebe-em-uma-lembranca-especial\/#primaryimage\"},\"keywords\":\"Cora\\u00e7\\u00e3oDeResina,Cora\\u00e7\\u00e3oPersonalizado,CotoUmbilical,Eterniza\\u00e7\\u00e3oMaternidade,Lembran\\u00e7aDeNascimento,Mem\\u00f3riasDeNascimento,Mem\\u00f3riasEternas\",\"articleSection\":\"Dog tags,Novidades,\\u00daltimas\",\"inLanguage\":\"pt-BR\",\"potentialAction\":[{\"@type\":\"CommentAction\",\"name\":\"Comment\",\"target\":[\"https:\/\/dogtagclan.com.br\/blog\/eternizacao-de-maternidade-como-preservar-o-coto-umbilical-e-a-foto-do-seu-bebe-em-uma-lembranca-especial\/#respond\"]}]},{\"@type\":\"Person\",\"@id\":\"https:\/\/dogtagclan.com.br\/blog\/#\/schema\/person\/b7279d930f15e2a85c89cd3b2f1d8df5\",\"name\":\"dogtagclan\",\"description\":\"\\\"A DogTagClan \\u00e9 especializada na fabrica\\u00e7\\u00e3o e personaliza\\u00e7\\u00e3o de Dog Tags, crach\\u00e1s e acess\\u00f3rios. Produzimos pe\\u00e7as em a\\u00e7o inoxid\\u00e1vel com grava\\u00e7\\u00f5es de alta precis\\u00e3o para identifica\\u00e7\\u00e3o pessoal e profissional.\\\"\",\"sameAs\":[\"https:\/\/blog.dogtagclan.com.br\",\"https:\/\/www.facebook.com\/dogtagclan\",\"https:\/\/www.instagram.com\/dogtagclan\",\"https:\/\/twitter.com\/https:\/\/x.com\/Dogtagclanclan\",\"https:\/\/www.youtube.com\/dogtagclan\"]}]}<\/script>\n<!-- \/ Yoast SEO Premium plugin. -->","_links":{"self":[{"href":"https:\/\/dogtagclan.com.br\/blog\/wp-json\/wp\/v2\/posts\/2039"}],"collection":[{"href":"https:\/\/dogtagclan.com.br\/blog\/wp-json\/wp\/v2\/posts"}],"about":[{"href":"https:\/\/dogtagclan.com.br\/blog\/wp-json\/wp\/v2\/types\/post"}],"author":[{"embeddable":true,"href":"https:\/\/dogtagclan.com.br\/blog\/wp-json\/wp\/v2\/users\/1"}],"replies":[{"embeddable":true,"href":"https:\/\/dogtagclan.com.br\/blog\/wp-json\/wp\/v2\/comments?post=2039"}],"version-history":[{"count":0,"href":"https:\/\/dogtagclan.com.br\/blog\/wp-json\/wp\/v2\/posts\/2039\/revisions"}],"wp:featuredmedia":[{"embeddable":true,"href":"https:\/\/dogtagclan.com.br\/blog\/wp-json\/wp\/v2\/media\/2041"}],"wp:attachment":[{"href":"https:\/\/dogtagclan.com.br\/blog\/wp-json\/wp\/v2\/media?parent=2039"}],"wp:term":[{"taxonomy":"category","embeddable":true,"href":"https:\/\/dogtagclan.com.br\/blog\/wp-json\/wp\/v2\/categories?post=2039"},{"taxonomy":"post_tag","embeddable":true,"href":"https:\/\/dogtagclan.com.br\/blog\/wp-json\/wp\/v2\/tags?post=2039"}],"curies":[{"name":"wp","href":"https:\/\/api.w.org\/{rel}","templated":true}]}}